{"id":1094,"date":"2016-03-28T16:01:51","date_gmt":"2016-03-28T16:01:51","guid":{"rendered":"http:\/\/sindiquimicabr.com.br\/?p=1094"},"modified":"2016-04-04T17:57:22","modified_gmt":"2016-04-04T17:57:22","slug":"oab-entra-com-pedido-de-impeachment-de-dilma-rousseff-na-segunda-feira","status":"publish","type":"post","link":"http:\/\/sindiquimicabr.com.br\/index.php\/2016\/03\/28\/oab-entra-com-pedido-de-impeachment-de-dilma-rousseff-na-segunda-feira\/","title":{"rendered":"OAB entra com pedido de impeachment de Dilma Rousseff na segunda-feira"},"content":{"rendered":"<p><a href=\"http:\/\/sindiquimicabr.com.br\/wp\/wp-content\/uploads\/2016\/01\/dilma-rousseff-ueslei-marcelino-reuters.jpg\" rel=\"attachment wp-att-864\"><img decoding=\"async\" loading=\"lazy\" class=\"alignnone size-full wp-image-864\" src=\"http:\/\/sindiquimicabr.com.br\/wp\/wp-content\/uploads\/2016\/01\/dilma-rousseff-ueslei-marcelino-reuters.jpg\" alt=\"dilma-rousseff-ueslei-marcelino-reuters\" width=\"620\" height=\"345\" srcset=\"http:\/\/sindiquimicabr.com.br\/wp\/wp-content\/uploads\/2016\/01\/dilma-rousseff-ueslei-marcelino-reuters.jpg 620w, http:\/\/sindiquimicabr.com.br\/wp\/wp-content\/uploads\/2016\/01\/dilma-rousseff-ueslei-marcelino-reuters-300x167.jpg 300w\" sizes=\"(max-width: 620px) 100vw, 620px\" \/><\/a><\/p>\n<p>O presidente nacional da OAB, Claudio Lamachia, ir\u00e1 protocolar na segunda-feira, 28, na C\u00e2mara, o pedido de impeachment da presidente <strong>Dilma Rousseff<\/strong>.<\/p>\n<p>No pedido, Lamachia sustentar\u00e1 que a presidente cometeu crime de responsabilidade e, por isso, deve ser apeada do cargo e proibida de ocupar cargos p\u00fablicos por oito anos a partir da decis\u00e3o do Congresso.<\/p>\n<p>A representa\u00e7\u00e3o materializa a decis\u00e3o tomada na sexta-feira, 18, pelo Conselho Federal. O presidente da OAB\/DF, Juliano Costa Couto, ir\u00e1 acompanhar a entrega do pedido junto com a maioria dos conselheiros seccionais e outros advogados. Ser\u00e1 realizada concentra\u00e7\u00e3o, \u00e0s 14h, no terminal das vans do Gin\u00e1sio Nilson Nelson. De l\u00e1, os advogados seguir\u00e3o em vans para o Congresso, onde devem protocolar o pedido \u00e0s 16h30.<\/p>\n<p>Juliano Costa Couto lembra que a maioria dos conselheiros acredita que o governo n\u00e3o tem mais condi\u00e7\u00f5es pol\u00edticas de permanecer no comando do pa\u00eds.<\/p>\n<blockquote><p>\u201c<i>S\u00e3o diversas as condutas da presidente Dilma que revelam que ela se afastou dos deveres constitucionais e republicanos, e acabou cometendo atos que indicam crimes de responsabilidade que devem ser apurados no foro competente, que neste caso \u00e9 o Congresso Nacional<\/i>.\u201d<\/p><\/blockquote>\n<p>Para o presidente da OAB\/DF, al\u00e9m das chamadas pedaladas fiscais, sistema adotado pelo governo que consistiu em fazer os bancos p\u00fablicos arcar com despesas da Uni\u00e3o, as declara\u00e7\u00f5es do senador Delc\u00eddio em <a href=\"http:\/\/www.migalhas.com.br\/Quentes\/17,MI235795,61044-Ministro+Teori+homologa+delacao+premiada+de+Delcidio\" target=\"_blank\" rel=\"nofollow\">dela\u00e7\u00e3o premiada<\/a> envolvendo a presidente na Lava Jato e as <a href=\"http:\/\/www.migalhas.com.br\/Quentes\/17,MI235956,41046-Moro+divulga+grampo+de+ligacao+entre+Lula+e+Dilma\" target=\"_blank\" rel=\"nofollow\">intercepta\u00e7\u00f5es telef\u00f4nicas<\/a> divulgadas pelos meios de comunica\u00e7\u00e3o de conversas entre a presidente, o ex-presidente Lula e outras autoridades, tornaram invi\u00e1vel a continuidade do governo.<\/p>\n<p>O que se pretende, segundo o presidente da Seccional, \u00e9 passar a limpo todas as acusa\u00e7\u00f5es formuladas, com o devido respeito \u00e0s sagradas garantias do contradit\u00f3rio e da ampla defesa.<\/p>\n<p>Fonte: <a href=\"http:\/\/brunagabrielasouza.jusbrasil.com.br\/noticias\/316935849\/oab-entra-com-pedido-de-impeachment-de-dilma-rousseff-na-segunda-feira?utm_campaign=newsletter-daily_20160325_3071&amp;utm_medium=email&amp;utm_source=newsletter\" target=\"_blank\">Jusbrasil<\/a><\/p>\n","protected":false},"excerpt":{"rendered":"<p>O presidente nacional da OAB, Claudio Lamachia, ir\u00e1 protocolar na segunda-feira, 28, na C\u00e2mara, o pedido de impeachment da presidente Dilma Rousseff. No pedido, Lamachia sustentar\u00e1 que a presidente cometeu crime de responsabilidade e, por isso, deve ser apeada do cargo e proibida de ocupar cargos p\u00fablicos por oito anos a partir da decis\u00e3o do<a class=\"moretag\" href=\"http:\/\/sindiquimicabr.com.br\/index.php\/2016\/03\/28\/oab-entra-com-pedido-de-impeachment-de-dilma-rousseff-na-segunda-feira\/\"> [&#8230;]<\/a><\/p>\n","protected":false},"author":2,"featured_media":968,"comment_status":"closed","ping_status":"closed","sticky":false,"template":"","format":"standard","meta":[],"categories":[10],"tags":[],"_links":{"self":[{"href":"http:\/\/sindiquimicabr.com.br\/index.php\/wp-json\/wp\/v2\/posts\/1094"}],"collection":[{"href":"http:\/\/sindiquimicabr.com.br\/index.php\/wp-json\/wp\/v2\/posts"}],"about":[{"href":"http:\/\/sindiquimicabr.com.br\/index.php\/wp-json\/wp\/v2\/types\/post"}],"author":[{"embeddable":true,"href":"http:\/\/sindiquimicabr.com.br\/index.php\/wp-json\/wp\/v2\/users\/2"}],"replies":[{"embeddable":true,"href":"http:\/\/sindiquimicabr.com.br\/index.php\/wp-json\/wp\/v2\/comments?post=1094"}],"version-history":[{"count":1,"href":"http:\/\/sindiquimicabr.com.br\/index.php\/wp-json\/wp\/v2\/posts\/1094\/revisions"}],"predecessor-version":[{"id":1095,"href":"http:\/\/sindiquimicabr.com.br\/index.php\/wp-json\/wp\/v2\/posts\/1094\/revisions\/1095"}],"wp:featuredmedia":[{"embeddable":true,"href":"http:\/\/sindiquimicabr.com.br\/index.php\/wp-json\/wp\/v2\/media\/968"}],"wp:attachment":[{"href":"http:\/\/sindiquimicabr.com.br\/index.php\/wp-json\/wp\/v2\/media?parent=1094"}],"wp:term":[{"taxonomy":"category","embeddable":true,"href":"http:\/\/sindiquimicabr.com.br\/index.php\/wp-json\/wp\/v2\/categories?post=1094"},{"taxonomy":"post_tag","embeddable":true,"href":"http:\/\/sindiquimicabr.com.br\/index.php\/wp-json\/wp\/v2\/tags?post=1094"}],"curies":[{"name":"wp","href":"https:\/\/api.w.org\/{rel}","templated":true}]}}