{"id":11631,"date":"2021-09-29T11:12:00","date_gmt":"2021-09-29T11:12:00","guid":{"rendered":"http:\/\/sindiquimicabr.com.br\/?p=11631"},"modified":"2021-09-29T11:12:34","modified_gmt":"2021-09-29T11:12:34","slug":"ministros-do-stf-reclamam-de-campanha-de-fux-por-mendonca-e-temem-volta-do-lavajatismo","status":"publish","type":"post","link":"http:\/\/sindiquimicabr.com.br\/index.php\/2021\/09\/29\/ministros-do-stf-reclamam-de-campanha-de-fux-por-mendonca-e-temem-volta-do-lavajatismo\/","title":{"rendered":"Ministros do STF reclamam de campanha de Fux por Mendon\u00e7a e temem volta do lavajatismo"},"content":{"rendered":"<h4 class=\"news-subheadline\">Eles acreditam que Fux est\u00e1 em campanha pela aprova\u00e7\u00e3o de Mendon\u00e7a por causa do perfil lavajatista do ex-advogado-geral da Uni\u00e3o, indicado ao cargo por Jair Bolsonaro<\/h4>\n<div class=\"news-main-image \"><picture><source srcset=\"https:\/\/media-manager.noticiasaominuto.com.br\/640\/naom_5f80486772ee7.jpg\" media=\"(max-width: 640px)\" \/><source srcset=\"https:\/\/media-manager.noticiasaominuto.com.br\/960\/naom_5f80486772ee7.jpg\" media=\"(max-width: 960px)\" \/><img decoding=\"async\" class=\"img-responsive \" src=\"https:\/\/media-manager.noticiasaominuto.com.br\/1920\/naom_5f80486772ee7.jpg\" alt=\"Ministros do STF reclamam de campanha de Fux por Mendon\u00e7a e temem volta do lavajatismo\" \/> <\/picture><\/div>\n<div class=\"row\">\n<div class=\"col-lg-12 col-md-12 col-sm-6 col-xs-6\"><\/div>\n<\/div>\n<div class=\"row news-main-text-container\">\n<div class=\"col-lg-12 col-md-12 col-sm-12 col-xs-12\">\n<div class=\"news-main-text\">\n<p style=\"text-align: justify;\"><span class=\"news_capital_letter\">M<\/span>\u00d4NICA BERGAMO (FOLHAPRESS) &#8211; A press\u00e3o do presidente do Supremo Tribunal Federal (STF), Luiz Fux, para que o Senado vote a indica\u00e7\u00e3o de Andr\u00e9 Mendon\u00e7a para a Corte incomodou colegas dele no tribunal.<\/p>\n<p style=\"text-align: justify;\">Eles acreditam que Fux est\u00e1 em campanha pela aprova\u00e7\u00e3o de Mendon\u00e7a por causa do perfil lavajatista do ex-advogado-geral da Uni\u00e3o, indicado ao cargo por Jair Bolsonaro.<\/p>\n<p style=\"text-align: justify;\">Uma vez no STF, Mendon\u00e7a se uniria a magistrados derrotados para reverter o resultado de vota\u00e7\u00f5es sobre temas que representaram derrotas para a Lava Jato.<\/p>\n<p style=\"text-align: justify;\">O principal rev\u00e9s institucional para a opera\u00e7\u00e3o foi a derrota da possibilidade de pris\u00e3o depois de condena\u00e7\u00e3o em segunda inst\u00e2ncia na Justi\u00e7a. O placar foi apertado: 6 a 5. Mendon\u00e7a poderia virar o jogo.<\/p>\n<p style=\"text-align: justify;\">A outra decis\u00e3o que contrariou os lavajatistas foi a de permitir que a Justi\u00e7a Eleitoral julgue casos de corrup\u00e7\u00e3o nas elei\u00e7\u00f5es. Eles preferiam que as den\u00fancias seguissem tramitando na Justi\u00e7a Federal.<\/p>\n<p style=\"text-align: justify;\">Um dos argumentos de Fux para apressar a vota\u00e7\u00e3o no Senado \u00e9 o desfalque na composi\u00e7\u00e3o da Corte, que j\u00e1 duraria muito tempo e estaria emperrando o funcionamento do tribunal. Mendon\u00e7a foi indicado por Bolsonaro em 13 de julho -ou pouco mais de dois meses.<\/p>\n<p style=\"text-align: justify;\">No governo Dilma Rousseff, a vaga de Eros Grau, que se aposentou em agosto de 2010, ficou vaga por seis meses. O indicado para ela foi justamente Luiz Fux, depois de uma disputa acirrada nos bastidores do governo e da Justi\u00e7a.<\/p>\n<p style=\"text-align: justify;\">A assessoria do Supremo afirma que Fux &#8220;tinha como prefer\u00eancia para a Suprema Corte um juiz de carreira, do STJ. No entanto, a indica\u00e7\u00e3o \u00e9 prerrogativa do presidente da Rep\u00fablica, que escolheu Andr\u00e9 Mendon\u00e7a. Uma vez indicado, cabe ao Senado analisar. Para o ministro Fux, n\u00e3o \u00e9 bom para o pa\u00eds que a sabatina seja postergada com um nome j\u00e1 indicado. Seja para aprovar, seja para rejeitar, cabe ao Senado deliberar&#8221;.<\/p>\n<\/div>\n<\/div>\n<\/div>\n<p>Fonte: <a href=\"https:\/\/www.noticiasaominuto.com.br\/politica\/1846848\/ministros-do-stf-reclamam-de-campanha-de-fux-por-mendonca-e-temem-volta-do-lavajatismo\">Noticias ao Minuto<\/a><\/p>\n","protected":false},"excerpt":{"rendered":"<p>Eles acreditam que Fux est\u00e1 em campanha pela aprova\u00e7\u00e3o de Mendon\u00e7a por causa do perfil lavajatista do ex-advogado-geral da Uni\u00e3o, indicado ao cargo por Jair Bolsonaro M\u00d4NICA BERGAMO (FOLHAPRESS) &#8211; A press\u00e3o do presidente do Supremo Tribunal Federal (STF), Luiz Fux, para que o Senado vote a indica\u00e7\u00e3o de Andr\u00e9 Mendon\u00e7a para a Corte incomodou<a class=\"moretag\" href=\"http:\/\/sindiquimicabr.com.br\/index.php\/2021\/09\/29\/ministros-do-stf-reclamam-de-campanha-de-fux-por-mendonca-e-temem-volta-do-lavajatismo\/\"> [&#8230;]<\/a><\/p>\n","protected":false},"author":2,"featured_media":11634,"comment_status":"closed","ping_status":"closed","sticky":false,"template":"","format":"standard","meta":[],"categories":[10],"tags":[],"_links":{"self":[{"href":"http:\/\/sindiquimicabr.com.br\/index.php\/wp-json\/wp\/v2\/posts\/11631"}],"collection":[{"href":"http:\/\/sindiquimicabr.com.br\/index.php\/wp-json\/wp\/v2\/posts"}],"about":[{"href":"http:\/\/sindiquimicabr.com.br\/index.php\/wp-json\/wp\/v2\/types\/post"}],"author":[{"embeddable":true,"href":"http:\/\/sindiquimicabr.com.br\/index.php\/wp-json\/wp\/v2\/users\/2"}],"replies":[{"embeddable":true,"href":"http:\/\/sindiquimicabr.com.br\/index.php\/wp-json\/wp\/v2\/comments?post=11631"}],"version-history":[{"count":1,"href":"http:\/\/sindiquimicabr.com.br\/index.php\/wp-json\/wp\/v2\/posts\/11631\/revisions"}],"predecessor-version":[{"id":11633,"href":"http:\/\/sindiquimicabr.com.br\/index.php\/wp-json\/wp\/v2\/posts\/11631\/revisions\/11633"}],"wp:featuredmedia":[{"embeddable":true,"href":"http:\/\/sindiquimicabr.com.br\/index.php\/wp-json\/wp\/v2\/media\/11634"}],"wp:attachment":[{"href":"http:\/\/sindiquimicabr.com.br\/index.php\/wp-json\/wp\/v2\/media?parent=11631"}],"wp:term":[{"taxonomy":"category","embeddable":true,"href":"http:\/\/sindiquimicabr.com.br\/index.php\/wp-json\/wp\/v2\/categories?post=11631"},{"taxonomy":"post_tag","embeddable":true,"href":"http:\/\/sindiquimicabr.com.br\/index.php\/wp-json\/wp\/v2\/tags?post=11631"}],"curies":[{"name":"wp","href":"https:\/\/api.w.org\/{rel}","templated":true}]}}