{"id":1165,"date":"2016-04-20T11:28:55","date_gmt":"2016-04-20T11:28:55","guid":{"rendered":"http:\/\/sindiquimicabr.com.br\/?p=1165"},"modified":"2016-05-05T11:29:49","modified_gmt":"2016-05-05T11:29:49","slug":"dilma-viaja-para-ny-e-temer-assumira-a-presidencia","status":"publish","type":"post","link":"http:\/\/sindiquimicabr.com.br\/index.php\/2016\/04\/20\/dilma-viaja-para-ny-e-temer-assumira-a-presidencia\/","title":{"rendered":"Dilma viaja para NY e Temer assumir\u00e1 a presid\u00eancia"},"content":{"rendered":"<h4 class=\"headline\">Presidente vai participar da assinatura do Acordo de Paris sobre Mudan\u00e7a do Clima<\/h4>\n<p><a href=\"http:\/\/sindiquimicabr.com.br\/wp\/wp-content\/uploads\/2016\/04\/naom_5713710132fa8.jpg\" rel=\"attachment wp-att-1166\"><img decoding=\"async\" loading=\"lazy\" class=\"alignnone size-full wp-image-1166\" src=\"http:\/\/sindiquimicabr.com.br\/wp\/wp-content\/uploads\/2016\/04\/naom_5713710132fa8.jpg\" alt=\"naom_5713710132fa8\" width=\"1370\" height=\"587\" srcset=\"http:\/\/sindiquimicabr.com.br\/wp\/wp-content\/uploads\/2016\/04\/naom_5713710132fa8.jpg 1370w, http:\/\/sindiquimicabr.com.br\/wp\/wp-content\/uploads\/2016\/04\/naom_5713710132fa8-300x129.jpg 300w, http:\/\/sindiquimicabr.com.br\/wp\/wp-content\/uploads\/2016\/04\/naom_5713710132fa8-768x329.jpg 768w, http:\/\/sindiquimicabr.com.br\/wp\/wp-content\/uploads\/2016\/04\/naom_5713710132fa8-1024x439.jpg 1024w\" sizes=\"(max-width: 1370px) 100vw, 1370px\" \/><\/a><\/p>\n<p><span class=\"mainText\">A presidente Dilma resolveu participar da cerim\u00f4nia de alto n\u00edvel de assinatura de Acordo de Paris sobre Mudan\u00e7a do Clima, na Organiza\u00e7\u00e3o das Na\u00e7\u00f5es Unidas (ONU), em Nova York, permitindo que Michel Temer assuma a presid\u00eancia em sua aus\u00eancia em meio ao processo de impeachment.<\/span><\/p>\n<p><span class=\"mainText\">Dilma voltar\u00e1 ao Brasil no pr\u00f3ximo domingo, um dia antes do in\u00edcio da comiss\u00e3o do Senado que analisar\u00e1 seu afastamento. Ontem (19) a presidente voltou a criticar a postura se seu vice, do presidente da c\u00e2mara, Eduardo Cunha, e do PMDB, a quem acusa de conspira\u00e7\u00e3o. \u00a0<\/span><\/p>\n<p>Fonte: <a href=\"http:\/\/www.noticiasaominuto.com.br\/politica\/213191\/dilma-viaja-para-ny-e-temer-assumira-a-presidencia\" target=\"_blank\">Not\u00edcias ao Minuto<\/a><\/p>\n","protected":false},"excerpt":{"rendered":"<p>Presidente vai participar da assinatura do Acordo de Paris sobre Mudan\u00e7a do Clima A presidente Dilma resolveu participar da cerim\u00f4nia de alto n\u00edvel de assinatura de Acordo de Paris sobre Mudan\u00e7a do Clima, na Organiza\u00e7\u00e3o das Na\u00e7\u00f5es Unidas (ONU), em Nova York, permitindo que Michel Temer assuma a presid\u00eancia em sua aus\u00eancia em meio ao<a class=\"moretag\" href=\"http:\/\/sindiquimicabr.com.br\/index.php\/2016\/04\/20\/dilma-viaja-para-ny-e-temer-assumira-a-presidencia\/\"> [&#8230;]<\/a><\/p>\n","protected":false},"author":2,"featured_media":1166,"comment_status":"closed","ping_status":"closed","sticky":false,"template":"","format":"standard","meta":[],"categories":[9],"tags":[],"_links":{"self":[{"href":"http:\/\/sindiquimicabr.com.br\/index.php\/wp-json\/wp\/v2\/posts\/1165"}],"collection":[{"href":"http:\/\/sindiquimicabr.com.br\/index.php\/wp-json\/wp\/v2\/posts"}],"about":[{"href":"http:\/\/sindiquimicabr.com.br\/index.php\/wp-json\/wp\/v2\/types\/post"}],"author":[{"embeddable":true,"href":"http:\/\/sindiquimicabr.com.br\/index.php\/wp-json\/wp\/v2\/users\/2"}],"replies":[{"embeddable":true,"href":"http:\/\/sindiquimicabr.com.br\/index.php\/wp-json\/wp\/v2\/comments?post=1165"}],"version-history":[{"count":1,"href":"http:\/\/sindiquimicabr.com.br\/index.php\/wp-json\/wp\/v2\/posts\/1165\/revisions"}],"predecessor-version":[{"id":1167,"href":"http:\/\/sindiquimicabr.com.br\/index.php\/wp-json\/wp\/v2\/posts\/1165\/revisions\/1167"}],"wp:featuredmedia":[{"embeddable":true,"href":"http:\/\/sindiquimicabr.com.br\/index.php\/wp-json\/wp\/v2\/media\/1166"}],"wp:attachment":[{"href":"http:\/\/sindiquimicabr.com.br\/index.php\/wp-json\/wp\/v2\/media?parent=1165"}],"wp:term":[{"taxonomy":"category","embeddable":true,"href":"http:\/\/sindiquimicabr.com.br\/index.php\/wp-json\/wp\/v2\/categories?post=1165"},{"taxonomy":"post_tag","embeddable":true,"href":"http:\/\/sindiquimicabr.com.br\/index.php\/wp-json\/wp\/v2\/tags?post=1165"}],"curies":[{"name":"wp","href":"https:\/\/api.w.org\/{rel}","templated":true}]}}