{"id":11763,"date":"2021-10-06T11:12:28","date_gmt":"2021-10-06T11:12:28","guid":{"rendered":"http:\/\/sindiquimicabr.com.br\/?p=11763"},"modified":"2021-10-06T11:21:33","modified_gmt":"2021-10-06T11:21:33","slug":"virus-nao-esta-controlado-nem-pandemia-vencida-alerta-oms","status":"publish","type":"post","link":"http:\/\/sindiquimicabr.com.br\/index.php\/2021\/10\/06\/virus-nao-esta-controlado-nem-pandemia-vencida-alerta-oms\/","title":{"rendered":"V\u00edrus n\u00e3o est\u00e1 controlado nem pandemia vencida, alerta OMS"},"content":{"rendered":"<h4 class=\"news-subheadline\" style=\"text-align: justify;\">Maria Van Kerkhove lamentou tamb\u00e9m que em algumas cidades estejam saturadas as unidades de cuidados intensivos e hospitais, com pessoas morrendo, &#8220;enquanto nas ruas as pessoas se comportam como se (a epidemia) tivesse acabado completamente&#8221;<\/h4>\n<p style=\"text-align: justify;\"><a href=\"http:\/\/sindiquimicabr.com.br\/wp\/wp-content\/uploads\/2021\/10\/Virus-nao-esta-controlado-nem-pandemia-vencida-alerta-OMS.jpg\"><img decoding=\"async\" loading=\"lazy\" class=\"alignleft size-full wp-image-11767\" src=\"http:\/\/sindiquimicabr.com.br\/wp\/wp-content\/uploads\/2021\/10\/Virus-nao-esta-controlado-nem-pandemia-vencida-alerta-OMS.jpg\" alt=\"\" width=\"1920\" height=\"1080\" srcset=\"http:\/\/sindiquimicabr.com.br\/wp\/wp-content\/uploads\/2021\/10\/Virus-nao-esta-controlado-nem-pandemia-vencida-alerta-OMS.jpg 1920w, http:\/\/sindiquimicabr.com.br\/wp\/wp-content\/uploads\/2021\/10\/Virus-nao-esta-controlado-nem-pandemia-vencida-alerta-OMS-300x169.jpg 300w, http:\/\/sindiquimicabr.com.br\/wp\/wp-content\/uploads\/2021\/10\/Virus-nao-esta-controlado-nem-pandemia-vencida-alerta-OMS-1024x576.jpg 1024w, http:\/\/sindiquimicabr.com.br\/wp\/wp-content\/uploads\/2021\/10\/Virus-nao-esta-controlado-nem-pandemia-vencida-alerta-OMS-768x432.jpg 768w, http:\/\/sindiquimicabr.com.br\/wp\/wp-content\/uploads\/2021\/10\/Virus-nao-esta-controlado-nem-pandemia-vencida-alerta-OMS-1536x864.jpg 1536w\" sizes=\"(max-width: 1920px) 100vw, 1920px\" \/><\/a><\/p>\n<p style=\"text-align: justify;\"><span class=\"news_capital_letter\">A<\/span> respons\u00e1vel pela gest\u00e3o da Covid-19 na Organiza\u00e7\u00e3o Mundial de Sa\u00fade (OMS), Maria Van Kerkhove, alertou hoje que o novo coronav\u00edrus ainda n\u00e3o est\u00e1 controlado, com muitas pessoas a crerem equivocadamente que a pandemia est\u00e1 quase vencida.<\/p>\n<p style=\"text-align: justify;\">De acordo com a respons\u00e1vel, 3,1 milh\u00f5es de novas infec\u00e7\u00f5es e 54.000 mortes foram relatadas em todo o mundo na semana passada, com os n\u00fameros reais a serem provavelmente muito superiores.<\/p>\n<p style=\"text-align: justify;\">&#8220;A situa\u00e7\u00e3o \u00e9 ainda incrivelmente din\u00e2mica. E \u00e9 din\u00e2mica porque n\u00e3o temos controle sobre este v\u00edrus&#8221;, disse a epidemiologista norte-americana numa conversa ao vivo nas redes sociais da OMS.<\/p>\n<p style=\"text-align: justify;\">E acrescentou: &#8220;Ainda n\u00e3o estamos fora de perigo. Estamos completamente no meio desta pandemia. Mas onde no meio &#8230; ainda n\u00e3o sabemos, porque francamente n\u00e3o estamos a utilizar as ferramentas que temos neste momento para nos aproximarmos do fim&#8221;.<\/p>\n<p style=\"text-align: justify;\">Maria Van Kerkhove lamentou tamb\u00e9m que em algumas cidades estejam saturadas as unidades de cuidados intensivos e hospitais, com pessoas morrendo, &#8220;enquanto nas ruas as pessoas se comportam como se (a epidemia) tivesse acabado completamente&#8221;.<\/p>\n<p style=\"text-align: justify;\">A respons\u00e1vel ressaltou tamb\u00e9m que as mortes ocorreram em grande parte entre as pessoas que n\u00e3o foram vacinadas.<\/p>\n<p style=\"text-align: justify;\">Segundo os dados fornecidos pelos pa\u00edses que d\u00e3o informa\u00e7\u00f5es \u00e0 OMS &#8220;a taxa de hospitaliza\u00e7\u00e3o e de mortes \u00e9 de longe&#8221; mais elevada &#8220;entre os que n\u00e3o foram vacinados&#8221;, disse.<\/p>\n<p style=\"text-align: justify;\">Maria Van Kerkhove tamb\u00e9m lamentou a desinforma\u00e7\u00e3o e as ideias falsas que circulam na internet sobre a covid-19, acrescentando: &#8220;o resultado \u00e9 que as pessoas est\u00e3o a morrer. N\u00e3o podemos dourar isso&#8221;.<\/p>\n<p style=\"text-align: justify;\">A OMS est\u00e1 estudando como a pandemia pode evoluir nos pr\u00f3ximos tr\u00eas a 18 meses. A respons\u00e1vel disse que ainda h\u00e1 bolsas de pessoas que n\u00e3o est\u00e3o vacinadas, ou por falta de acesso a vacinas, ou porque se recusam ser vacinadas, e ainda podem vir a surgir surtos epid\u00eamicos.<\/p>\n<p style=\"text-align: justify;\">E frisou que o v\u00edrus veio para ficar. &#8220;A possibilidade de erradicar o v\u00edrus, ou mesmo de o eliminar a n\u00edvel global, perdeu-se desde o in\u00edcio. Perdeu-se porque, a n\u00edvel global, n\u00e3o atacamos este v\u00edrus t\u00e3o vigorosamente quanto poder\u00edamos&#8221;, lamentou.<\/p>\n<p style=\"text-align: justify;\">A covid-19 provocou pelo menos 4.805.049 mortes em todo o mundo, entre mais de 235,30 milh\u00f5es infec\u00e7\u00f5es pelo novo coronav\u00edrus registradas desde o in\u00edcio da pandemia, segundo o mais recente balan\u00e7o da ag\u00eancia France-Press.<\/p>\n<p style=\"text-align: justify;\">A doen\u00e7a respirat\u00f3ria \u00e9 provocada pelo coronav\u00edrus SARS-CoV-2, detetado no final de 2019 em Wuhan, cidade do centro da China, e atualmente com variantes identificadas em v\u00e1rios pa\u00edses.<\/p>\n<p style=\"text-align: justify;\">Fonte: <a href=\"https:\/\/www.noticiasaominuto.com.br\/mundo\/1848829\/virus-nao-esta-controlado-nem-pandemia-vencida-alerta-oms\" target=\"_blank\" rel=\"noopener\">Not\u00edcias ao Minuto<\/a><\/p>\n","protected":false},"excerpt":{"rendered":"<p>Maria Van Kerkhove lamentou tamb\u00e9m que em algumas cidades estejam saturadas as unidades de cuidados intensivos e hospitais, com pessoas morrendo, &#8220;enquanto nas ruas as pessoas se comportam como se (a epidemia) tivesse acabado completamente&#8221; A respons\u00e1vel pela gest\u00e3o da Covid-19 na Organiza\u00e7\u00e3o Mundial de Sa\u00fade (OMS), Maria Van Kerkhove, alertou hoje que o novo<a class=\"moretag\" href=\"http:\/\/sindiquimicabr.com.br\/index.php\/2021\/10\/06\/virus-nao-esta-controlado-nem-pandemia-vencida-alerta-oms\/\"> [&#8230;]<\/a><\/p>\n","protected":false},"author":2,"featured_media":11767,"comment_status":"closed","ping_status":"closed","sticky":false,"template":"","format":"standard","meta":[],"categories":[10],"tags":[],"_links":{"self":[{"href":"http:\/\/sindiquimicabr.com.br\/index.php\/wp-json\/wp\/v2\/posts\/11763"}],"collection":[{"href":"http:\/\/sindiquimicabr.com.br\/index.php\/wp-json\/wp\/v2\/posts"}],"about":[{"href":"http:\/\/sindiquimicabr.com.br\/index.php\/wp-json\/wp\/v2\/types\/post"}],"author":[{"embeddable":true,"href":"http:\/\/sindiquimicabr.com.br\/index.php\/wp-json\/wp\/v2\/users\/2"}],"replies":[{"embeddable":true,"href":"http:\/\/sindiquimicabr.com.br\/index.php\/wp-json\/wp\/v2\/comments?post=11763"}],"version-history":[{"count":2,"href":"http:\/\/sindiquimicabr.com.br\/index.php\/wp-json\/wp\/v2\/posts\/11763\/revisions"}],"predecessor-version":[{"id":11770,"href":"http:\/\/sindiquimicabr.com.br\/index.php\/wp-json\/wp\/v2\/posts\/11763\/revisions\/11770"}],"wp:featuredmedia":[{"embeddable":true,"href":"http:\/\/sindiquimicabr.com.br\/index.php\/wp-json\/wp\/v2\/media\/11767"}],"wp:attachment":[{"href":"http:\/\/sindiquimicabr.com.br\/index.php\/wp-json\/wp\/v2\/media?parent=11763"}],"wp:term":[{"taxonomy":"category","embeddable":true,"href":"http:\/\/sindiquimicabr.com.br\/index.php\/wp-json\/wp\/v2\/categories?post=11763"},{"taxonomy":"post_tag","embeddable":true,"href":"http:\/\/sindiquimicabr.com.br\/index.php\/wp-json\/wp\/v2\/tags?post=11763"}],"curies":[{"name":"wp","href":"https:\/\/api.w.org\/{rel}","templated":true}]}}