{"id":11948,"date":"2021-10-19T11:20:58","date_gmt":"2021-10-19T11:20:58","guid":{"rendered":"http:\/\/sindiquimicabr.com.br\/?p=11948"},"modified":"2021-10-19T11:34:21","modified_gmt":"2021-10-19T11:34:21","slug":"planalto-pressiona-guedes-na-reta-final-para-garantir-dinheiro-do-auxilio-brasil","status":"publish","type":"post","link":"http:\/\/sindiquimicabr.com.br\/index.php\/2021\/10\/19\/planalto-pressiona-guedes-na-reta-final-para-garantir-dinheiro-do-auxilio-brasil\/","title":{"rendered":"Planalto pressiona Guedes na reta final para garantir dinheiro do Aux\u00edlio Brasil"},"content":{"rendered":"<h4 class=\"news-subheadline\">Bolsonaro afirmou nesta segunda-feira que o governo dever\u00e1 resolver nesta semana detalhes sobre a extens\u00e3o do aux\u00edlio emergencial e tamb\u00e9m de medidas referentes ao pre\u00e7o do diesel no pa\u00eds<\/h4>\n<div class=\"news-main-image \"><picture><source srcset=\"https:\/\/media-manager.noticiasaominuto.com.br\/640\/naom_600f10f51a505.jpg\" media=\"(max-width: 640px)\" \/><source srcset=\"https:\/\/media-manager.noticiasaominuto.com.br\/960\/naom_600f10f51a505.jpg\" media=\"(max-width: 960px)\" \/><img decoding=\"async\" class=\"img-responsive \" src=\"https:\/\/media-manager.noticiasaominuto.com.br\/1920\/naom_600f10f51a505.jpg\" alt=\"Planalto pressiona Guedes na reta final para garantir dinheiro do Aux\u00edlio Brasil\" \/> <\/picture><\/div>\n<div class=\"row\">\n<div class=\"col-lg-12 col-md-12 col-sm-6 col-xs-6\"><\/div>\n<\/div>\n<div class=\"row news-info-container no-margin\">\n<div class=\"col-lg-6 col-md-6 col-sm-6 hidden-xs no-padding\">\n<div class=\"news-social\"><\/div>\n<\/div>\n<\/div>\n<div class=\"row news-main-text-container\">\n<div class=\"col-lg-12 col-md-12 col-sm-12 col-xs-12\">\n<div class=\"news-main-text\">\n<p style=\"text-align: justify;\"><span class=\"news_capital_letter\">(<\/span>FOLHAPRESS) &#8211; A menos de duas semanas para o fim do aux\u00edlio emergencial, o Pal\u00e1cio do Planalto aumentou a press\u00e3o sobre o ministro Paulo Guedes (Economia) por uma solu\u00e7\u00e3o para os pagamentos aos mais vulner\u00e1veis.<\/p>\n<p style=\"text-align: justify;\">O benef\u00edcio, que chega a 45 milh\u00f5es de brasileiros, acaba neste m\u00eas, assim como o Bolsa Fam\u00edlia -que ser\u00e1 substitu\u00eddo pelo Aux\u00edlio Brasil.<\/p>\n<p style=\"text-align: justify;\">Apesar de o novo programa social j\u00e1 ter fonte or\u00e7ament\u00e1ria at\u00e9 o fim do ano, a equaliza\u00e7\u00e3o a partir de janeiro continua incerta e precisa estar solucionada antes do fim do ano para n\u00e3o haver risco de infra\u00e7\u00e3o \u00e0 lei eleitoral.<\/p>\n<p style=\"text-align: justify;\">Guedes apresentou em junho a solu\u00e7\u00e3o de bancar o Aux\u00edlio Brasil no pr\u00f3ximo ano por meio do projeto do Imposto de Renda, que gera respaldo legal por meio da taxa\u00e7\u00e3o de dividendos.<\/p>\n<p style=\"text-align: justify;\">A equipe econ\u00f4mica ainda defende o plano, mas h\u00e1 d\u00favidas no governo se ser\u00e1 poss\u00edvel contar com a estrat\u00e9gia sendo que a proposta continua estacionada no Senado.<\/p>\n<p style=\"text-align: justify;\">A ala pol\u00edtica do governo credita \u00e0 equipe econ\u00f4mica a dificuldade de se encontrar uma solu\u00e7\u00e3o para o aux\u00edlio. Para ela, o ministro tem se mostrado intransigente.<\/p>\n<p style=\"text-align: justify;\">Ainda h\u00e1 uma press\u00e3o, inclusive de parlamentares, para se furar o teto e continuar pagando o mesmo valor de R$ 300 aos benefici\u00e1rios.<\/p>\n<p style=\"text-align: justify;\">Por outro lado, aliados de Guedes t\u00eam apontado que a press\u00e3o sobre o ministro tem ocorrido pela dificuldade de articula\u00e7\u00e3o no Senado.<\/p>\n<p style=\"text-align: justify;\">De acordo com essa vis\u00e3o, Guedes acaba sendo cobrado por causa de problemas da ala pol\u00edtica em fazer o plano apresentado pelo ministro avan\u00e7ar.<\/p>\n<p style=\"text-align: justify;\">O Aux\u00edlio Brasil \u00e9 considerado por interlocutores do presidente como crucial para reverter a queda da popularidade de Bolsonaro, que atingiu seu recorde, e \u00e9 visto como uma das principais bandeiras de campanha para a reelei\u00e7\u00e3o.<\/p>\n<p style=\"text-align: justify;\">Como o jornal Folha de S.Paulo mostrou no \u00faltimo dia 7, interlocutores insatisfeitos com a condu\u00e7\u00e3o do ministro t\u00eam usado a revela\u00e7\u00e3o de que Guedes mant\u00e9m empresa em para\u00edso fiscal (offshore) para aumentar a press\u00e3o e ampliar o isolamento dele no governo.<\/p>\n<p style=\"text-align: justify;\">Diante da fritura do ministro, surgiram rumores no fim de semana em Bras\u00edlia de que Guedes poderia pedir demiss\u00e3o -o que foi negado por membros da equipe econ\u00f4mica e por ministros pr\u00f3ximos a Bolsonaro.<\/p>\n<p style=\"text-align: justify;\">Ao mesmo tempo, passou a circular o nome do ex-secret\u00e1rio do Tesouro Mansueto Almeida como poss\u00edvel sucessor de Guedes.<\/p>\n<p style=\"text-align: justify;\">A interlocutores o economista-chefe do banco BTG Pactual tem negado que tenha sido sondado, mas mesmo assim mant\u00e9m conversas com o Planalto, assim como minist\u00e9rios e o Congresso.<\/p>\n<p style=\"text-align: justify;\">De acordo com um auxiliar pr\u00f3ximo do presidente, o maior fator de instabilidade para Guedes no governo \u00e9 justamente n\u00e3o encontrar uma sa\u00edda para o benef\u00edcio de assist\u00eancia social.<\/p>\n<p style=\"text-align: justify;\">O pr\u00f3prio Bolsonaro teria expressado insatisfa\u00e7\u00e3o e dito que o tema era prioridade, em sua \u00faltima reuni\u00e3o com ministros.<br \/>\nNa segunda-feira (18), t\u00e9cnicos dos minist\u00e9rios envolvidos na elabora\u00e7\u00e3o do benef\u00edcio se reuniram no Planalto para tentar encontrar uma sa\u00edda.<\/p>\n<p style=\"text-align: justify;\">Segundo interlocutores, apesar da press\u00e3o do presidente, o tema continua sem solu\u00e7\u00e3o definitiva.<\/p>\n<p style=\"text-align: justify;\">As equipes ainda trabalhavam com a proposta de Guedes de n\u00e3o prorrogar o aux\u00edlio emergencial. O objetivo era encontrar espa\u00e7o no Or\u00e7amento para um valor maior do que o Bolsa Fam\u00edlia.<\/p>\n<p style=\"text-align: justify;\">O ministro da Cidadania, Jo\u00e3o Roma, afirmou neste domingo (17) que a ideia \u00e9 que o Aux\u00edlio Brasil chegue a 17 milh\u00f5es de pessoas com um valor m\u00e9dio de aproximadamente R$ 300.<\/p>\n<p style=\"text-align: justify;\">Atualmente, o Bolsa Fam\u00edlia paga, em m\u00e9dia, R$ 190 a pouco mais de 14 milh\u00f5es de lares.<\/p>\n<p style=\"text-align: justify;\">&#8220;Acredito que, nos pr\u00f3ximos dias, o presidente Bolsonaro deve reunir toda a equipe, tanto do Minist\u00e9rio da Cidadania como do Minist\u00e9rio da Economia, para apontar as fontes de recursos. \u00c9 uma decis\u00e3o de governo&#8221;, disse Roma \u00e0 estatal TV Brasil.<\/p>\n<p style=\"text-align: justify;\">Paralelamente \u00e0 discuss\u00e3o sobre a fonte or\u00e7ament\u00e1ria do Aux\u00edlio Brasil, os valores do novo programa t\u00eam sido considerados insuficientes por uma ala do governo -que sugere ir al\u00e9m e garantir mais recursos.<\/p>\n<p style=\"text-align: justify;\">Roma defende que haja algum tipo de aux\u00edlio (similar ao emergencial) a quem deixar de receber pagamentos a partir de novembro e que tamb\u00e9m n\u00e3o se encaixe no Aux\u00edlio Brasil.<\/p>\n<p style=\"text-align: justify;\">O ministro da Cidadania tem defendido que o governo precisa encontrar uma maneira de apoiar o contingente de &#8220;invis\u00edveis&#8221; que n\u00e3o faziam parte dos programas sociais antes da pandemia e que podem acabar sem assist\u00eancia agora.<\/p>\n<p style=\"text-align: justify;\">Em meio ao cen\u00e1rio, tem ganhado corpo uma poss\u00edvel extens\u00e3o do aux\u00edlio emergencial.<\/p>\n<p style=\"text-align: justify;\">Bolsonaro afirmou nesta segunda-feira que o governo dever\u00e1 resolver nesta semana detalhes sobre a extens\u00e3o do aux\u00edlio emergencial e tamb\u00e9m de medidas referentes ao pre\u00e7o do diesel no pa\u00eds.<\/p>\n<p style=\"text-align: justify;\">&#8220;Se Deus quiser, n\u00f3s resolveremos esta semana a extens\u00e3o do aux\u00edlio emergencial, como devemos resolver tamb\u00e9m esta semana a quest\u00e3o do pre\u00e7o do diesel&#8221;, disse.<\/p>\n<p style=\"text-align: justify;\">Sem entrar em mais detalhes, Bolsonaro disse no evento que &#8220;est\u00e1 batido o martelo no seu valor&#8221;. No fim de semana, ele se reuniu com Guedes, Roma, Onyx Lorenzoni (Trabalho e Previd\u00eancia) e Pedro Guimar\u00e3es (Caixa Econ\u00f4mica) para discutir o tema.<\/p>\n<p style=\"text-align: justify;\">Interlocutores de Guedes afirmam que o ministro mant\u00e9m o &#8220;plano A&#8221; que vem defendendo nas \u00faltimas semanas.<\/p>\n<p style=\"text-align: justify;\">Contr\u00e1rio \u00e0 prorroga\u00e7\u00e3o do aux\u00edlio emergencial, Guedes quer que o Aux\u00edlio Brasil entre em vigor em novembro, j\u00e1 com p\u00fablico ampliado e valor m\u00e9dio de aproximadamente R$ 300.<\/p>\n<p style=\"text-align: justify;\">Para isso, no entanto, o ministro mant\u00e9m a defesa de um plano ainda pendente: a aprova\u00e7\u00e3o da reforma do Imposto de Renda, que servir\u00e1 de fonte de compensa\u00e7\u00e3o para o novo gasto, al\u00e9m de uma abertura no Or\u00e7amento por meio da limita\u00e7\u00e3o de gastos com precat\u00f3rios -d\u00edvidas do governo reconhecidas pela Justi\u00e7a.<\/p>\n<p style=\"text-align: justify;\">Mesmo membros do Minist\u00e9rio da Economia argumentam que o pa\u00eds n\u00e3o pode ficar sem um sistema de assist\u00eancia social refor\u00e7ado e dizem que a aus\u00eancia de uma iniciativa nesse sentido seria um crime.<\/p>\n<p style=\"text-align: justify;\">O argumento \u00e9 que al\u00e9m da perda de renda dos mais pobres provocada pela pandemia, a acelera\u00e7\u00e3o da infla\u00e7\u00e3o precisa ser compensada de alguma forma para trazer al\u00edvio \u00e0 popula\u00e7\u00e3o vulner\u00e1vel.<\/p>\n<\/div>\n<p>Fonte: Noticias ao Minuto<\/p>\n<\/div>\n<\/div>\n","protected":false},"excerpt":{"rendered":"<p>Bolsonaro afirmou nesta segunda-feira que o governo dever\u00e1 resolver nesta semana detalhes sobre a extens\u00e3o do aux\u00edlio emergencial e tamb\u00e9m de medidas referentes ao pre\u00e7o do diesel no pa\u00eds (FOLHAPRESS) &#8211; A menos de duas semanas para o fim do aux\u00edlio emergencial, o Pal\u00e1cio do Planalto aumentou a press\u00e3o sobre o ministro Paulo Guedes (Economia)<a class=\"moretag\" href=\"http:\/\/sindiquimicabr.com.br\/index.php\/2021\/10\/19\/planalto-pressiona-guedes-na-reta-final-para-garantir-dinheiro-do-auxilio-brasil\/\"> [&#8230;]<\/a><\/p>\n","protected":false},"author":2,"featured_media":11950,"comment_status":"closed","ping_status":"closed","sticky":false,"template":"","format":"standard","meta":[],"categories":[10],"tags":[],"_links":{"self":[{"href":"http:\/\/sindiquimicabr.com.br\/index.php\/wp-json\/wp\/v2\/posts\/11948"}],"collection":[{"href":"http:\/\/sindiquimicabr.com.br\/index.php\/wp-json\/wp\/v2\/posts"}],"about":[{"href":"http:\/\/sindiquimicabr.com.br\/index.php\/wp-json\/wp\/v2\/types\/post"}],"author":[{"embeddable":true,"href":"http:\/\/sindiquimicabr.com.br\/index.php\/wp-json\/wp\/v2\/users\/2"}],"replies":[{"embeddable":true,"href":"http:\/\/sindiquimicabr.com.br\/index.php\/wp-json\/wp\/v2\/comments?post=11948"}],"version-history":[{"count":1,"href":"http:\/\/sindiquimicabr.com.br\/index.php\/wp-json\/wp\/v2\/posts\/11948\/revisions"}],"predecessor-version":[{"id":11949,"href":"http:\/\/sindiquimicabr.com.br\/index.php\/wp-json\/wp\/v2\/posts\/11948\/revisions\/11949"}],"wp:featuredmedia":[{"embeddable":true,"href":"http:\/\/sindiquimicabr.com.br\/index.php\/wp-json\/wp\/v2\/media\/11950"}],"wp:attachment":[{"href":"http:\/\/sindiquimicabr.com.br\/index.php\/wp-json\/wp\/v2\/media?parent=11948"}],"wp:term":[{"taxonomy":"category","embeddable":true,"href":"http:\/\/sindiquimicabr.com.br\/index.php\/wp-json\/wp\/v2\/categories?post=11948"},{"taxonomy":"post_tag","embeddable":true,"href":"http:\/\/sindiquimicabr.com.br\/index.php\/wp-json\/wp\/v2\/tags?post=11948"}],"curies":[{"name":"wp","href":"https:\/\/api.w.org\/{rel}","templated":true}]}}