{"id":11971,"date":"2021-10-20T11:20:27","date_gmt":"2021-10-20T11:20:27","guid":{"rendered":"http:\/\/sindiquimicabr.com.br\/?p=11971"},"modified":"2021-10-20T11:32:49","modified_gmt":"2021-10-20T11:32:49","slug":"caixa-paga-auxilio-emergencial-a-nascidos-em-janeiro","status":"publish","type":"post","link":"http:\/\/sindiquimicabr.com.br\/index.php\/2021\/10\/20\/caixa-paga-auxilio-emergencial-a-nascidos-em-janeiro\/","title":{"rendered":"Caixa paga aux\u00edlio emergencial a nascidos em janeiro"},"content":{"rendered":"<h4 class=\"news-subheadline\" style=\"text-align: justify;\">O benef\u00edcio\u00a0tem\u00a0parcelas de R$ 150 a R$ 375, dependendo da fam\u00edlia<\/h4>\n<p style=\"text-align: justify;\"><a href=\"http:\/\/sindiquimicabr.com.br\/wp\/wp-content\/uploads\/2021\/10\/Caixa-paga-auxilio-emergencial-a-nascidos-em-janeiro.jpg\"><img decoding=\"async\" loading=\"lazy\" class=\"alignleft size-full wp-image-11975\" src=\"http:\/\/sindiquimicabr.com.br\/wp\/wp-content\/uploads\/2021\/10\/Caixa-paga-auxilio-emergencial-a-nascidos-em-janeiro.jpg\" alt=\"\" width=\"1920\" height=\"1080\" srcset=\"http:\/\/sindiquimicabr.com.br\/wp\/wp-content\/uploads\/2021\/10\/Caixa-paga-auxilio-emergencial-a-nascidos-em-janeiro.jpg 1920w, http:\/\/sindiquimicabr.com.br\/wp\/wp-content\/uploads\/2021\/10\/Caixa-paga-auxilio-emergencial-a-nascidos-em-janeiro-300x169.jpg 300w, http:\/\/sindiquimicabr.com.br\/wp\/wp-content\/uploads\/2021\/10\/Caixa-paga-auxilio-emergencial-a-nascidos-em-janeiro-1024x576.jpg 1024w, http:\/\/sindiquimicabr.com.br\/wp\/wp-content\/uploads\/2021\/10\/Caixa-paga-auxilio-emergencial-a-nascidos-em-janeiro-768x432.jpg 768w, http:\/\/sindiquimicabr.com.br\/wp\/wp-content\/uploads\/2021\/10\/Caixa-paga-auxilio-emergencial-a-nascidos-em-janeiro-1536x864.jpg 1536w\" sizes=\"(max-width: 1920px) 100vw, 1920px\" \/><\/a><\/p>\n<p style=\"text-align: justify;\"><span class=\"news_capital_letter\">T<\/span>rabalhadores informais nascidos em janeiro recebem hoje (20) a s\u00e9tima parcela do aux\u00edlio emergencial em 2021. O benef\u00edcio tem parcelas de R$ 150 a R$ 375, dependendo da fam\u00edlia.<\/p>\n<p style=\"text-align: justify;\">O pagamento tamb\u00e9m ser\u00e1 feito a inscritos no Cadastro \u00danico de Programas Sociais do Governo Federal (Cad\u00danico) nascidos no mesmo m\u00eas. O dinheiro \u00e9 depositado nas contas poupan\u00e7a digitais e pode ser movimentado pelo aplicativo Caixa Tem. Somente de duas a tr\u00eas semanas ap\u00f3s o dep\u00f3sito, poder\u00e1 ser sacado em esp\u00e9cie ou transferido para uma conta corrente.<\/p>\n<p style=\"text-align: justify;\">Tamb\u00e9m\u00a0hoje, recebem a s\u00e9tima parcela do aux\u00edlio emergencial os participantes do Bolsa Fam\u00edlia com N\u00famero de Inscri\u00e7\u00e3o Social (NIS) de final 3. As datas da prorroga\u00e7\u00e3o do benef\u00edcio foram anunciadas em agosto.<\/p>\n<p style=\"text-align: justify;\">Ao todo, 45,6 milh\u00f5es de brasileiros est\u00e3o sendo beneficiados pela rodada do aux\u00edlio emergencial deste ano. O benef\u00edcio come\u00e7ou a ser pago em abril.<\/p>\n<p style=\"text-align: justify;\">Para os benefici\u00e1rios do Bolsa Fam\u00edlia, o pagamento ocorre de forma distinta. Os inscritos podem sacar diretamente o dinheiro nos dez \u00faltimos dias \u00fateis de cada m\u00eas, com base no d\u00edgito final do NIS.<\/p>\n<p style=\"text-align: justify;\">O pagamento da s\u00e9tima parcela aos inscritos no Bolsa Fam\u00edlia come\u00e7ou no \u00faltimo dia 18 e segue at\u00e9 o dia 29. O aux\u00edlio emergencial somente \u00e9 depositado quando o valor for\u00a0superior ao benef\u00edcio do programa social.<\/p>\n<p style=\"text-align: justify;\">Em todos os casos, o aux\u00edlio est\u00e1 sendo pago apenas a quem recebia o benef\u00edcio em dezembro de 2020. Tamb\u00e9m \u00e9 necess\u00e1rio cumprir outros requisitos para\u00a0ter\u00a0direito \u00e0 atual rodada (veja guia de perguntas e respostas no \u00faltimo par\u00e1grafo). O programa se encerraria em julho, mas foi prorrogado at\u00e9 este m\u00eas, com os mesmos valores para as parcelas. Uma extens\u00e3o do aux\u00edlio emergencial at\u00e9 o fim de 2022 est\u00e1 em discuss\u00e3o no governo.<\/p>\n<p style=\"text-align: justify;\">A <strong>Ag\u00eancia Brasil<\/strong> elaborou um guia de perguntas e respostas sobre o aux\u00edlio emergencial. Entre as d\u00favidas que o benefici\u00e1rio pode tirar est\u00e3o os crit\u00e9rios para receber o benef\u00edcio, a regulariza\u00e7\u00e3o do CPF e os crit\u00e9rios de desempate dentro da mesma fam\u00edlia para\u00a0ter\u00a0acesso ao aux\u00edlio.<\/p>\n<p style=\"text-align: justify;\">Fonte: <a href=\"https:\/\/www.noticiasaominuto.com.br\/economia\/1852699\/caixa-pagaauxilio-emergencial-a-nascidos-em-janeiro\" target=\"_blank\" rel=\"noopener\">Not\u00edcias ao Minuto<\/a><\/p>\n","protected":false},"excerpt":{"rendered":"<p>O benef\u00edcio\u00a0tem\u00a0parcelas de R$ 150 a R$ 375, dependendo da fam\u00edlia Trabalhadores informais nascidos em janeiro recebem hoje (20) a s\u00e9tima parcela do aux\u00edlio emergencial em 2021. O benef\u00edcio tem parcelas de R$ 150 a R$ 375, dependendo da fam\u00edlia. O pagamento tamb\u00e9m ser\u00e1 feito a inscritos no Cadastro \u00danico de Programas Sociais do Governo<a class=\"moretag\" href=\"http:\/\/sindiquimicabr.com.br\/index.php\/2021\/10\/20\/caixa-paga-auxilio-emergencial-a-nascidos-em-janeiro\/\"> [&#8230;]<\/a><\/p>\n","protected":false},"author":2,"featured_media":11975,"comment_status":"closed","ping_status":"closed","sticky":false,"template":"","format":"standard","meta":[],"categories":[10],"tags":[],"_links":{"self":[{"href":"http:\/\/sindiquimicabr.com.br\/index.php\/wp-json\/wp\/v2\/posts\/11971"}],"collection":[{"href":"http:\/\/sindiquimicabr.com.br\/index.php\/wp-json\/wp\/v2\/posts"}],"about":[{"href":"http:\/\/sindiquimicabr.com.br\/index.php\/wp-json\/wp\/v2\/types\/post"}],"author":[{"embeddable":true,"href":"http:\/\/sindiquimicabr.com.br\/index.php\/wp-json\/wp\/v2\/users\/2"}],"replies":[{"embeddable":true,"href":"http:\/\/sindiquimicabr.com.br\/index.php\/wp-json\/wp\/v2\/comments?post=11971"}],"version-history":[{"count":2,"href":"http:\/\/sindiquimicabr.com.br\/index.php\/wp-json\/wp\/v2\/posts\/11971\/revisions"}],"predecessor-version":[{"id":11977,"href":"http:\/\/sindiquimicabr.com.br\/index.php\/wp-json\/wp\/v2\/posts\/11971\/revisions\/11977"}],"wp:featuredmedia":[{"embeddable":true,"href":"http:\/\/sindiquimicabr.com.br\/index.php\/wp-json\/wp\/v2\/media\/11975"}],"wp:attachment":[{"href":"http:\/\/sindiquimicabr.com.br\/index.php\/wp-json\/wp\/v2\/media?parent=11971"}],"wp:term":[{"taxonomy":"category","embeddable":true,"href":"http:\/\/sindiquimicabr.com.br\/index.php\/wp-json\/wp\/v2\/categories?post=11971"},{"taxonomy":"post_tag","embeddable":true,"href":"http:\/\/sindiquimicabr.com.br\/index.php\/wp-json\/wp\/v2\/tags?post=11971"}],"curies":[{"name":"wp","href":"https:\/\/api.w.org\/{rel}","templated":true}]}}