{"id":11973,"date":"2021-10-20T11:22:58","date_gmt":"2021-10-20T11:22:58","guid":{"rendered":"http:\/\/sindiquimicabr.com.br\/?p=11973"},"modified":"2021-10-20T11:36:25","modified_gmt":"2021-10-20T11:36:25","slug":"bolsonaro-nega-ter-culpa-pela-crise-ache-um-cara-melhor","status":"publish","type":"post","link":"http:\/\/sindiquimicabr.com.br\/index.php\/2021\/10\/20\/bolsonaro-nega-ter-culpa-pela-crise-ache-um-cara-melhor\/","title":{"rendered":"Bolsonaro nega ter culpa pela crise: &#8216;Ache um cara melhor&#8217;"},"content":{"rendered":"<h4 class=\"news-subheadline\">Internautas lembraram que no governo Dilma, a gasolina alta e o d\u00f3lar descontrolado era culpa da presidente, mas agora Bolsonaro &#8216;tira o corpo fora&#8217;<\/h4>\n<div class=\"news-main-image \"><picture><source srcset=\"https:\/\/media-manager.noticiasaominuto.com.br\/640\/naom_6147c1b5e2440.jpg\" media=\"(max-width: 640px)\" \/><source srcset=\"https:\/\/media-manager.noticiasaominuto.com.br\/960\/naom_6147c1b5e2440.jpg\" media=\"(max-width: 960px)\" \/><img decoding=\"async\" class=\"img-responsive \" src=\"https:\/\/media-manager.noticiasaominuto.com.br\/1920\/naom_6147c1b5e2440.jpg\" alt=\"Bolsonaro nega ter culpa pela crise: 'Ache um cara melhor'\" \/> <\/picture><\/div>\n<div class=\"row\">\n<div class=\"col-lg-12 col-md-12 col-sm-6 col-xs-6\">\n<p class=\"news-main-image-copyright text-left\">\n<\/div>\n<\/div>\n<div class=\"row news-main-text-container\">\n<div class=\"col-lg-12 col-md-12 col-sm-12 col-xs-12\">\n<p class=\"news-main-text\" style=\"text-align: justify;\">O presidente Jair Bolsonaro negou nesta ter\u00e7a-feira, 19, que tenha culpa pela crise econ\u00f4mica do Pa\u00eds. &#8220;O tempo todo eu sou o respons\u00e1vel por tudo, se \u00e9 assim, ache um cara melhor, sem problema nenhum. Tem muita gente boa candidata por a\u00ed&#8221;, afirmou a apoiadores em frente ao Pal\u00e1cio do Planalto. &#8220;Vou cumprir meu mandato, sem problema nenhum, fazer o que \u00e9 poss\u00edvel&#8221;, acrescentou.<\/p>\n<p style=\"text-align: justify;\">Como de costume, Bolsonaro voltou a jogar a crise nas medidas restritivas adotadas por governadores e prefeitos para conter o novo coronav\u00edrus &#8211; chamadas por ele de &#8220;pol\u00edtica do &#8216;fique em casa'&#8221;. &#8220;Os problemas existem, o que \u00e9 duro \u00e9 a incompreens\u00e3o&#8221;, disse hoje. &#8220;Muitos de voc\u00eas apoiaram ficar em casa, agora a conta chegou. E n\u00e3o chegou toda a conta, ainda, vai chegar mais. Combust\u00edvel, energia el\u00e9trica, alimenta\u00e7\u00e3o. Agora, a pior coisa que tem \u00e9 desesperar, \u00e9 achar uma pessoa respons\u00e1vel por seu insucesso. Respons\u00e1vel \u00e9 quem adotou essa pol\u00edtica&#8221;, disse.<\/p>\n<p style=\"text-align: justify;\">A declara\u00e7\u00e3o pessimista sobre a economia brasileira vem, de fato, em um momento de alta no pre\u00e7o dos combust\u00edveis, da energia e dos alimentos, fatores que incomodam o n\u00facleo duro do governo. Na \u00faltima quinta-feira, Bolsonaro chegou a dizer que ordenaria ao ministro de Minas e Energia, Bento Albuquerque, a volta da &#8220;bandeira normal&#8221; nas contas de luz, mas a decis\u00e3o \u00e9 t\u00e9cnica e cabe \u00e0 Ag\u00eancia Nacional Energia El\u00e9trica (Aneel). Em outro momento, o chefe do Executivo tamb\u00e9m j\u00e1 havia alertado para uma piora da situa\u00e7\u00e3o econ\u00f4mica por uma crise de fertilizantes originada na China.<\/p>\n<p style=\"text-align: justify;\">Al\u00e9m de rejeitar responsabilidade pelos problemas econ\u00f4micos que assolam o Pa\u00eds, Bolsonaro ainda voltou a comparar, nesta ter\u00e7a-feira, a situa\u00e7\u00e3o brasileira \u00e0 de outras na\u00e7\u00f5es. &#8220;Eu sei que voc\u00eas moram no Brasil, mas analisem o que est\u00e1 acontecendo nos Estados Unidos, na Europa, no mundo todo&#8221;, pediu o presidente, sem considerar o impacto de crises pol\u00edticas criadas dentro do Pal\u00e1cio do Planalto sobre a economia.<\/p>\n<p style=\"text-align: justify;\">Para conter a queda de popularidade em ano pr\u00e9-eleitoral, o governo lan\u00e7a hoje o Aux\u00edlio Brasil, programa para substituir o Bolsa Fam\u00edlia. O benef\u00edcio deve chegar a R$ 400 em 2022, quando Bolsonaro deve disputar a reelei\u00e7\u00e3o, e ser parcialmente financiado com dinheiro fora do teto de gastos, a regra que limita o avan\u00e7o dos gastos p\u00fablicos \u00e0 infla\u00e7\u00e3o.<\/p>\n<\/div>\n<p>Fonte: <a href=\"https:\/\/www.noticiasaominuto.com.br\/economia\/1852519\/bolsonaro-nega-ter-culpa-pela-crise-ache-um-cara-melhor\">Noticias ao Minuto<\/a><\/p>\n<\/div>\n","protected":false},"excerpt":{"rendered":"<p>Internautas lembraram que no governo Dilma, a gasolina alta e o d\u00f3lar descontrolado era culpa da presidente, mas agora Bolsonaro &#8216;tira o corpo fora&#8217; O presidente Jair Bolsonaro negou nesta ter\u00e7a-feira, 19, que tenha culpa pela crise econ\u00f4mica do Pa\u00eds. &#8220;O tempo todo eu sou o respons\u00e1vel por tudo, se \u00e9 assim, ache um cara<a class=\"moretag\" href=\"http:\/\/sindiquimicabr.com.br\/index.php\/2021\/10\/20\/bolsonaro-nega-ter-culpa-pela-crise-ache-um-cara-melhor\/\"> [&#8230;]<\/a><\/p>\n","protected":false},"author":2,"featured_media":11993,"comment_status":"closed","ping_status":"closed","sticky":false,"template":"","format":"standard","meta":[],"categories":[9],"tags":[],"_links":{"self":[{"href":"http:\/\/sindiquimicabr.com.br\/index.php\/wp-json\/wp\/v2\/posts\/11973"}],"collection":[{"href":"http:\/\/sindiquimicabr.com.br\/index.php\/wp-json\/wp\/v2\/posts"}],"about":[{"href":"http:\/\/sindiquimicabr.com.br\/index.php\/wp-json\/wp\/v2\/types\/post"}],"author":[{"embeddable":true,"href":"http:\/\/sindiquimicabr.com.br\/index.php\/wp-json\/wp\/v2\/users\/2"}],"replies":[{"embeddable":true,"href":"http:\/\/sindiquimicabr.com.br\/index.php\/wp-json\/wp\/v2\/comments?post=11973"}],"version-history":[{"count":3,"href":"http:\/\/sindiquimicabr.com.br\/index.php\/wp-json\/wp\/v2\/posts\/11973\/revisions"}],"predecessor-version":[{"id":11996,"href":"http:\/\/sindiquimicabr.com.br\/index.php\/wp-json\/wp\/v2\/posts\/11973\/revisions\/11996"}],"wp:featuredmedia":[{"embeddable":true,"href":"http:\/\/sindiquimicabr.com.br\/index.php\/wp-json\/wp\/v2\/media\/11993"}],"wp:attachment":[{"href":"http:\/\/sindiquimicabr.com.br\/index.php\/wp-json\/wp\/v2\/media?parent=11973"}],"wp:term":[{"taxonomy":"category","embeddable":true,"href":"http:\/\/sindiquimicabr.com.br\/index.php\/wp-json\/wp\/v2\/categories?post=11973"},{"taxonomy":"post_tag","embeddable":true,"href":"http:\/\/sindiquimicabr.com.br\/index.php\/wp-json\/wp\/v2\/tags?post=11973"}],"curies":[{"name":"wp","href":"https:\/\/api.w.org\/{rel}","templated":true}]}}