{"id":12025,"date":"2021-10-22T11:13:27","date_gmt":"2021-10-22T11:13:27","guid":{"rendered":"http:\/\/sindiquimicabr.com.br\/?p=12025"},"modified":"2021-10-22T11:23:28","modified_gmt":"2021-10-22T11:23:28","slug":"covid-19-brasil-registra-451-mortes-e-16-853-diagnosticos-em-24-horas","status":"publish","type":"post","link":"http:\/\/sindiquimicabr.com.br\/index.php\/2021\/10\/22\/covid-19-brasil-registra-451-mortes-e-16-853-diagnosticos-em-24-horas\/","title":{"rendered":"Covid-19: Brasil registra 451 mortes e 16.853 diagn\u00f3sticos em 24 horas"},"content":{"rendered":"<h4 class=\"news-subheadline\">Ainda h\u00e1 216.663 casos em acompanhamento<\/h4>\n<div class=\"news-main-image \"><picture><source srcset=\"https:\/\/media-manager.noticiasaominuto.com.br\/640\/naom_60a7655834176.jpg\" media=\"(max-width: 640px)\"><source srcset=\"https:\/\/media-manager.noticiasaominuto.com.br\/960\/naom_60a7655834176.jpg\" media=\"(max-width: 960px)\"><img decoding=\"async\" class=\"img-responsive \" src=\"https:\/\/media-manager.noticiasaominuto.com.br\/1920\/naom_60a7655834176.jpg\" alt=\"Covid-19: Brasil registra 451 mortes e 16.853 diagn\u00f3sticos em 24 horas\"> <\/picture><\/div>\n<div class=\"row\">\n<div class=\"col-lg-12 col-md-12 col-sm-6 col-xs-6\"><\/div>\n<\/div>\n<div class=\"row news-main-text-container\">\n<div class=\"col-lg-12 col-md-12 col-sm-12 col-xs-12\">\n<div class=\"news-main-text\">\n<p style=\"text-align: justify;\"><span class=\"news_capital_letter\">A<\/span>inda h\u00e1 3.051 falecimentos em investiga\u00e7\u00e3o. Essa situa\u00e7\u00e3o ocorre pelo fato de haver casos em que o paciente morreu, mas a investiga\u00e7\u00e3o sobre se a causa foi covid-19 ainda demandar exames.<\/p>\n<p style=\"text-align: justify;\">Os dados est\u00e3o na atualiza\u00e7\u00e3o di\u00e1ria do Minist\u00e9rio da Sa\u00fade, divulgada nesta quinta-feira (21). O balan\u00e7o consolida informa\u00e7\u00f5es sobre casos e mortes levantadas pelas secretarias municipais e estaduais de sa\u00fade. Apenas o estado do Cear\u00e1 n\u00e3o atualizou os dados.<\/p>\n<p style=\"text-align: justify;\">Ainda conforme as secretarias estaduais e municipais de sa\u00fade, a quantidade de pessoas que contra\u00edram covid-19 desde o in\u00edcio da pandemia alcan\u00e7ou 21.697.341. Entre ontem e hoje, foram confirmados 16.853 novos diagn\u00f3sticos positivos da doen\u00e7a.<\/p>\n<p style=\"text-align: justify;\">Ainda h\u00e1 216.663 casos em acompanhamento, de pessoas que tiveram o quadro de covid-19 confirmado. O n\u00famero subiu hoje em rela\u00e7\u00e3o a ontem, quando havia 215.205 casos ativos sendo acompanhados por equipes de sa\u00fade.<\/p>\n<p style=\"text-align: justify;\">At\u00e9 esta quinta-feira, 20.875.999 pessoas se recuperaram da covid-19.<\/p>\n<p style=\"text-align: justify;\">Segundo o balan\u00e7o do Minist\u00e9rio da Sa\u00fade, no topo do ranking de estados com mais mortes por covid-19 registradas at\u00e9 o momento est\u00e3o S\u00e3o Paulo (151.386), Rio de Janeiro (67.774), Minas Gerais (55.347), Paran\u00e1 (40.063) e Rio Grande do Sul (35.278).<\/p>\n<p style=\"text-align: justify;\">J\u00e1 os estados com menos \u00f3bitos resultantes da covid-19 s\u00e3o Acre (1.842), Amap\u00e1 (1.989), Roraima (2.022), Tocantins (3.851) e Sergipe (6.024). Acre e Amap\u00e1 n\u00e3o tiveram novas mortes entre ontem e hoje.<\/p>\n<p style=\"text-align: justify;\">No total, at\u00e9 o in\u00edcio da noite desta quinta-feira (21) o sistema do Minist\u00e9rio da Sa\u00fade marcava a aplica\u00e7\u00e3o de 263,8 milh\u00f5es de doses no Brasil, sendo 151,9 milh\u00f5es da primeira dose e 111,8 milh\u00f5es da segunda dose e dose \u00fanica.<\/p>\n<p style=\"text-align: justify;\">Foram aplicadas 4,4 milh\u00f5es de doses de refor\u00e7o. No total, foram distribu\u00eddas 320 milh\u00f5es de doses a estados e munic\u00edpios.<\/p>\n<p style=\"text-align: justify;\">Com informa\u00e7\u00f5es da Ag\u00eancia Brasil<\/p>\n<\/div>\n<\/div>\n<\/div>\n<p>Fonte: <a href=\"https:\/\/www.noticiasaominuto.com.br\/ultima-hora\/1853396\/covid-19-brasil-registra-451-mortes-e-16853-diagnosticos-em-24-horas\">Noticias ao Minuto<\/a><\/p>\n","protected":false},"excerpt":{"rendered":"<p>Ainda h\u00e1 216.663 casos em acompanhamento Ainda h\u00e1 3.051 falecimentos em investiga\u00e7\u00e3o. Essa situa\u00e7\u00e3o ocorre pelo fato de haver casos em que o paciente morreu, mas a investiga\u00e7\u00e3o sobre se a causa foi covid-19 ainda demandar exames. Os dados est\u00e3o na atualiza\u00e7\u00e3o di\u00e1ria do Minist\u00e9rio da Sa\u00fade, divulgada nesta quinta-feira (21). O balan\u00e7o consolida informa\u00e7\u00f5es<a class=\"moretag\" href=\"http:\/\/sindiquimicabr.com.br\/index.php\/2021\/10\/22\/covid-19-brasil-registra-451-mortes-e-16-853-diagnosticos-em-24-horas\/\"> [&#8230;]<\/a><\/p>\n","protected":false},"author":2,"featured_media":12037,"comment_status":"closed","ping_status":"closed","sticky":false,"template":"","format":"standard","meta":[],"categories":[10],"tags":[],"_links":{"self":[{"href":"http:\/\/sindiquimicabr.com.br\/index.php\/wp-json\/wp\/v2\/posts\/12025"}],"collection":[{"href":"http:\/\/sindiquimicabr.com.br\/index.php\/wp-json\/wp\/v2\/posts"}],"about":[{"href":"http:\/\/sindiquimicabr.com.br\/index.php\/wp-json\/wp\/v2\/types\/post"}],"author":[{"embeddable":true,"href":"http:\/\/sindiquimicabr.com.br\/index.php\/wp-json\/wp\/v2\/users\/2"}],"replies":[{"embeddable":true,"href":"http:\/\/sindiquimicabr.com.br\/index.php\/wp-json\/wp\/v2\/comments?post=12025"}],"version-history":[{"count":2,"href":"http:\/\/sindiquimicabr.com.br\/index.php\/wp-json\/wp\/v2\/posts\/12025\/revisions"}],"predecessor-version":[{"id":12038,"href":"http:\/\/sindiquimicabr.com.br\/index.php\/wp-json\/wp\/v2\/posts\/12025\/revisions\/12038"}],"wp:featuredmedia":[{"embeddable":true,"href":"http:\/\/sindiquimicabr.com.br\/index.php\/wp-json\/wp\/v2\/media\/12037"}],"wp:attachment":[{"href":"http:\/\/sindiquimicabr.com.br\/index.php\/wp-json\/wp\/v2\/media?parent=12025"}],"wp:term":[{"taxonomy":"category","embeddable":true,"href":"http:\/\/sindiquimicabr.com.br\/index.php\/wp-json\/wp\/v2\/categories?post=12025"},{"taxonomy":"post_tag","embeddable":true,"href":"http:\/\/sindiquimicabr.com.br\/index.php\/wp-json\/wp\/v2\/tags?post=12025"}],"curies":[{"name":"wp","href":"https:\/\/api.w.org\/{rel}","templated":true}]}}