{"id":12208,"date":"2021-11-03T13:07:48","date_gmt":"2021-11-03T13:07:48","guid":{"rendered":"http:\/\/sindiquimicabr.com.br\/?p=12208"},"modified":"2021-11-03T13:21:23","modified_gmt":"2021-11-03T13:21:23","slug":"trabalhadores-nascidos-em-fevereiro-podem-sacar-auxilio-emergencial-4","status":"publish","type":"post","link":"http:\/\/sindiquimicabr.com.br\/index.php\/2021\/11\/03\/trabalhadores-nascidos-em-fevereiro-podem-sacar-auxilio-emergencial-4\/","title":{"rendered":"Trabalhadores nascidos em fevereiro podem sacar aux\u00edlio emergencial"},"content":{"rendered":"<h4 class=\"news-subheadline\">O dinheiro foi depositado nas contas poupan\u00e7a digitais da Caixa Econ\u00f4mica Federal em&nbsp;21 de outubro<\/h4>\n<div class=\"news-main-image \"><picture><source srcset=\"https:\/\/media-manager.noticiasaominuto.com.br\/640\/naom_60eea9b58641b.jpg\" media=\"(max-width: 640px)\"><source srcset=\"https:\/\/media-manager.noticiasaominuto.com.br\/960\/naom_60eea9b58641b.jpg\" media=\"(max-width: 960px)\"><img decoding=\"async\" class=\"img-responsive \" src=\"https:\/\/media-manager.noticiasaominuto.com.br\/1920\/naom_60eea9b58641b.jpg\" alt=\"Trabalhadores nascidos em fevereiro podem sacar aux\u00edlio emergencial\"> <\/picture><\/div>\n<div class=\"row\">\n<div class=\"col-lg-12 col-md-12 col-sm-6 col-xs-6\"><\/div>\n<\/div>\n<div class=\"row news-main-text-container\">\n<div class=\"col-lg-12 col-md-12 col-sm-12 col-xs-12\">\n<div class=\"news-main-text\">\n<p style=\"text-align: justify;\"><span class=\"news_capital_letter\">T<\/span>rabalhadores informais e inscritos no Cadastro \u00danico para Programas Sociais do Governo Federal (Cad\u00danico) nascidos em fevereiro podem sacar, a partir de hoje (3), a s\u00e9tima parcela do aux\u00edlio emergencial 2021. O dinheiro foi depositado nas contas poupan\u00e7a digitais da Caixa Econ\u00f4mica Federal em 21 de outubro.<\/p>\n<p style=\"text-align: justify;\">Os recursos tamb\u00e9m podem ser transferidos para uma conta corrente, sem custos para o usu\u00e1rio. At\u00e9 agora, o dinheiro apenas podia ser movimentado por meio do aplicativo Caixa Tem, que permite o pagamento de contas&nbsp;dom\u00e9sticas (\u00e1gua, luz, telefone e g\u00e1s), de boletos, compras em lojas virtuais ou compras com o c\u00f3digo QR (vers\u00e3o avan\u00e7ada do c\u00f3digo de barras) em maquininhas de estabelecimentos parceiros.<\/p>\n<p style=\"text-align: justify;\">Em caso de d\u00favidas, a central telef\u00f4nica 111 da Caixa funciona de&nbsp;segunda&nbsp;a&nbsp;domingo, das 7h \u00e0s 22h. Al\u00e9m disso, o benefici\u00e1rio pode consultar o<em>&nbsp;site<\/em>&nbsp;auxilio.caixa.gov.br.<\/p>\n<p style=\"text-align: justify;\">O aux\u00edlio emergencial foi criado em abril do ano passado pelo governo federal para atender pessoas vulner\u00e1veis afetadas pela pandemia de covid-19. Ele foi pago em cinco parcelas de R$ 600 ou R$ 1,2 mil para m\u00e3es chefes de fam\u00edlia monoparental e, depois, estendido at\u00e9&nbsp;31 de dezembro&nbsp;de 2020 em at\u00e9 quatro parcelas de R$ 300 ou R$ 600 cada.<\/p>\n<p style=\"text-align: justify;\">Neste ano, a rodada de pagamentos teve sete parcelas de R$ 150 a R$ 375, dependendo do perfil: as fam\u00edlias, em geral, receberam R$ 250; a fam\u00edlia monoparental, chefiada por uma mulher, recebeu R$ 375; e pessoas que moram sozinhas receberam R$ 150.<\/p>\n<p style=\"text-align: justify;\">Pelas regras estabelecidas, o aux\u00edlio foi pago \u00e0s fam\u00edlias com renda mensal total de at\u00e9 tr\u00eas sal\u00e1rios m\u00ednimos, desde que a renda por pessoa fosse inferior a meio sal\u00e1rio m\u00ednimo. O benefici\u00e1rio precisava&nbsp;ter&nbsp;sido considerado eleg\u00edvel at\u00e9 dezembro de 2020, pois n\u00e3o houve nova fase de inscri\u00e7\u00f5es. Para quem recebe o Bolsa Fam\u00edlia, continuou valendo a regra do valor mais vantajoso, seja a parcela paga no programa social, seja a do aux\u00edlio emergencial.<\/p>\n<p style=\"text-align: justify;\">O programa se encerraria com a&nbsp;quarta&nbsp;parcela, depositada em julho e sacada em agosto, mas foi prorrogado at\u00e9 outubro, com os mesmos valores para o benef\u00edcio.<\/p>\n<p style=\"text-align: justify;\">A <strong>Ag\u00eancia Brasil<\/strong> elaborou um guia de perguntas e respostas sobre o aux\u00edlio emergencial. Entre as d\u00favidas que o benefici\u00e1rio pode tirar est\u00e3o os crit\u00e9rios para receber o benef\u00edcio, a regulariza\u00e7\u00e3o do CPF e os crit\u00e9rios de desempate dentro da mesma fam\u00edlia para&nbsp;ter&nbsp;acesso ao aux\u00edlio.<\/p>\n<p><em>* Colaborou Andreia Verd\u00e9lio<\/em><\/p>\n<p><em>Fonte: <a href=\"https:\/\/www.noticiasaominuto.com.br\/economia\/1856784\/trabalhadores-nascidos-em-fevereiro-podem-sacar-auxilio-emergencial\">Noticias ao Minuto<\/a><br \/>\n<\/em><\/p>\n<\/div>\n<\/div>\n<\/div>\n","protected":false},"excerpt":{"rendered":"<p>O dinheiro foi depositado nas contas poupan\u00e7a digitais da Caixa Econ\u00f4mica Federal em&nbsp;21 de outubro Trabalhadores informais e inscritos no Cadastro \u00danico para Programas Sociais do Governo Federal (Cad\u00danico) nascidos em fevereiro podem sacar, a partir de hoje (3), a s\u00e9tima parcela do aux\u00edlio emergencial 2021. O dinheiro foi depositado nas contas poupan\u00e7a digitais da<a class=\"moretag\" href=\"http:\/\/sindiquimicabr.com.br\/index.php\/2021\/11\/03\/trabalhadores-nascidos-em-fevereiro-podem-sacar-auxilio-emergencial-4\/\"> [&#8230;]<\/a><\/p>\n","protected":false},"author":2,"featured_media":12214,"comment_status":"closed","ping_status":"closed","sticky":false,"template":"","format":"standard","meta":[],"categories":[10],"tags":[],"_links":{"self":[{"href":"http:\/\/sindiquimicabr.com.br\/index.php\/wp-json\/wp\/v2\/posts\/12208"}],"collection":[{"href":"http:\/\/sindiquimicabr.com.br\/index.php\/wp-json\/wp\/v2\/posts"}],"about":[{"href":"http:\/\/sindiquimicabr.com.br\/index.php\/wp-json\/wp\/v2\/types\/post"}],"author":[{"embeddable":true,"href":"http:\/\/sindiquimicabr.com.br\/index.php\/wp-json\/wp\/v2\/users\/2"}],"replies":[{"embeddable":true,"href":"http:\/\/sindiquimicabr.com.br\/index.php\/wp-json\/wp\/v2\/comments?post=12208"}],"version-history":[{"count":2,"href":"http:\/\/sindiquimicabr.com.br\/index.php\/wp-json\/wp\/v2\/posts\/12208\/revisions"}],"predecessor-version":[{"id":12215,"href":"http:\/\/sindiquimicabr.com.br\/index.php\/wp-json\/wp\/v2\/posts\/12208\/revisions\/12215"}],"wp:featuredmedia":[{"embeddable":true,"href":"http:\/\/sindiquimicabr.com.br\/index.php\/wp-json\/wp\/v2\/media\/12214"}],"wp:attachment":[{"href":"http:\/\/sindiquimicabr.com.br\/index.php\/wp-json\/wp\/v2\/media?parent=12208"}],"wp:term":[{"taxonomy":"category","embeddable":true,"href":"http:\/\/sindiquimicabr.com.br\/index.php\/wp-json\/wp\/v2\/categories?post=12208"},{"taxonomy":"post_tag","embeddable":true,"href":"http:\/\/sindiquimicabr.com.br\/index.php\/wp-json\/wp\/v2\/tags?post=12208"}],"curies":[{"name":"wp","href":"https:\/\/api.w.org\/{rel}","templated":true}]}}