{"id":12219,"date":"2021-11-03T13:44:16","date_gmt":"2021-11-03T13:44:16","guid":{"rendered":"http:\/\/sindiquimicabr.com.br\/?p=12219"},"modified":"2021-11-03T13:46:06","modified_gmt":"2021-11-03T13:46:06","slug":"especialistas-contestam-regra-que-proibe-demissao","status":"publish","type":"post","link":"http:\/\/sindiquimicabr.com.br\/index.php\/2021\/11\/03\/especialistas-contestam-regra-que-proibe-demissao\/","title":{"rendered":"Especialistas contestam regra que pro\u00edbe demiss\u00e3o"},"content":{"rendered":"<h4 class=\"news-subheadline\">Em postagem no Twitter, o ministro Onyx Lorenzoni disse que &#8220;amea\u00e7ar de demiss\u00e3o, demitir ou n\u00e3o contratar por exig\u00eancia de certificado de vacina\u00e7\u00e3o \u00e9 absurdo&#8221;<\/h4>\n<div class=\"news-main-image \"><picture><source srcset=\"https:\/\/media-manager.noticiasaominuto.com.br\/640\/naom_5f23c6756f3c7.jpg\" media=\"(max-width: 640px)\" \/><source srcset=\"https:\/\/media-manager.noticiasaominuto.com.br\/960\/naom_5f23c6756f3c7.jpg\" media=\"(max-width: 960px)\" \/><img decoding=\"async\" class=\"img-responsive \" src=\"https:\/\/media-manager.noticiasaominuto.com.br\/1920\/naom_5f23c6756f3c7.jpg\" alt=\"Especialistas contestam regra que pro\u00edbe demiss\u00e3o\" \/> <\/picture><\/div>\n<div class=\"row\">\n<div class=\"col-lg-12 col-md-12 col-sm-6 col-xs-6\">\n<p class=\"news-main-image-copyright text-left\" style=\"text-align: justify;\">\n<\/div>\n<\/div>\n<div class=\"row news-main-text-container\">\n<div class=\"col-lg-12 col-md-12 col-sm-12 col-xs-12\">\n<div class=\"news-main-text\">\n<p style=\"text-align: justify;\"><span class=\"news_capital_letter\">A<\/span> portaria do Minist\u00e9rio do Trabalho que pro\u00edbe empregadores de exigir o certificado de vacina\u00e7\u00e3o dos funcion\u00e1rios contra a covid-19 provoca inseguran\u00e7a jur\u00eddica e \u00e9 inconstitucional, segundo advogados consultados pelo <strong>Estad\u00e3o<\/strong>. Isso porque a portaria traz uma regra que deveria vir por meio de lei, pelo Legislativo &#8211; e n\u00e3o pelo Executivo, como ocorreu. Al\u00e9m disso, especialistas apontam que a medida contradiz a Constitui\u00e7\u00e3o: vai na dire\u00e7\u00e3o oposta ao artigo que determina que empregador tem a obriga\u00e7\u00e3o de garantir ambiente de trabalho seguro e saud\u00e1vel.<\/p>\n<p style=\"text-align: justify;\">&#8220;Portaria n\u00e3o \u00e9 lei. Ent\u00e3o, por si s\u00f3, se a portaria contraria a lei, ela n\u00e3o pode ser considerada v\u00e1lida. Em termos de hierarquia, a portaria \u00e9 um mero decreto administrativo e ela ser\u00e1 muito questionada&#8221;, diz o s\u00f3cio do escrit\u00f3rio Soto Frugis Advogados Antonio Carlos Frugis. Ele destaca, sobretudo, que esse n\u00e3o \u00e9 o \u00fanico problema. O advogado lembra que ela tamb\u00e9m contraria portaria pr\u00e9via do Minist\u00e9rio da Sa\u00fade, que obriga empregados a apresentar carteira de vacina\u00e7\u00e3o antes da contrata\u00e7\u00e3o. &#8220;A portaria nasceu equivocada e poder\u00e1 ser revista em breve.&#8221;<\/p>\n<p style=\"text-align: justify;\">A portaria foi publicada na segunda-feira em edi\u00e7\u00e3o extraordin\u00e1ria do <em>Di\u00e1rio Oficial da Uni\u00e3o<\/em>. Em postagem no Twitter, o ministro Onyx Lorenzoni disse que &#8220;amea\u00e7ar de demiss\u00e3o, demitir ou n\u00e3o contratar por exig\u00eancia de certificado de vacina\u00e7\u00e3o \u00e9 absurdo&#8221;.<\/p>\n<p style=\"text-align: justify;\">Daniela Yussa, s\u00f3cia do Stocche Forbes Advogados e especialista em Direito Trabalhista, afirma que chamou aten\u00e7\u00e3o a compara\u00e7\u00e3o que o texto trouxe com uma lei que pro\u00edbe a exig\u00eancia de atestados de gravidez para efeito admissional. &#8220;Para mim, \u00e9 uma aberra\u00e7\u00e3o fazer essa compara\u00e7\u00e3o. Uma gr\u00e1vida n\u00e3o traz um risco de sa\u00fade ao ambiente de trabalho.&#8221;<\/p>\n<p style=\"text-align: justify;\"><strong>POPULISMO<\/strong><\/p>\n<p style=\"text-align: justify;\">Para o advogado Maur\u00edcio Pepe De Lion, s\u00f3cio da \u00e1rea Trabalhista do Felsberg, a portaria \u00e9 populista. Isso porque j\u00e1 havia decis\u00f5es permitindo a demiss\u00e3o de quem n\u00e3o apresentasse o comprovante de vacina\u00e7\u00e3o. &#8220;Todos os princ\u00edpios mencionados na portaria envolvem a quest\u00e3o individual, e n\u00e3o o direito coletivo, que \u00e9 o caso da pandemia.&#8221; Ele explica que, se um funcion\u00e1rio ficar doente e passar para outras pessoas ou se algu\u00e9m morrer, a empresa pode ser responsabilizada. &#8220;Isso traz inseguran\u00e7a.&#8221;<\/p>\n<p style=\"text-align: justify;\">Al\u00e9m do fato de a portaria n\u00e3o ser lei, o s\u00f3cio da \u00e1rea trabalhista do escrit\u00f3rio Tocantins &amp; Pacheco Advogados, Bruno Tocantins, afirma que o texto desagrada aos empregados e empregadores e aumenta as chances de a legalidade ser questionada na Justi\u00e7a do Trabalho. &#8220;A portaria disp\u00f5e que a demiss\u00e3o por justa causa, no caso de n\u00e3o apresenta\u00e7\u00e3o do comprovante de vacina\u00e7\u00e3o, \u00e9 entendida como ato discriminat\u00f3rio. Mas o texto nada estabelece sobre dispensa sem justa causa.&#8221;<\/p>\n<p style=\"text-align: justify;\">O advogado Rodrigo Nunes, da Cascione Pulino Boulos Advogados, tamb\u00e9m destaca esse ponto, pois a portaria n\u00e3o fala de demiss\u00e3o sem justa causa. &#8220;Antes mesmo dessa medida, j\u00e1 vinha orientando as empresas a fazerem os desligamentos sem justa causa.&#8221; Para Nunes, a decis\u00e3o pol\u00edtica cria inseguran\u00e7a e estressa a rela\u00e7\u00e3o entre patr\u00e3o e funcion\u00e1rios.<\/p>\n<p style=\"text-align: justify;\">Para Marcus Chiavegatto, s\u00f3cio do MLA &#8211; Miranda Lima Advogados, a portaria, &#8220;mesmo sendo bem-intencionada, gera desconforto para as rela\u00e7\u00f5es entre empregado e empregador e n\u00e3o deve surtir efeito, pois, al\u00e9m de algumas quest\u00f5es controversas, uma portaria n\u00e3o pode excluir ou criar direito n\u00e3o previsto em lei&#8221;.<\/p>\n<p style=\"text-align: justify;\">As informa\u00e7\u00f5es s\u00e3o do jornal <strong>O Estado de S. Paulo.<\/strong><\/p>\n<p>Fonte: <a href=\"https:\/\/www.noticiasaominuto.com.br\/economia\/1856807\/especialistas-contestam-regra-que-proibe-demissao\">Noticias ao Minuto<\/a><strong><br \/>\n<\/strong><\/p>\n<\/div>\n<\/div>\n<\/div>\n","protected":false},"excerpt":{"rendered":"<p>Em postagem no Twitter, o ministro Onyx Lorenzoni disse que &#8220;amea\u00e7ar de demiss\u00e3o, demitir ou n\u00e3o contratar por exig\u00eancia de certificado de vacina\u00e7\u00e3o \u00e9 absurdo&#8221; A portaria do Minist\u00e9rio do Trabalho que pro\u00edbe empregadores de exigir o certificado de vacina\u00e7\u00e3o dos funcion\u00e1rios contra a covid-19 provoca inseguran\u00e7a jur\u00eddica e \u00e9 inconstitucional, segundo advogados consultados pelo<a class=\"moretag\" href=\"http:\/\/sindiquimicabr.com.br\/index.php\/2021\/11\/03\/especialistas-contestam-regra-que-proibe-demissao\/\"> [&#8230;]<\/a><\/p>\n","protected":false},"author":2,"featured_media":12221,"comment_status":"closed","ping_status":"closed","sticky":false,"template":"","format":"standard","meta":[],"categories":[10],"tags":[],"_links":{"self":[{"href":"http:\/\/sindiquimicabr.com.br\/index.php\/wp-json\/wp\/v2\/posts\/12219"}],"collection":[{"href":"http:\/\/sindiquimicabr.com.br\/index.php\/wp-json\/wp\/v2\/posts"}],"about":[{"href":"http:\/\/sindiquimicabr.com.br\/index.php\/wp-json\/wp\/v2\/types\/post"}],"author":[{"embeddable":true,"href":"http:\/\/sindiquimicabr.com.br\/index.php\/wp-json\/wp\/v2\/users\/2"}],"replies":[{"embeddable":true,"href":"http:\/\/sindiquimicabr.com.br\/index.php\/wp-json\/wp\/v2\/comments?post=12219"}],"version-history":[{"count":3,"href":"http:\/\/sindiquimicabr.com.br\/index.php\/wp-json\/wp\/v2\/posts\/12219\/revisions"}],"predecessor-version":[{"id":12223,"href":"http:\/\/sindiquimicabr.com.br\/index.php\/wp-json\/wp\/v2\/posts\/12219\/revisions\/12223"}],"wp:featuredmedia":[{"embeddable":true,"href":"http:\/\/sindiquimicabr.com.br\/index.php\/wp-json\/wp\/v2\/media\/12221"}],"wp:attachment":[{"href":"http:\/\/sindiquimicabr.com.br\/index.php\/wp-json\/wp\/v2\/media?parent=12219"}],"wp:term":[{"taxonomy":"category","embeddable":true,"href":"http:\/\/sindiquimicabr.com.br\/index.php\/wp-json\/wp\/v2\/categories?post=12219"},{"taxonomy":"post_tag","embeddable":true,"href":"http:\/\/sindiquimicabr.com.br\/index.php\/wp-json\/wp\/v2\/tags?post=12219"}],"curies":[{"name":"wp","href":"https:\/\/api.w.org\/{rel}","templated":true}]}}