{"id":12228,"date":"2021-11-03T14:29:00","date_gmt":"2021-11-03T14:29:00","guid":{"rendered":"http:\/\/sindiquimicabr.com.br\/?p=12228"},"modified":"2021-11-03T14:29:35","modified_gmt":"2021-11-03T14:29:35","slug":"oms-aprova-uso-emergencial-da-vacina-covaxin-para-covid-19","status":"publish","type":"post","link":"http:\/\/sindiquimicabr.com.br\/index.php\/2021\/11\/03\/oms-aprova-uso-emergencial-da-vacina-covaxin-para-covid-19\/","title":{"rendered":"OMS aprova uso emergencial da vacina Covaxin para Covid-19"},"content":{"rendered":"<h4 class=\"news-subheadline\">A ag\u00eancia n\u00e3o recomenda a aplica\u00e7\u00e3o em gr\u00e1vidas<\/h4>\n<div class=\"news-main-image \"><picture><source srcset=\"https:\/\/media-manager.noticiasaominuto.com.br\/640\/naom_60d9fda6b290b.jpg\" media=\"(max-width: 640px)\" \/><source srcset=\"https:\/\/media-manager.noticiasaominuto.com.br\/960\/naom_60d9fda6b290b.jpg\" media=\"(max-width: 960px)\" \/><img decoding=\"async\" class=\"img-responsive \" src=\"https:\/\/media-manager.noticiasaominuto.com.br\/1920\/naom_60d9fda6b290b.jpg\" alt=\"OMS aprova uso emergencial da vacina Covaxin para Covid-19\" \/> <\/picture><\/div>\n<div class=\"row\">\n<div class=\"col-lg-12 col-md-12 col-sm-6 col-xs-6\" style=\"text-align: justify;\"><\/div>\n<\/div>\n<div class=\"row news-main-text-container\">\n<div class=\"col-lg-12 col-md-12 col-sm-12 col-xs-12\">\n<div class=\"news-main-text\">\n<p style=\"text-align: justify;\"><span class=\"news_capital_letter\">S<\/span>\u00c3O PAULO, SP (UOL\/FOLHAPRESS) &#8211; A Organiza\u00e7\u00e3o Mundial da Sa\u00fade (OMS) aprovou nesta quarta-feira (3) o uso emergencial da vacina anticovid-19 Covaxin para pessoas maiores de 18 anos, com intervalo de 4 semanas entre as doses. A ag\u00eancia n\u00e3o recomenda a aplica\u00e7\u00e3o em gr\u00e1vidas.<\/p>\n<p style=\"text-align: justify;\">Desenvolvida pelo laborat\u00f3rio indiano Bharat Biotech, o imunizante \u00e9 o oitavo na lista de vacinas contra Covid-19 que a OMS autoriza o uso emergencial desde o in\u00edcio da pandemia de coronav\u00edrus, em mar\u00e7o de 2020.<\/p>\n<p style=\"text-align: justify;\">A OMS avalia a qualidade, seguran\u00e7a e efic\u00e1cia das vacinas contra covid-19. O procedimento \u00e9 pr\u00e9-requisito para o fornecimento da vacina ao Covax, cons\u00f3rcio de distribui\u00e7\u00e3o de vacinas para pa\u00edses pobres e em desenvolvimento. A recomenda\u00e7\u00e3o da OMS tamb\u00e9m viabiliza que os pa\u00edses agilizem a pr\u00f3pria aprova\u00e7\u00e3o regulat\u00f3ria para importar e administrar vacinas.<\/p>\n<p style=\"text-align: justify;\"><span class=\"news_bold\">No olho da CPI<\/span><\/p>\n<p style=\"text-align: justify;\">Documentos enviados pelo Minist\u00e9rio das Rela\u00e7\u00f5es Exteriores \u00e0 CPI revelaram que o valor de US$ 15 por dose negociado pelo governo brasileiro para a compra do imunizante era superior ao estimado pela Bharat Biotech. Em comunicado publicado em junho, a Precisa Medicamento havia informado que o pre\u00e7o praticado no Brasil estava em conformidade com os custos para o mercado global.<\/p>\n<p style=\"text-align: justify;\">Em agosto, o governo efetuou a rescis\u00e3o unilateral do contrato entre a Precisa Medicamentos -farmac\u00eautica que intermediava a venda da vacina Covaxin- com o governo brasileiro.<\/p>\n<p style=\"text-align: justify;\">Pelo contrato, seriam compradas 20 milh\u00f5es de doses do imunizante -ao custo de R$ 1,6 bilh\u00e3o. Em junho, ap\u00f3s den\u00fancias de irregularidades envolvendo a compra dos imunizantes se tornar alvo da CPI da Pandemia do Senado, a suspens\u00e3o do acordo foi anunciada pelo ministro da Sa\u00fade, Marcelo Queiroga.<\/p>\n<p style=\"text-align: justify;\">No mesmo m\u00eas a fabricante Bharat Biotech anunciou a rescis\u00e3o de seu contrato com a Precisa. Em nota divulgada na \u00e9poca, a farmac\u00eautica indiana afirmou que o contrato celebrado com a empresa brasileira para introduzir a vacina Covaxin no Brasil havia sido suspenso &#8220;com efeito imediato&#8221;.<\/p>\n<p style=\"text-align: justify;\">O deputado federal Luis Miranda (DEM-DF) e o irm\u00e3o dele, o servidor do Minist\u00e9rio da Sa\u00fade Luis Ricardo Miranda, apresentaram aos senadores da CPI da Covid suspeitas de irregularidades no contrato da Covaxin. Segundo eles, houve press\u00f5es internas no Minist\u00e9rio da Sa\u00fade para que a vacina fosse aprovada.<\/p>\n<p style=\"text-align: justify;\">Miranda afirma ter alertado Bolsonaro em janeiro sobre as suspeitas de irregularidades na compra da vacina indiana. Em 20 de mar\u00e7o, o deputado e seu irm\u00e3o reuniram-se com o presidente.<\/p>\n<p style=\"text-align: justify;\">Luis Miranda disse que Bolsonaro suspeitou de Ricardo Barros (PP-PR), atual l\u00edder do Governo na C\u00e2mara, e teria dito que pediria um inqu\u00e9rito na Pol\u00edcia Federal sobre o contrato. N\u00e3o h\u00e1 informa\u00e7\u00f5es sobre um inqu\u00e9rito do tipo em andamento.<\/p>\n<p style=\"text-align: justify;\">O presidente da CPI, senador Omar Aziz (PSD-AM), chegou a afirmar que as acusa\u00e7\u00f5es talvez sejam as mais graves recebidas pelo colegiado.<\/p>\n<\/div>\n<\/div>\n<p>Fonte: <a href=\"https:\/\/www.noticiasaominuto.com.br\/brasil\/1856854\/oms-aprova-uso-emergencial-da-vacina-covaxin-para-covid-19\">Noticias ao Minuto<\/a><\/p>\n<\/div>\n","protected":false},"excerpt":{"rendered":"<p>A ag\u00eancia n\u00e3o recomenda a aplica\u00e7\u00e3o em gr\u00e1vidas S\u00c3O PAULO, SP (UOL\/FOLHAPRESS) &#8211; A Organiza\u00e7\u00e3o Mundial da Sa\u00fade (OMS) aprovou nesta quarta-feira (3) o uso emergencial da vacina anticovid-19 Covaxin para pessoas maiores de 18 anos, com intervalo de 4 semanas entre as doses. A ag\u00eancia n\u00e3o recomenda a aplica\u00e7\u00e3o em gr\u00e1vidas. Desenvolvida pelo laborat\u00f3rio<a class=\"moretag\" href=\"http:\/\/sindiquimicabr.com.br\/index.php\/2021\/11\/03\/oms-aprova-uso-emergencial-da-vacina-covaxin-para-covid-19\/\"> [&#8230;]<\/a><\/p>\n","protected":false},"author":2,"featured_media":12229,"comment_status":"closed","ping_status":"closed","sticky":false,"template":"","format":"standard","meta":[],"categories":[2],"tags":[],"_links":{"self":[{"href":"http:\/\/sindiquimicabr.com.br\/index.php\/wp-json\/wp\/v2\/posts\/12228"}],"collection":[{"href":"http:\/\/sindiquimicabr.com.br\/index.php\/wp-json\/wp\/v2\/posts"}],"about":[{"href":"http:\/\/sindiquimicabr.com.br\/index.php\/wp-json\/wp\/v2\/types\/post"}],"author":[{"embeddable":true,"href":"http:\/\/sindiquimicabr.com.br\/index.php\/wp-json\/wp\/v2\/users\/2"}],"replies":[{"embeddable":true,"href":"http:\/\/sindiquimicabr.com.br\/index.php\/wp-json\/wp\/v2\/comments?post=12228"}],"version-history":[{"count":2,"href":"http:\/\/sindiquimicabr.com.br\/index.php\/wp-json\/wp\/v2\/posts\/12228\/revisions"}],"predecessor-version":[{"id":12231,"href":"http:\/\/sindiquimicabr.com.br\/index.php\/wp-json\/wp\/v2\/posts\/12228\/revisions\/12231"}],"wp:featuredmedia":[{"embeddable":true,"href":"http:\/\/sindiquimicabr.com.br\/index.php\/wp-json\/wp\/v2\/media\/12229"}],"wp:attachment":[{"href":"http:\/\/sindiquimicabr.com.br\/index.php\/wp-json\/wp\/v2\/media?parent=12228"}],"wp:term":[{"taxonomy":"category","embeddable":true,"href":"http:\/\/sindiquimicabr.com.br\/index.php\/wp-json\/wp\/v2\/categories?post=12228"},{"taxonomy":"post_tag","embeddable":true,"href":"http:\/\/sindiquimicabr.com.br\/index.php\/wp-json\/wp\/v2\/tags?post=12228"}],"curies":[{"name":"wp","href":"https:\/\/api.w.org\/{rel}","templated":true}]}}