{"id":12236,"date":"2021-11-04T12:16:35","date_gmt":"2021-11-04T12:16:35","guid":{"rendered":"http:\/\/sindiquimicabr.com.br\/?p=12236"},"modified":"2021-11-04T12:16:55","modified_gmt":"2021-11-04T12:16:55","slug":"lira-diz-que-ainda-decidira-se-pec-sera-votada-nesta-quinta-ou-na-semana-que-vem","status":"publish","type":"post","link":"http:\/\/sindiquimicabr.com.br\/index.php\/2021\/11\/04\/lira-diz-que-ainda-decidira-se-pec-sera-votada-nesta-quinta-ou-na-semana-que-vem\/","title":{"rendered":"Lira diz que ainda decidir\u00e1 se PEC ser\u00e1 votada nesta quinta ou na semana que vem"},"content":{"rendered":"<h4 class=\"news-subheadline\">Lira afirmou que deve viajar a Portugal na pr\u00f3xima semana, mas apenas depois que os destaques da PEC forem apreciados e ap\u00f3s a conclus\u00e3o da vota\u00e7\u00e3o em segundo turno<\/h4>\n<div class=\"news-main-image \"><picture><source srcset=\"https:\/\/media-manager.noticiasaominuto.com.br\/640\/naom_609a67f671f0d.jpg\" media=\"(max-width: 640px)\" \/><source srcset=\"https:\/\/media-manager.noticiasaominuto.com.br\/960\/naom_609a67f671f0d.jpg\" media=\"(max-width: 960px)\" \/><img decoding=\"async\" class=\"img-responsive \" src=\"https:\/\/media-manager.noticiasaominuto.com.br\/1920\/naom_609a67f671f0d.jpg\" alt=\"Lira diz que ainda decidir\u00e1 se PEC ser\u00e1 votada nesta quinta ou na semana que vem\" \/> <\/picture><\/div>\n<div class=\"row\">\n<div class=\"col-lg-12 col-md-12 col-sm-6 col-xs-6\"><\/div>\n<\/div>\n<div class=\"row news-main-text-container\">\n<div class=\"col-lg-12 col-md-12 col-sm-12 col-xs-12\">\n<div class=\"news-main-text\">\n<p style=\"text-align: justify;\"><span class=\"news_capital_letter\">O<\/span> presidente da C\u00e2mara, Arthur Lira (PP-AL), disse que vai avaliar, em reuni\u00e3o com os l\u00edderes da Casa, se a Proposta de Emenda \u00e0 Constitui\u00e7\u00e3o (PEC) dos Precat\u00f3rios ser\u00e1 votada nesta quinta-feira, 4, ou na ter\u00e7a-feira, 9. Lira afirmou que deve viajar a Portugal na pr\u00f3xima semana, mas apenas depois que os destaques da PEC forem apreciados e ap\u00f3s a conclus\u00e3o da vota\u00e7\u00e3o em segundo turno.<\/p>\n<p style=\"text-align: justify;\">Lira comemorou o fato de que a PEC contou com 25 votos de apoio do PDT e do PSB, que integram a oposi\u00e7\u00e3o. &#8220;O texto ficou a contento&#8221;, disse. Ele criticou o posicionamento do MDB, que orientou contra o texto, e disse que j\u00e1 \u00e9 hora de o partido decidir se fica ou se sai da base do governo.<\/p>\n<p style=\"text-align: justify;\">Embora Lira trabalhe para tentar viabilizar a continuidade da vota\u00e7\u00e3o ainda nesta quinta-feira, integrantes do governo n\u00e3o contam com essa possibilidade, segundo apurou o <em>Broadcast<\/em>, sistema de not\u00edcias em tempo real do Grupo Estado. O mais prov\u00e1vel, segundo avalia\u00e7\u00e3o dessas fontes, \u00e9 que a vota\u00e7\u00e3o dos destaques fique para semana que vem. H\u00e1 inseguran\u00e7a sobre se haver\u00e1 tempo h\u00e1bil para concluir a aprova\u00e7\u00e3o e viabilizar a operacionaliza\u00e7\u00e3o do Aux\u00edlio Brasil.<\/p>\n<p>Fonte: <a href=\"https:\/\/www.noticiasaominuto.com.br\/economia\/1857198\/lira-diz-que-ainda-decidira-se-pec-sera-votada-nesta-quinta-ou-na-semana-que-vem\">Noticias ao Minuto<\/a><\/p>\n<\/div>\n<\/div>\n<\/div>\n","protected":false},"excerpt":{"rendered":"<p>Lira afirmou que deve viajar a Portugal na pr\u00f3xima semana, mas apenas depois que os destaques da PEC forem apreciados e ap\u00f3s a conclus\u00e3o da vota\u00e7\u00e3o em segundo turno O presidente da C\u00e2mara, Arthur Lira (PP-AL), disse que vai avaliar, em reuni\u00e3o com os l\u00edderes da Casa, se a Proposta de Emenda \u00e0 Constitui\u00e7\u00e3o (PEC)<a class=\"moretag\" href=\"http:\/\/sindiquimicabr.com.br\/index.php\/2021\/11\/04\/lira-diz-que-ainda-decidira-se-pec-sera-votada-nesta-quinta-ou-na-semana-que-vem\/\"> [&#8230;]<\/a><\/p>\n","protected":false},"author":2,"featured_media":12237,"comment_status":"closed","ping_status":"closed","sticky":false,"template":"","format":"standard","meta":[],"categories":[9],"tags":[],"_links":{"self":[{"href":"http:\/\/sindiquimicabr.com.br\/index.php\/wp-json\/wp\/v2\/posts\/12236"}],"collection":[{"href":"http:\/\/sindiquimicabr.com.br\/index.php\/wp-json\/wp\/v2\/posts"}],"about":[{"href":"http:\/\/sindiquimicabr.com.br\/index.php\/wp-json\/wp\/v2\/types\/post"}],"author":[{"embeddable":true,"href":"http:\/\/sindiquimicabr.com.br\/index.php\/wp-json\/wp\/v2\/users\/2"}],"replies":[{"embeddable":true,"href":"http:\/\/sindiquimicabr.com.br\/index.php\/wp-json\/wp\/v2\/comments?post=12236"}],"version-history":[{"count":2,"href":"http:\/\/sindiquimicabr.com.br\/index.php\/wp-json\/wp\/v2\/posts\/12236\/revisions"}],"predecessor-version":[{"id":12239,"href":"http:\/\/sindiquimicabr.com.br\/index.php\/wp-json\/wp\/v2\/posts\/12236\/revisions\/12239"}],"wp:featuredmedia":[{"embeddable":true,"href":"http:\/\/sindiquimicabr.com.br\/index.php\/wp-json\/wp\/v2\/media\/12237"}],"wp:attachment":[{"href":"http:\/\/sindiquimicabr.com.br\/index.php\/wp-json\/wp\/v2\/media?parent=12236"}],"wp:term":[{"taxonomy":"category","embeddable":true,"href":"http:\/\/sindiquimicabr.com.br\/index.php\/wp-json\/wp\/v2\/categories?post=12236"},{"taxonomy":"post_tag","embeddable":true,"href":"http:\/\/sindiquimicabr.com.br\/index.php\/wp-json\/wp\/v2\/tags?post=12236"}],"curies":[{"name":"wp","href":"https:\/\/api.w.org\/{rel}","templated":true}]}}