{"id":12256,"date":"2021-11-05T11:41:17","date_gmt":"2021-11-05T11:41:17","guid":{"rendered":"http:\/\/sindiquimicabr.com.br\/?p=12256"},"modified":"2021-11-05T12:19:15","modified_gmt":"2021-11-05T12:19:15","slug":"prejuizo-ajustado-da-embraer-soma-r-1797-milhoes-no-3o-trimestre","status":"publish","type":"post","link":"http:\/\/sindiquimicabr.com.br\/index.php\/2021\/11\/05\/prejuizo-ajustado-da-embraer-soma-r-1797-milhoes-no-3o-trimestre\/","title":{"rendered":"Preju\u00edzo ajustado da Embraer soma R$ 179,7 milh\u00f5es no 3\u00ba trimestre"},"content":{"rendered":"<h4 class=\"news-subheadline\">O preju\u00edzo l\u00edquido ajustado exclui o Imposto de Renda e a contribui\u00e7\u00e3o social diferidos e do impacto l\u00edquido, ap\u00f3s imposto dos itens especiais que eventualmente tenham sido contabilizados<\/h4>\n<div class=\"news-main-image \"><picture><source srcset=\"https:\/\/media-manager.noticiasaominuto.com.br\/640\/naom_616ff2fb3a9b4.jpg\" media=\"(max-width: 640px)\"><source srcset=\"https:\/\/media-manager.noticiasaominuto.com.br\/960\/naom_616ff2fb3a9b4.jpg\" media=\"(max-width: 960px)\"><img decoding=\"async\" class=\"img-responsive \" src=\"https:\/\/media-manager.noticiasaominuto.com.br\/1920\/naom_616ff2fb3a9b4.jpg\" alt=\"Preju\u00edzo ajustado da Embraer soma R$ 179,7 milh\u00f5es no 3\u00ba trimestre\"> <\/picture><\/div>\n<div class=\"row\">\n<div class=\"col-lg-12 col-md-12 col-sm-6 col-xs-6\"><\/div>\n<\/div>\n<div class=\"row news-main-text-container\">\n<div class=\"col-lg-12 col-md-12 col-sm-12 col-xs-12\">\n<div class=\"news-main-text\">\n<p style=\"text-align: justify;\"><span class=\"news_capital_letter\">A<\/span> Embraer registrou um preju\u00edzo l\u00edquido de R$ 234,2 milh\u00f5es no terceiro trimestre, reduzindo perdas em rela\u00e7\u00e3o ao mesmo per\u00edodo do ano passado, quando o indicador foi negativo em R$ 797,5 milh\u00f5es. No crit\u00e9rio ajustado, as perdas foram de R$ 179,7 milh\u00f5es no per\u00edodo, informou a fabricante de aeronaves na manh\u00e3 desta sexta-feira (5) em balan\u00e7o enviado \u00e0 Comiss\u00e3o de Valores Mobili\u00e1rios (CVM).<\/p>\n<p style=\"text-align: justify;\">O preju\u00edzo l\u00edquido ajustado exclui o Imposto de Renda e a contribui\u00e7\u00e3o social diferidos e do impacto l\u00edquido, ap\u00f3s imposto dos itens especiais que eventualmente tenham sido contabilizados.<\/p>\n<p style=\"text-align: justify;\">O Ebitda alcan\u00e7ou R$ 380,7 milh\u00f5es no per\u00edodo, ante R$ 1 milh\u00e3o um ano antes. No crit\u00e9rio ajustado, o indicador marcou R$ 410,7 milh\u00f5es. Com isso, a margem Ebitda ajustada no terceiro trimestre foi de 8,2%, ante margem negativa de 1% em igual intervalo de 2020.<\/p>\n<p style=\"text-align: justify;\">A receita l\u00edquida da companhia, por sua vez, alcan\u00e7ou R$ 5 bilh\u00f5es de julho a setembro, alta de 22% sobre igual intervalo do ano anterior.<\/p>\n<p>Fonte: <a href=\"https:\/\/www.noticiasaominuto.com.br\/economia\/1857615\/prejuizo-ajustado-da-embraer-soma-r-179-7-milhoes-no-3-trimestre\">Noticias ao Minuto<\/a><\/p>\n<\/div>\n<\/div>\n<\/div>\n","protected":false},"excerpt":{"rendered":"<p>O preju\u00edzo l\u00edquido ajustado exclui o Imposto de Renda e a contribui\u00e7\u00e3o social diferidos e do impacto l\u00edquido, ap\u00f3s imposto dos itens especiais que eventualmente tenham sido contabilizados A Embraer registrou um preju\u00edzo l\u00edquido de R$ 234,2 milh\u00f5es no terceiro trimestre, reduzindo perdas em rela\u00e7\u00e3o ao mesmo per\u00edodo do ano passado, quando o indicador foi<a class=\"moretag\" href=\"http:\/\/sindiquimicabr.com.br\/index.php\/2021\/11\/05\/prejuizo-ajustado-da-embraer-soma-r-1797-milhoes-no-3o-trimestre\/\"> [&#8230;]<\/a><\/p>\n","protected":false},"author":2,"featured_media":12278,"comment_status":"closed","ping_status":"closed","sticky":false,"template":"","format":"standard","meta":[],"categories":[10],"tags":[],"_links":{"self":[{"href":"http:\/\/sindiquimicabr.com.br\/index.php\/wp-json\/wp\/v2\/posts\/12256"}],"collection":[{"href":"http:\/\/sindiquimicabr.com.br\/index.php\/wp-json\/wp\/v2\/posts"}],"about":[{"href":"http:\/\/sindiquimicabr.com.br\/index.php\/wp-json\/wp\/v2\/types\/post"}],"author":[{"embeddable":true,"href":"http:\/\/sindiquimicabr.com.br\/index.php\/wp-json\/wp\/v2\/users\/2"}],"replies":[{"embeddable":true,"href":"http:\/\/sindiquimicabr.com.br\/index.php\/wp-json\/wp\/v2\/comments?post=12256"}],"version-history":[{"count":2,"href":"http:\/\/sindiquimicabr.com.br\/index.php\/wp-json\/wp\/v2\/posts\/12256\/revisions"}],"predecessor-version":[{"id":12279,"href":"http:\/\/sindiquimicabr.com.br\/index.php\/wp-json\/wp\/v2\/posts\/12256\/revisions\/12279"}],"wp:featuredmedia":[{"embeddable":true,"href":"http:\/\/sindiquimicabr.com.br\/index.php\/wp-json\/wp\/v2\/media\/12278"}],"wp:attachment":[{"href":"http:\/\/sindiquimicabr.com.br\/index.php\/wp-json\/wp\/v2\/media?parent=12256"}],"wp:term":[{"taxonomy":"category","embeddable":true,"href":"http:\/\/sindiquimicabr.com.br\/index.php\/wp-json\/wp\/v2\/categories?post=12256"},{"taxonomy":"post_tag","embeddable":true,"href":"http:\/\/sindiquimicabr.com.br\/index.php\/wp-json\/wp\/v2\/tags?post=12256"}],"curies":[{"name":"wp","href":"https:\/\/api.w.org\/{rel}","templated":true}]}}