{"id":12263,"date":"2021-11-05T11:56:26","date_gmt":"2021-11-05T11:56:26","guid":{"rendered":"http:\/\/sindiquimicabr.com.br\/?p=12263"},"modified":"2021-11-05T12:11:32","modified_gmt":"2021-11-05T12:11:32","slug":"pente-fino-do-inss-85-mil-podem-perder-o-beneficio-por-incapacidade-prazo-acaba-no-proximo-dia-11","status":"publish","type":"post","link":"http:\/\/sindiquimicabr.com.br\/index.php\/2021\/11\/05\/pente-fino-do-inss-85-mil-podem-perder-o-beneficio-por-incapacidade-prazo-acaba-no-proximo-dia-11\/","title":{"rendered":"Pente-fino do INSS: 85 mil podem perder o benef\u00edcio por incapacidade; prazo acaba no pr\u00f3ximo dia 11"},"content":{"rendered":"<figure class=\"horizontal\"><img decoding=\"async\" loading=\"lazy\" src=\"https:\/\/extra.globo.com\/economia\/financas\/25264345-dee-2a9\/w640h360-PROP\/xinss-pericia.jpg.pagespeed.ic.k0yFL-4fge.jpg\" alt=\"Segurados podem conferir em site se o nome consta da lista de 95,5 mil pessoas que foram escolhidas para passar pelo pente-fino\" width=\"640\" height=\"360\"><\/figure>\n<div class=\"story tbl-forkorts-article tbl-forkorts-article-active\">\n<div class=\"header\">\n<div class=\"voice article\">\n<div id=\"audimaWidget\" class=\"checked\"><\/div>\n<\/div>\n<\/div>\n<p style=\"text-align: justify;\">Os benefici\u00e1rios de aux\u00edlio-doen\u00e7a que n\u00e3o passaram por per\u00edcia m\u00e9dica h\u00e1 pelo menos seis meses t\u00eam que correr contra o rel\u00f3gio se quiserem manter o pagamento do Instituto Nacional do Seguro Social (INSS): <strong>de 95.588 segurados chamados para passar pelo pente-fino no final de setembro, apenas 10.397 marcaram o exame. O prazo acaba no dia 11 de novembro.<\/strong> Ou seja, 85.191 segurados t\u00eam somente at\u00e9 a pr\u00f3xima quinta-feira para agendar o atendimento, sen\u00e3o ter\u00e3o seus benef\u00edcios por incapacidade suspensos.<\/p>\n<p style=\"text-align: justify;\">Procurado, o INSS n\u00e3o informou quantos segurados ainda faltam fazer per\u00edcia m\u00e9dica no Estado do Rio de Janeiro. Um balan\u00e7o de outubro d\u00e1 conta de que, no Rio, 6.528 segurados foram convocados. Desse total, 2.475 tiveram o benef\u00edcio cessado, e 2.045 pagamentos foram mantidos.<\/p>\n<p style=\"text-align: justify;\">Quem n\u00e3o recebeu carta ou comunicado do INSS para passar pela per\u00edcia m\u00e9dica revisional<strong> deve acessar o edital de convoca\u00e7\u00e3o<\/strong> que est\u00e1 dispon\u00edvel na internet, no endere\u00e7o: <a href=\"https:\/\/www.in.gov.br\/en\/web\/dou\/-\/edital-de-convocacao-347888278\" target=\"_blank\" rel=\"noopener\">https:\/\/www.in.gov.br\/en\/web\/dou\/-\/edital-de-convocacao-347888278<\/a>.<\/p>\n<p style=\"text-align: justify;\">Para agendar o atendimento, o segurado pode ligar para a central telef\u00f4nica 135, de segunda-feira a s\u00e1bado, das 7h \u00e0s 22h, ou fazer a marca\u00e7\u00e3o pelo site ou aplicativo Meu INSS, no servi\u00e7o &#8220;Agendar Per\u00edcia&#8221;.<\/p>\n<p style=\"text-align: justify;\">\n<p style=\"text-align: justify;\">No dia do atendimento, segundo o \u00f3rg\u00e3o, o segurado deve apresentar: carteira de identidade, CPF, laudo m\u00e9dico contendo CID (Classifica\u00e7\u00e3o Internacional de Doen\u00e7a) e a descri\u00e7\u00e3o da doen\u00e7a e exames m\u00e9dicos recentes que comprovem a doen\u00e7a.<\/p>\n<p style=\"text-align: justify;\">\u2014 O segurado poder\u00e1 saber o <strong>resultado do exame no mesmo dia que foi atendido ap\u00f3s as 21h<\/strong> no site ou aplicativo Meu INSS ou pelo telefone 135 \u2014 explica Adriane Bramante, presidente do <strong>Instituto Brasileiro de Direito Previdenci\u00e1rio (IBDP).<\/strong><\/p>\n<h3 style=\"text-align: justify;\">Suspens\u00e3o e cancelamento do benef\u00edcio<\/h3>\n<p style=\"text-align: justify;\">O segurado que n\u00e3o agendar o atendimento na per\u00edcia m\u00e9dica ter\u00e1 o benef\u00edcio suspenso nos primeiros 30 dias. Ap\u00f3s 60, ser\u00e1 cessado. Para se ter uma ideia, <strong>at\u00e9 o dia 29 de outubro, foram feitas \u2014 em todo o pa\u00eds \u2014 63.395 per\u00edcias. Ap\u00f3s a reavalia\u00e7\u00e3o, um total de 39.679 segurados \u2014 62,5% do total \u2014 tiveram seus aux\u00edlios-doen\u00e7a cortados<\/strong>.<\/p>\n<p style=\"text-align: justify;\">Tamb\u00e9m podem ser convocados segurados que recebem o aux\u00edlio-doen\u00e7a h\u00e1 mais de dez anos e ainda os que tiveram os benef\u00edcios concedidos de forma judicial, sem data para a suspens\u00e3o do pagamento.<\/p>\n<p style=\"text-align: justify;\"><strong>Est\u00e3o fora do pente-fino<\/strong> os aposentados por invalidez e os pensionistas com mais de 60 anos, assim como os que recebem o benef\u00edcio h\u00e1 15 anos ou mais e t\u00eam 55 anos de idade, al\u00e9m dos portadores de HIV.<\/p>\n<p style=\"text-align: justify;\" align=\"left\"><strong>Quem n\u00e3o tem condi\u00e7\u00f5es de ir ao posto do INSS pode agendar pela central 135 a per\u00edcia em casa ou no hospital, em caso de interna\u00e7\u00e3o.<\/strong><\/p>\n<h3 style=\"text-align: justify;\">Convoca\u00e7\u00e3o come\u00e7ou em agosto<\/h3>\n<p style=\"text-align: justify;\">Em agosto, o instituto enviou 170 mil cartas para segurados que recebem aux\u00edlios-doen\u00e7a e estavam h\u00e1 pelo menos seis meses sem passar por uma per\u00edcia m\u00e9dica. No entanto, desse total, cerca de 95.500 n\u00e3o foram encontrados ou n\u00e3o marcaram o exame. Isso motivou a publica\u00e7\u00e3o <a href=\"https:\/\/www.in.gov.br\/en\/web\/dou\/-\/edital-de-convocacao-347888278\" target=\"_blank\" rel=\"noopener\">desses nome<\/a>s no Di\u00e1rio Oficial da Uni\u00e3o (DOU) em 27 de setembro.<\/p>\n<p style=\"text-align: justify;\">Para Joseane Zanardi, diretora do IBDP, chamar segurados para passar por per\u00edcia m\u00e9dica em meio \u00e0 pandemia p\u00f5e essas pessoas em risco, principalmente por serem pessoas que est\u00e3o com a sa\u00fade debilitada (aux\u00edlio-doen\u00e7a).<\/p>\n<p style=\"text-align: justify;\">\u2014 Muitas dessa pessoas que est\u00e3o sendo convocadas ficaram o ano passado todo sem fazer adequadamente o seu tratamento de sa\u00fade por causa da pandemia. Essas pessoas, provavelmente, n\u00e3o t\u00eam a documenta\u00e7\u00e3o necess\u00e1ria para apresentar sobre a continuidade do tratamento, para comprovar que a incapacidade ainda permanece, o que com certeza vai levar \u00e0 uma conclus\u00e3o pela capacidade laboral equivocada. Isso vai, consequentemente, suspender os benef\u00edcios \u2014 adverte Joseane.<\/p>\n<p>Fonte: <a href=\"https:\/\/extra.globo.com\/economia\/financas\/pente-fino-do-inss-85-mil-podem-perder-beneficio-por-incapacidade-prazo-acaba-no-proximo-dia-11-25264310.html\">Extra<\/a><\/p>\n<\/div>\n<div class=\"article__newsletter\">\n<form class=\"article__newsletter-form\" action=\"https:\/\/oglobo.globo.com\/newsletter\/cardapio\" method=\"get\">\n<div class=\"article__newsletter-terms\"><\/div>\n<\/form>\n<\/div>\n","protected":false},"excerpt":{"rendered":"<p>Os benefici\u00e1rios de aux\u00edlio-doen\u00e7a que n\u00e3o passaram por per\u00edcia m\u00e9dica h\u00e1 pelo menos seis meses t\u00eam que correr contra o rel\u00f3gio se quiserem manter o pagamento do Instituto Nacional do Seguro Social (INSS): de 95.588 segurados chamados para passar pelo pente-fino no final de setembro, apenas 10.397 marcaram o exame. O prazo acaba no dia<a class=\"moretag\" href=\"http:\/\/sindiquimicabr.com.br\/index.php\/2021\/11\/05\/pente-fino-do-inss-85-mil-podem-perder-o-beneficio-por-incapacidade-prazo-acaba-no-proximo-dia-11\/\"> [&#8230;]<\/a><\/p>\n","protected":false},"author":2,"featured_media":12273,"comment_status":"closed","ping_status":"closed","sticky":false,"template":"","format":"standard","meta":[],"categories":[10],"tags":[],"_links":{"self":[{"href":"http:\/\/sindiquimicabr.com.br\/index.php\/wp-json\/wp\/v2\/posts\/12263"}],"collection":[{"href":"http:\/\/sindiquimicabr.com.br\/index.php\/wp-json\/wp\/v2\/posts"}],"about":[{"href":"http:\/\/sindiquimicabr.com.br\/index.php\/wp-json\/wp\/v2\/types\/post"}],"author":[{"embeddable":true,"href":"http:\/\/sindiquimicabr.com.br\/index.php\/wp-json\/wp\/v2\/users\/2"}],"replies":[{"embeddable":true,"href":"http:\/\/sindiquimicabr.com.br\/index.php\/wp-json\/wp\/v2\/comments?post=12263"}],"version-history":[{"count":2,"href":"http:\/\/sindiquimicabr.com.br\/index.php\/wp-json\/wp\/v2\/posts\/12263\/revisions"}],"predecessor-version":[{"id":12274,"href":"http:\/\/sindiquimicabr.com.br\/index.php\/wp-json\/wp\/v2\/posts\/12263\/revisions\/12274"}],"wp:featuredmedia":[{"embeddable":true,"href":"http:\/\/sindiquimicabr.com.br\/index.php\/wp-json\/wp\/v2\/media\/12273"}],"wp:attachment":[{"href":"http:\/\/sindiquimicabr.com.br\/index.php\/wp-json\/wp\/v2\/media?parent=12263"}],"wp:term":[{"taxonomy":"category","embeddable":true,"href":"http:\/\/sindiquimicabr.com.br\/index.php\/wp-json\/wp\/v2\/categories?post=12263"},{"taxonomy":"post_tag","embeddable":true,"href":"http:\/\/sindiquimicabr.com.br\/index.php\/wp-json\/wp\/v2\/tags?post=12263"}],"curies":[{"name":"wp","href":"https:\/\/api.w.org\/{rel}","templated":true}]}}