{"id":12265,"date":"2021-11-05T12:01:06","date_gmt":"2021-11-05T12:01:06","guid":{"rendered":"http:\/\/sindiquimicabr.com.br\/?p=12265"},"modified":"2021-11-05T12:09:12","modified_gmt":"2021-11-05T12:09:12","slug":"governo-federal-troca-comando-do-inss-que-tem-quase-2-milhoes-na-fila-a-esperada-por-beneficios","status":"publish","type":"post","link":"http:\/\/sindiquimicabr.com.br\/index.php\/2021\/11\/05\/governo-federal-troca-comando-do-inss-que-tem-quase-2-milhoes-na-fila-a-esperada-por-beneficios\/","title":{"rendered":"Governo federal troca comando do INSS, que tem quase 2 milh\u00f5es na fila \u00e0 esperada por benef\u00edcios"},"content":{"rendered":"<header><\/header>\n<figure class=\"horizontal\">\n<div id=\"standard_1\" class=\"st-placement standard_1 inImage\">\n<div class=\"st-adunit st-reset st-show\">\n<div class=\"st-adunit-ad st-reset\">\n<div class=\"st-display-render st-reset\">\n<div class=\"st-reset\">\n<div class=\"important-styled st-canvas-container open SuperLeaderboard display-standard fssquz2\">\n<div class=\"important-styled st-canvas-el fhxwyqa\">\n<div class=\"important-styled st-canvas-container undefined fssquz2\">\n<div class=\"important-styled st-canvas-el fj7lmfe\">\n<div class=\"important-styled st-canvas-container undefined fssquz2\">\n<div class=\"important-styled st-canvas-el f1o2l1qs\">\n<div class=\"important-styled display-render x-to-close f9k8010\"><\/div>\n<\/div>\n<\/div>\n<\/div>\n<\/div>\n<\/div>\n<\/div>\n<\/div>\n<\/div>\n<\/div>\n<\/div>\n<\/div>\n<\/figure>\n<figure class=\"horizontal\"><img decoding=\"async\" loading=\"lazy\" src=\"https:\/\/extra.globo.com\/incoming\/25264974-e85-43f\/w640h360-PROP\/xrolim.jpg.pagespeed.ic.Vf38JajMoA.jpg\" alt=\"Leonardo Rolim, presidente do INSS, participou da 32\u00aa edi\u00e7\u00e3o do F\u00f3rum Nacional\" width=\"640\" height=\"360\"><\/figure>\n<div class=\"story\">\n<div class=\"header\">\n<div class=\"voice article\">\n<div id=\"audimaWidget\" class=\"checked\"><\/div>\n<\/div>\n<\/div>\n<p style=\"text-align: justify;\">BRAS\u00cdLIA \u2014 O governo federal fez nesta sexta-feira uma <strong>mudan\u00e7a no comando<\/strong> do Instituto Nacional do Seguro Social (<strong>INSS<\/strong>). O presidente do \u00f3rg\u00e3o,<strong> Leonardo Rolim<\/strong>, foi exonerado do cargo para comandar a Secretaria de Previd\u00eancia do Minist\u00e9rio do Trabalho e Previd\u00eancia. Rolim ser\u00e1 substitu\u00eddo por Jos\u00e9 Carlos Oliveira.<\/p>\n<p style=\"text-align: justify;\">Na Secretaria de Previd\u00eancia, Rolim substituir\u00e1 Narlon Gutierre, exonerado nesta sexta-feira. As mudan\u00e7as foram publicadas no Di\u00e1rio Oficial da Uni\u00e3o (DOU).<\/p>\n<p style=\"text-align: justify;\">A gest\u00e3o do INSS \u00e9 um dos pontos fr\u00e1geis do governo. Em julho, \u00faltimo m\u00eas com dados dispon\u00edveis, havia uma fila de 1,8 milh\u00e3o de pessoas aguardando benef\u00edcios. Acabar com essa espera \u00e9 uma promessa do governo, que nunca foi cumprida.<\/p>\n<h3 style=\"text-align: justify;\">Promessa n\u00e3o cumprida<\/h3>\n<p style=\"text-align: justify;\">Em julho, o governo decidiu desmembrar o Minist\u00e9rio da Economia, comandado por Paulo Guedes, e recriou a para de Trabalho e Previd\u00eancia, que est\u00e1 sob a tutela de Onyx Lorenzoni. Ele assumiu prometendo novamente zerar a fila.<\/p>\n<p style=\"text-align: justify;\">Lorenzoni chegou a anunciar que chamaria centenas de funcion\u00e1rios da Infraero \u2014 estatal que controla aeroportos, hoje quase totalmente privatizados \u2014 para atuarem no INSS. Mas at\u00e9 hoje, quase quatro meses depois, n\u00e3o houve ainda este mutir\u00e3o.<\/p>\n<p style=\"text-align: justify;\">Rolim j\u00e1 comandou a Secretaria de Previd\u00eancia no in\u00edcio do governo do presidente Jair Bolsonaro. Ele deixou o cargo em janeiro de 2020, justamente para assumir o INSS. Ele foi substitu\u00eddo por Gutierre, que era secret\u00e1rio-adjunto.<\/p>\n<\/div>\n<p>Fonte: <a href=\"https:\/\/extra.globo.com\/economia\/governo-federal-troca-comando-do-inss-que-tem-quase-2-milhoes-na-fila-esperada-por-beneficios-25264972.html\">Extra<\/a><\/p>\n","protected":false},"excerpt":{"rendered":"<p>BRAS\u00cdLIA \u2014 O governo federal fez nesta sexta-feira uma mudan\u00e7a no comando do Instituto Nacional do Seguro Social (INSS). O presidente do \u00f3rg\u00e3o, Leonardo Rolim, foi exonerado do cargo para comandar a Secretaria de Previd\u00eancia do Minist\u00e9rio do Trabalho e Previd\u00eancia. Rolim ser\u00e1 substitu\u00eddo por Jos\u00e9 Carlos Oliveira. Na Secretaria de Previd\u00eancia, Rolim substituir\u00e1 Narlon<a class=\"moretag\" href=\"http:\/\/sindiquimicabr.com.br\/index.php\/2021\/11\/05\/governo-federal-troca-comando-do-inss-que-tem-quase-2-milhoes-na-fila-a-esperada-por-beneficios\/\"> [&#8230;]<\/a><\/p>\n","protected":false},"author":2,"featured_media":12271,"comment_status":"closed","ping_status":"closed","sticky":false,"template":"","format":"standard","meta":[],"categories":[9],"tags":[],"_links":{"self":[{"href":"http:\/\/sindiquimicabr.com.br\/index.php\/wp-json\/wp\/v2\/posts\/12265"}],"collection":[{"href":"http:\/\/sindiquimicabr.com.br\/index.php\/wp-json\/wp\/v2\/posts"}],"about":[{"href":"http:\/\/sindiquimicabr.com.br\/index.php\/wp-json\/wp\/v2\/types\/post"}],"author":[{"embeddable":true,"href":"http:\/\/sindiquimicabr.com.br\/index.php\/wp-json\/wp\/v2\/users\/2"}],"replies":[{"embeddable":true,"href":"http:\/\/sindiquimicabr.com.br\/index.php\/wp-json\/wp\/v2\/comments?post=12265"}],"version-history":[{"count":2,"href":"http:\/\/sindiquimicabr.com.br\/index.php\/wp-json\/wp\/v2\/posts\/12265\/revisions"}],"predecessor-version":[{"id":12272,"href":"http:\/\/sindiquimicabr.com.br\/index.php\/wp-json\/wp\/v2\/posts\/12265\/revisions\/12272"}],"wp:featuredmedia":[{"embeddable":true,"href":"http:\/\/sindiquimicabr.com.br\/index.php\/wp-json\/wp\/v2\/media\/12271"}],"wp:attachment":[{"href":"http:\/\/sindiquimicabr.com.br\/index.php\/wp-json\/wp\/v2\/media?parent=12265"}],"wp:term":[{"taxonomy":"category","embeddable":true,"href":"http:\/\/sindiquimicabr.com.br\/index.php\/wp-json\/wp\/v2\/categories?post=12265"},{"taxonomy":"post_tag","embeddable":true,"href":"http:\/\/sindiquimicabr.com.br\/index.php\/wp-json\/wp\/v2\/tags?post=12265"}],"curies":[{"name":"wp","href":"https:\/\/api.w.org\/{rel}","templated":true}]}}