{"id":12299,"date":"2021-11-08T13:02:42","date_gmt":"2021-11-08T13:02:42","guid":{"rendered":"http:\/\/sindiquimicabr.com.br\/?p=12299"},"modified":"2021-11-08T13:02:44","modified_gmt":"2021-11-08T13:02:44","slug":"operadoras-apontam-gargalos-no-caminho-do-5g","status":"publish","type":"post","link":"http:\/\/sindiquimicabr.com.br\/index.php\/2021\/11\/08\/operadoras-apontam-gargalos-no-caminho-do-5g\/","title":{"rendered":"Operadoras apontam &#8216;gargalos&#8217; no caminho do 5G"},"content":{"rendered":"<h4 class=\"news-subheadline\">Um deles \u00e9 a escassez de m\u00e3o de obra qualificada, na avalia\u00e7\u00e3o de Luiz Henrique Barbosa, presidente da Associa\u00e7\u00e3o Brasileira das Prestadoras de Servi\u00e7os de Telecomunica\u00e7\u00f5es (Telcomp)<\/h4>\n<div class=\"news-main-image \"><picture><source srcset=\"https:\/\/media-manager.noticiasaominuto.com.br\/640\/naom_5f8fe9a8743b4.jpg\" media=\"(max-width: 640px)\" \/><source srcset=\"https:\/\/media-manager.noticiasaominuto.com.br\/960\/naom_5f8fe9a8743b4.jpg\" media=\"(max-width: 960px)\" \/><img decoding=\"async\" class=\"img-responsive \" src=\"https:\/\/media-manager.noticiasaominuto.com.br\/1920\/naom_5f8fe9a8743b4.jpg\" alt=\"Operadoras apontam 'gargalos' no caminho do 5G\" \/> <\/picture><\/div>\n<div class=\"row\">\n<div class=\"col-lg-12 col-md-12 col-sm-6 col-xs-6\">\n<p class=\"news-main-image-copyright text-left\">\n<\/div>\n<\/div>\n<div class=\"row news-main-text-container\">\n<div class=\"col-lg-12 col-md-12 col-sm-12 col-xs-12\">\n<div class=\"news-main-text\">\n<p style=\"text-align: justify;\"><span class=\"news_capital_letter\">C<\/span>om o leil\u00e3o do 5G definido, as operadoras de telecomunica\u00e7\u00f5es ter\u00e3o de correr agora para fazer frente aos compromissos de implementa\u00e7\u00e3o das redes definidos pelo governo e colocar em pr\u00e1tica seus planos de neg\u00f3cios para ganhar dinheiro com a nova tecnologia. Para isso, por\u00e9m, o setor ter\u00e1 de superar alguns &#8220;gargalos&#8221;.<\/p>\n<p style=\"text-align: justify;\">Um deles \u00e9 a escassez de m\u00e3o de obra qualificada, na avalia\u00e7\u00e3o de Luiz Henrique Barbosa, presidente da Associa\u00e7\u00e3o Brasileira das Prestadoras de Servi\u00e7os de Telecomunica\u00e7\u00f5es (Telcomp). &#8220;Existem mais de 400 mil vagas abertas no ramo de telecomunica\u00e7\u00f5es, de tecnologia da informa\u00e7\u00e3o, que n\u00e3o s\u00e3o preenchidas por falta de profissionais qualificados&#8221;, afirma ele.<\/p>\n<p style=\"text-align: justify;\">Segundo Barbosa, a falta desses profissionais capacitados abrangeria de desenvolvedores de aplicativos para explorar as novas funcionalidades do 5G a t\u00e9cnicos que trabalham com a instala\u00e7\u00e3o de equipamentos.<\/p>\n<p style=\"text-align: justify;\">Outro gargalo apontado pelo setor diz respeito \u00e0 burocracia para instala\u00e7\u00e3o de antenas nos munic\u00edpios. Embora exista legisla\u00e7\u00e3o federal orientando o licenciamento de novas esta\u00e7\u00f5es r\u00e1dio-base, s\u00e3o as leis municipais que definem as regras de instala\u00e7\u00e3o.<\/p>\n<p style=\"text-align: justify;\">Um levantamento realizado pela Conexis, o sindicato patronal das grandes operadoras, apontou que apenas 7 das 27 capitais brasileiras teriam legisla\u00e7\u00f5es consideradas &#8220;modernas&#8221; para instala\u00e7\u00e3o de infraestrutura. Nos outros casos, as regras apresentariam defasagem, conflitos e excesso de burocracia.<\/p>\n<p style=\"text-align: justify;\">&#8220;O 5G vai exigir de 5 a 10 vezes mais antenas do que o 4G, considerando a mesma \u00e1rea de cobertura, mas s\u00e3o antenas pequenas que podem ser instaladas nas fachadas dos edif\u00edcios&#8221;, afirma o presidente executivo da Conexis, Marcos Ferrari.<\/p>\n<p style=\"text-align: justify;\">As informa\u00e7\u00f5es s\u00e3o do jornal <strong>O Estado de S. Paulo.<\/strong><\/p>\n<p>Fonte: <a href=\"https:\/\/www.noticiasaominuto.com.br\/economia\/1858346\/operadoras-apontam-gargalos-no-caminho-do-5g\">Noticias ao Minuto<\/a><strong><br \/>\n<\/strong><\/p>\n<\/div>\n<\/div>\n<\/div>\n","protected":false},"excerpt":{"rendered":"<p>Um deles \u00e9 a escassez de m\u00e3o de obra qualificada, na avalia\u00e7\u00e3o de Luiz Henrique Barbosa, presidente da Associa\u00e7\u00e3o Brasileira das Prestadoras de Servi\u00e7os de Telecomunica\u00e7\u00f5es (Telcomp) Com o leil\u00e3o do 5G definido, as operadoras de telecomunica\u00e7\u00f5es ter\u00e3o de correr agora para fazer frente aos compromissos de implementa\u00e7\u00e3o das redes definidos pelo governo e colocar<a class=\"moretag\" href=\"http:\/\/sindiquimicabr.com.br\/index.php\/2021\/11\/08\/operadoras-apontam-gargalos-no-caminho-do-5g\/\"> [&#8230;]<\/a><\/p>\n","protected":false},"author":2,"featured_media":12300,"comment_status":"closed","ping_status":"closed","sticky":false,"template":"","format":"standard","meta":[],"categories":[2],"tags":[],"_links":{"self":[{"href":"http:\/\/sindiquimicabr.com.br\/index.php\/wp-json\/wp\/v2\/posts\/12299"}],"collection":[{"href":"http:\/\/sindiquimicabr.com.br\/index.php\/wp-json\/wp\/v2\/posts"}],"about":[{"href":"http:\/\/sindiquimicabr.com.br\/index.php\/wp-json\/wp\/v2\/types\/post"}],"author":[{"embeddable":true,"href":"http:\/\/sindiquimicabr.com.br\/index.php\/wp-json\/wp\/v2\/users\/2"}],"replies":[{"embeddable":true,"href":"http:\/\/sindiquimicabr.com.br\/index.php\/wp-json\/wp\/v2\/comments?post=12299"}],"version-history":[{"count":1,"href":"http:\/\/sindiquimicabr.com.br\/index.php\/wp-json\/wp\/v2\/posts\/12299\/revisions"}],"predecessor-version":[{"id":12301,"href":"http:\/\/sindiquimicabr.com.br\/index.php\/wp-json\/wp\/v2\/posts\/12299\/revisions\/12301"}],"wp:featuredmedia":[{"embeddable":true,"href":"http:\/\/sindiquimicabr.com.br\/index.php\/wp-json\/wp\/v2\/media\/12300"}],"wp:attachment":[{"href":"http:\/\/sindiquimicabr.com.br\/index.php\/wp-json\/wp\/v2\/media?parent=12299"}],"wp:term":[{"taxonomy":"category","embeddable":true,"href":"http:\/\/sindiquimicabr.com.br\/index.php\/wp-json\/wp\/v2\/categories?post=12299"},{"taxonomy":"post_tag","embeddable":true,"href":"http:\/\/sindiquimicabr.com.br\/index.php\/wp-json\/wp\/v2\/tags?post=12299"}],"curies":[{"name":"wp","href":"https:\/\/api.w.org\/{rel}","templated":true}]}}