{"id":12313,"date":"2021-11-09T11:51:07","date_gmt":"2021-11-09T11:51:07","guid":{"rendered":"http:\/\/sindiquimicabr.com.br\/?p=12313"},"modified":"2021-11-09T11:56:27","modified_gmt":"2021-11-09T11:56:27","slug":"cerca-de-85-mil-pessoas-podem-ter-beneficio-do-inss-suspenso","status":"publish","type":"post","link":"http:\/\/sindiquimicabr.com.br\/index.php\/2021\/11\/09\/cerca-de-85-mil-pessoas-podem-ter-beneficio-do-inss-suspenso\/","title":{"rendered":"Cerca de 85 mil pessoas podem ter benef\u00edcio do INSS suspenso"},"content":{"rendered":"<h4 class=\"news-subheadline\">Em 27 de setembro, o INSS convocou 95.588 segurados para agendarem per\u00edcia m\u00e9dica at\u00e9 11 de novembro<\/h4>\n<div class=\"news-main-image \"><picture><source srcset=\"https:\/\/media-manager.noticiasaominuto.com.br\/640\/naom_5f746152d04e0.jpg\" media=\"(max-width: 640px)\" \/><source srcset=\"https:\/\/media-manager.noticiasaominuto.com.br\/960\/naom_5f746152d04e0.jpg\" media=\"(max-width: 960px)\" \/><img decoding=\"async\" class=\"img-responsive \" src=\"https:\/\/media-manager.noticiasaominuto.com.br\/1920\/naom_5f746152d04e0.jpg\" alt=\"Cerca de 85 mil pessoas podem ter benef\u00edcio do INSS suspenso\" \/> <\/picture><\/div>\n<div class=\"row\">\n<div class=\"col-lg-12 col-md-12 col-sm-6 col-xs-6\"><\/div>\n<\/div>\n<div class=\"row news-main-text-container\">\n<div class=\"col-lg-12 col-md-12 col-sm-12 col-xs-12\">\n<div class=\"news-main-text\">\n<p style=\"text-align: justify;\"><span class=\"news_capital_letter\">C<\/span>erca de 85 mil segurados do Instituto Nacional do Seguro Social (INSS) que recebem o benef\u00edcio por incapacidade tempor\u00e1ria (antigo aux\u00edlio-doen\u00e7a) podem ter o benef\u00edcio suspenso at\u00e9 a pr\u00f3xima quinta-feira (11). Eles foram convocados pela opera\u00e7\u00e3o pente-fino do \u00f3rg\u00e3o para fazerem per\u00edcia m\u00e9dica a fim de verificar poss\u00edveis irregularidades.<\/p>\n<p style=\"text-align: justify;\">Em 27 de setembro, o INSS convocou 95.588 segurados para agendarem per\u00edcia m\u00e9dica at\u00e9 11 de novembro. Segundo o \u00f3rg\u00e3o, at\u00e9 agora somente 10.397 marcaram o exame, com 85.191 pass\u00edveis de perderem o aux\u00edlio de incapacidade tempor\u00e1ria.<\/p>\n<p style=\"text-align: justify;\">A rela\u00e7\u00e3o completa dos convocados pode ser consultada no <em>Di\u00e1rio Oficial da Uni\u00e3o<\/em>. Desde julho, o \u00f3rg\u00e3o est\u00e1 enviando cartas a 170 mil segurados. As per\u00edcias come\u00e7aram em agosto. Quem recebe a notifica\u00e7\u00e3o tem 30 dias, a contar da data de recebimento informada pelos Correios, para agendar o procedimento.<\/p>\n<p style=\"text-align: justify;\">De acordo com o INSS, as pessoas convocadas por meio do <em>Di\u00e1rio Oficial<\/em> n\u00e3o foram localizadas nos endere\u00e7os da base de dados do \u00f3rg\u00e3o ou receberam a carta de notifica\u00e7\u00e3o, mas n\u00e3o marcaram a per\u00edcia m\u00e9dica.<\/p>\n<p style=\"text-align: justify;\">O exame pode ser marcado de tr\u00eas formas: pelo aplicativo Meu INSS, pela central de atendimento 135 ou pela p\u00e1gina do INSS na internet. O benefici\u00e1rio deve levar os seguintes documentos no dia da per\u00edcia: carteira de identidade, Cadastro de Pessoas F\u00edsicas (CPF), exames m\u00e9dicos recentes que comprovem a incapacidade de trabalhar e laudo com nome do m\u00e9dico, registro no Conselho Regional de Medicina (CRM), c\u00f3digo da doen\u00e7a\/CID (classifica\u00e7\u00e3o internacional de doen\u00e7as) e a descri\u00e7\u00e3o da doen\u00e7a.<\/p>\n<p style=\"text-align: justify;\">Com informa\u00e7\u00f5es da Ag\u00eancia Brasil<\/p>\n<p>Fonte: <a href=\"https:\/\/www.noticiasaominuto.com.br\/economia\/1858565\/cerca-de-85-mil-pessoas-podem-ter-beneficio-do-inss-suspenso\">Noticias ao Minuto<\/a><\/p>\n<\/div>\n<\/div>\n<\/div>\n","protected":false},"excerpt":{"rendered":"<p>Em 27 de setembro, o INSS convocou 95.588 segurados para agendarem per\u00edcia m\u00e9dica at\u00e9 11 de novembro Cerca de 85 mil segurados do Instituto Nacional do Seguro Social (INSS) que recebem o benef\u00edcio por incapacidade tempor\u00e1ria (antigo aux\u00edlio-doen\u00e7a) podem ter o benef\u00edcio suspenso at\u00e9 a pr\u00f3xima quinta-feira (11). Eles foram convocados pela opera\u00e7\u00e3o pente-fino do<a class=\"moretag\" href=\"http:\/\/sindiquimicabr.com.br\/index.php\/2021\/11\/09\/cerca-de-85-mil-pessoas-podem-ter-beneficio-do-inss-suspenso\/\"> [&#8230;]<\/a><\/p>\n","protected":false},"author":2,"featured_media":12315,"comment_status":"closed","ping_status":"closed","sticky":false,"template":"","format":"standard","meta":[],"categories":[10],"tags":[],"_links":{"self":[{"href":"http:\/\/sindiquimicabr.com.br\/index.php\/wp-json\/wp\/v2\/posts\/12313"}],"collection":[{"href":"http:\/\/sindiquimicabr.com.br\/index.php\/wp-json\/wp\/v2\/posts"}],"about":[{"href":"http:\/\/sindiquimicabr.com.br\/index.php\/wp-json\/wp\/v2\/types\/post"}],"author":[{"embeddable":true,"href":"http:\/\/sindiquimicabr.com.br\/index.php\/wp-json\/wp\/v2\/users\/2"}],"replies":[{"embeddable":true,"href":"http:\/\/sindiquimicabr.com.br\/index.php\/wp-json\/wp\/v2\/comments?post=12313"}],"version-history":[{"count":1,"href":"http:\/\/sindiquimicabr.com.br\/index.php\/wp-json\/wp\/v2\/posts\/12313\/revisions"}],"predecessor-version":[{"id":12314,"href":"http:\/\/sindiquimicabr.com.br\/index.php\/wp-json\/wp\/v2\/posts\/12313\/revisions\/12314"}],"wp:featuredmedia":[{"embeddable":true,"href":"http:\/\/sindiquimicabr.com.br\/index.php\/wp-json\/wp\/v2\/media\/12315"}],"wp:attachment":[{"href":"http:\/\/sindiquimicabr.com.br\/index.php\/wp-json\/wp\/v2\/media?parent=12313"}],"wp:term":[{"taxonomy":"category","embeddable":true,"href":"http:\/\/sindiquimicabr.com.br\/index.php\/wp-json\/wp\/v2\/categories?post=12313"},{"taxonomy":"post_tag","embeddable":true,"href":"http:\/\/sindiquimicabr.com.br\/index.php\/wp-json\/wp\/v2\/tags?post=12313"}],"curies":[{"name":"wp","href":"https:\/\/api.w.org\/{rel}","templated":true}]}}