{"id":12320,"date":"2021-11-09T12:07:06","date_gmt":"2021-11-09T12:07:06","guid":{"rendered":"http:\/\/sindiquimicabr.com.br\/?p=12320"},"modified":"2021-11-09T12:08:16","modified_gmt":"2021-11-09T12:08:16","slug":"bolsonaro-acerta-entrada-no-pl-e-valdemar-costa-neto-ja-prepara-filiacao","status":"publish","type":"post","link":"http:\/\/sindiquimicabr.com.br\/index.php\/2021\/11\/09\/bolsonaro-acerta-entrada-no-pl-e-valdemar-costa-neto-ja-prepara-filiacao\/","title":{"rendered":"Bolsonaro acerta entrada no PL e Valdemar Costa Neto j\u00e1 prepara filia\u00e7\u00e3o"},"content":{"rendered":"<h4 class=\"news-subheadline\">Valdemar Costa Neto confirmou ter conversado nesta segunda-feira, 8, com Bolsonaro, que avisou j\u00e1 ter comunicado sua decis\u00e3o ao ministro da Casa Civil, Ciro Nogueira<\/h4>\n<div class=\"news-main-image \"><picture><source srcset=\"https:\/\/media-manager.noticiasaominuto.com.br\/640\/naom_6152f96f3d70f.jpg\" media=\"(max-width: 640px)\" \/><source srcset=\"https:\/\/media-manager.noticiasaominuto.com.br\/960\/naom_6152f96f3d70f.jpg\" media=\"(max-width: 960px)\" \/><img decoding=\"async\" class=\"img-responsive \" src=\"https:\/\/media-manager.noticiasaominuto.com.br\/1920\/naom_6152f96f3d70f.jpg\" alt=\"Bolsonaro acerta entrada no PL e Valdemar Costa Neto j\u00e1 prepara filia\u00e7\u00e3o\" \/> <\/picture><\/div>\n<div><\/div>\n<div class=\"row news-main-text-container\">\n<div class=\"col-lg-12 col-md-12 col-sm-12 col-xs-12\">\n<div class=\"news-main-text\">\n<p style=\"text-align: justify;\"><span class=\"news_capital_letter\">O<\/span> presidente Jair Bolsonaro bateu o martelo e decidiu disputar a reelei\u00e7\u00e3o pelo PL, em 2022. A filia\u00e7\u00e3o ao Partido Liberal ocorrer\u00e1 ainda neste m\u00eas e representa sua nona mudan\u00e7a de sigla desde que ingressou na pol\u00edtica, em 1988. Bolsonaro preferiu o PL ao Progressistas (PP), com quem vinha negociando, por avaliar que ter\u00e1 ali mais autonomia para influenciar nas decis\u00f5es da Executiva e nos diret\u00f3rios regionais do que teria em outra legenda.<\/p>\n<p style=\"text-align: justify;\">Presidente nacional e &#8220;dono&#8221; do PL, o ex-deputado Valdemar Costa Neto confirmou ter conversado nesta segunda-feira, 8, com Bolsonaro, que avisou j\u00e1 ter comunicado sua decis\u00e3o ao ministro da Casa Civil, Ciro Nogueira. &#8220;Ele disse para mim que falou com o Ciro hoje. E que o Ciro entendeu. Ent\u00e3o, vamos tocar para frente o assunto e ver quando vamos fazer essa filia\u00e7\u00e3o&#8221;, afirmou Costa Neto ao Estad\u00e3o. Ciro \u00e9 o presidente do Progressistas, mas se licenciou da fun\u00e7\u00e3o, e tamb\u00e9m da cadeira de senador, quando foi nomeado para a Casa Civil, no fim de julho. Mesmo assim, \u00e9 ele quem conduz as negocia\u00e7\u00f5es mais importantes do partido.<\/p>\n<p style=\"text-align: justify;\">&#8220;Hoje, o presidente me informou que conversou com o Ciro e que falou com os outros partidos. Porque ele tem de se entender com todos. E n\u00f3s temos de nos entender para que todos sejam atendidos. Porque pol\u00edtica \u00e9 isso&#8221;, destacou Costa Neto, um dos personagens centrais do esc\u00e2ndalo do mensal\u00e3o, em 2005.<\/p>\n<p style=\"text-align: justify;\">Mais cedo, o pr\u00f3prio Bolsonaro afirmara \u00e0 CNN que estava &#8220;99% fechado&#8221; com o PL e que se reuniria com a c\u00fapula do partido na pr\u00f3xima quarta-feira, a fim de acertar os detalhes da filia\u00e7\u00e3o. &#8220;A chance de dar errado \u00e9 quase zero&#8221;, disse Bolsonaro \u00e0 CNN.<\/p>\n<p style=\"text-align: justify;\">Se n\u00e3o houver imprevistos, a ideia \u00e9 fazer a cerim\u00f4nia de filia\u00e7\u00e3o de Bolsonaro no dia 22, justamente por ser este o n\u00famero do PL e tamb\u00e9m o ano da elei\u00e7\u00e3o.<\/p>\n<p style=\"text-align: justify;\">Na negocia\u00e7\u00e3o para entrar no PL, Bolsonaro tem se preocupado em amarrar um acerto pol\u00edtico pelo qual os partidos mais pr\u00f3ximos de seu governo, como o Progressistas e o Republicanos, tamb\u00e9m integrem a alian\u00e7a para a campanha da reelei\u00e7\u00e3o. Na disputa de 2018, o ent\u00e3o candidato do PSL se referia a essas legendas como &#8220;velha pol\u00edtica&#8221;.<\/p>\n<p style=\"text-align: justify;\">Agora, no entanto, o partido de Ciro Nogueira poder\u00e1 ter o vice na chapa encabe\u00e7ada por Bolsonaro. Mas o nome dever\u00e1 ser indicado de comum acordo com o presidente.<\/p>\n<p style=\"text-align: justify;\">Desde novembro de 2019 Bolsonaro est\u00e1 sem partido. Ap\u00f3s ter brigado com o comando do PSL, ele tentou fundar o Alian\u00e7a pelo Brasil, mas n\u00e3o conseguiu as assinaturas necess\u00e1rias para formalizar a sigla no Tribunal Superior Eleitoral (TSE). Tentou, ent\u00e3o, entrar em v\u00e1rios outros partidos, como Republicanos, PRTB e Patriota, mas enfrentou uma s\u00e9rie de obst\u00e1culos porque sempre apresentava a exig\u00eancia de mandar no partido, inclusive no caixa.<\/p>\n<p style=\"text-align: justify;\">Havia uma preocupa\u00e7\u00e3o do n\u00facleo bolsonarista com o fato de o Progressistas ter muito mais alian\u00e7as regionais com advers\u00e1rios do governo e tamb\u00e9m mais &#8220;caciques&#8221;. Principal partido do Centr\u00e3o, o Progressistas tamb\u00e9m abriga o presidente da C\u00e2mara, Arthur Lira (AL), mas diret\u00f3rios do partido no Nordeste &#8211; como os da Bahia e de Pernambuco &#8211; pretendem apoiar candidatos do PT aos governos estaduais e devem fechar acordo com o ex-presidente Luiz In\u00e1cio Lula da Silva, que hoje lidera as pesquisas de inten\u00e7\u00e3o de voto para a sucess\u00e3o de Bolsonaro.<\/p>\n<p style=\"text-align: justify;\">Al\u00e9m disso, em S\u00e3o Paulo o Progressistas \u00e9 alinhado com o governador Jo\u00e3o Doria e planeja aderir \u00e0 campanha do vice-governador Rodrigo Garcia ao Pal\u00e1cio dos Bandeirantes. No PL, a inst\u00e2ncia de poder \u00e9 centralizada em Costa Neto. Assim, o partido tem menos resist\u00eancias \u00e0 entrada de Bolsonaro em seus quadros.<\/p>\n<p style=\"text-align: justify;\">A c\u00fapula do Progressistas queria filiar o presidente. A estrat\u00e9gia fazia parte do projeto de expans\u00e3o pol\u00edtica para formar a maior bancada de parlamentares do Congresso, ampliando a legenda no Sudeste e no Sul. Mesmo sem Bolsonaro, por\u00e9m, tudo indica que o partido deve ficar com a vaga de vice na chapa, embora alguns aliados de Bolsonaro temam a op\u00e7\u00e3o de dar a vaga a um pol\u00edtico. O caso do impeachment da ent\u00e3o presidente Dilma Rousseff, quando o pr\u00f3prio Centr\u00e3o &#8211; que a apoiava &#8211; avalizou a entrada de Michel Temer &#8211; \u00e9 sempre lembrado. H\u00e1 uma corrente bolsonarista que defende um nome &#8220;de fora&#8221; para vice ou algu\u00e9m indicado pelo pr\u00f3prio presidente. O ministro da Infraestrutura, Tarc\u00edsio Gomes de Freitas, \u00e9 um dos citados. Nesse caso, Tarc\u00edsio poderia se filiar ao Progressistas, embora haja uma articula\u00e7\u00e3o para que ele entre no PL e seja candidato ao governo de S\u00e3o Paulo.<\/p>\n<p style=\"text-align: justify;\"><strong>OS PARTIDOS DE BOLSONARO:<\/strong><\/p>\n<p style=\"text-align: justify;\">PDC (1989-1993)<\/p>\n<p style=\"text-align: justify;\">PP (1993)<\/p>\n<p style=\"text-align: justify;\">PPR (1993-1995)<\/p>\n<p style=\"text-align: justify;\">PPB (1995-2003)<\/p>\n<p style=\"text-align: justify;\">PTB (2003-2005)<\/p>\n<p style=\"text-align: justify;\">PFL (2005)<\/p>\n<p style=\"text-align: justify;\">PP (2005-2016)<\/p>\n<p style=\"text-align: justify;\">PSC (2016-2018)<\/p>\n<p style=\"text-align: justify;\">PSL (2018-2019)<\/p>\n<p style=\"text-align: justify;\"><strong>O PESO DO PL:<\/strong><\/p>\n<p style=\"text-align: justify;\">43 deputados federais<\/p>\n<p style=\"text-align: justify;\">4 senadores<\/p>\n<p style=\"text-align: justify;\">1 governador (Cl\u00e1udio Castro, do Rio de Janeiro)<\/p>\n<p style=\"text-align: justify;\">345 prefeitos<\/p>\n<p style=\"text-align: justify;\">46 deputados estaduais<\/p>\n<p style=\"text-align: justify;\">3467 vereadores<\/p>\n<p style=\"text-align: justify;\">Fundo Eleitoral: R$ 117,6 milh\u00f5es em 2020<\/p>\n<p style=\"text-align: justify;\">Fundo Partid\u00e1rio: R$ 45,7 milh\u00f5es 2020 oitavo lugar.<\/p>\n<p>Fonte: <a href=\"https:\/\/www.noticiasaominuto.com.br\/politica\/1858600\/bolsonaro-acerta-entrada-no-pl-e-valdemar-costa-neto-ja-prepara-filiacao\">Noticias ao Minuto<\/a><\/p>\n<\/div>\n<\/div>\n<\/div>\n","protected":false},"excerpt":{"rendered":"<p>Valdemar Costa Neto confirmou ter conversado nesta segunda-feira, 8, com Bolsonaro, que avisou j\u00e1 ter comunicado sua decis\u00e3o ao ministro da Casa Civil, Ciro Nogueira O presidente Jair Bolsonaro bateu o martelo e decidiu disputar a reelei\u00e7\u00e3o pelo PL, em 2022. A filia\u00e7\u00e3o ao Partido Liberal ocorrer\u00e1 ainda neste m\u00eas e representa sua nona mudan\u00e7a<a class=\"moretag\" href=\"http:\/\/sindiquimicabr.com.br\/index.php\/2021\/11\/09\/bolsonaro-acerta-entrada-no-pl-e-valdemar-costa-neto-ja-prepara-filiacao\/\"> [&#8230;]<\/a><\/p>\n","protected":false},"author":2,"featured_media":12322,"comment_status":"closed","ping_status":"closed","sticky":false,"template":"","format":"standard","meta":[],"categories":[2],"tags":[],"_links":{"self":[{"href":"http:\/\/sindiquimicabr.com.br\/index.php\/wp-json\/wp\/v2\/posts\/12320"}],"collection":[{"href":"http:\/\/sindiquimicabr.com.br\/index.php\/wp-json\/wp\/v2\/posts"}],"about":[{"href":"http:\/\/sindiquimicabr.com.br\/index.php\/wp-json\/wp\/v2\/types\/post"}],"author":[{"embeddable":true,"href":"http:\/\/sindiquimicabr.com.br\/index.php\/wp-json\/wp\/v2\/users\/2"}],"replies":[{"embeddable":true,"href":"http:\/\/sindiquimicabr.com.br\/index.php\/wp-json\/wp\/v2\/comments?post=12320"}],"version-history":[{"count":2,"href":"http:\/\/sindiquimicabr.com.br\/index.php\/wp-json\/wp\/v2\/posts\/12320\/revisions"}],"predecessor-version":[{"id":12323,"href":"http:\/\/sindiquimicabr.com.br\/index.php\/wp-json\/wp\/v2\/posts\/12320\/revisions\/12323"}],"wp:featuredmedia":[{"embeddable":true,"href":"http:\/\/sindiquimicabr.com.br\/index.php\/wp-json\/wp\/v2\/media\/12322"}],"wp:attachment":[{"href":"http:\/\/sindiquimicabr.com.br\/index.php\/wp-json\/wp\/v2\/media?parent=12320"}],"wp:term":[{"taxonomy":"category","embeddable":true,"href":"http:\/\/sindiquimicabr.com.br\/index.php\/wp-json\/wp\/v2\/categories?post=12320"},{"taxonomy":"post_tag","embeddable":true,"href":"http:\/\/sindiquimicabr.com.br\/index.php\/wp-json\/wp\/v2\/tags?post=12320"}],"curies":[{"name":"wp","href":"https:\/\/api.w.org\/{rel}","templated":true}]}}