{"id":12327,"date":"2021-11-10T12:23:44","date_gmt":"2021-11-10T12:23:44","guid":{"rendered":"http:\/\/sindiquimicabr.com.br\/?p=12327"},"modified":"2021-11-10T12:23:45","modified_gmt":"2021-11-10T12:23:45","slug":"pais-registra-maior-queda-na-media-movel-de-obitos-por-covid-19","status":"publish","type":"post","link":"http:\/\/sindiquimicabr.com.br\/index.php\/2021\/11\/10\/pais-registra-maior-queda-na-media-movel-de-obitos-por-covid-19\/","title":{"rendered":"Pa\u00eds registra maior queda na m\u00e9dia m\u00f3vel de \u00f3bitos por covid-19"},"content":{"rendered":"<h4 class=\"news-subheadline\">Se a compara\u00e7\u00e3o for feita com o registrado no pico da pandemia, em 19 de abril, a diminui\u00e7\u00e3o da m\u00e9dia m\u00f3vel de \u00f3bitos \u00e9 de 91,62%. Os dados s\u00e3o do Minist\u00e9rio da Sa\u00fade<\/h4>\n<div class=\"news-main-image \"><picture><source srcset=\"https:\/\/media-manager.noticiasaominuto.com.br\/640\/naom_618b97b752c1b.jpg\" media=\"(max-width: 640px)\"><source srcset=\"https:\/\/media-manager.noticiasaominuto.com.br\/960\/naom_618b97b752c1b.jpg\" media=\"(max-width: 960px)\"><img decoding=\"async\" class=\"img-responsive \" src=\"https:\/\/media-manager.noticiasaominuto.com.br\/1920\/naom_618b97b752c1b.jpg\" alt=\"Pa\u00eds registra maior queda na m\u00e9dia m\u00f3vel de \u00f3bitos por covid-19\"> <\/picture><\/div>\n<div class=\"row\">\n<div class=\"col-lg-12 col-md-12 col-sm-6 col-xs-6\"><\/div>\n<\/div>\n<div class=\"row news-main-text-container\">\n<div class=\"col-lg-12 col-md-12 col-sm-12 col-xs-12\">\n<div class=\"news-main-text\">\n<p style=\"text-align: justify;\"><span class=\"news_capital_letter\">O<\/span> Brasil registrou hoje (9) uma redu\u00e7\u00e3o de 31,24% na m\u00e9dia m\u00f3vel de \u00f3bitos por covid-19 em rela\u00e7\u00e3o aos 14 dias anteriores, o maior recuo desde o in\u00edcio da pandemia. Se a compara\u00e7\u00e3o for feita com o registrado no pico da pandemia, em 19 de abril, a diminui\u00e7\u00e3o da m\u00e9dia m\u00f3vel de \u00f3bitos \u00e9 de 91,62%. Os dados s\u00e3o do Minist\u00e9rio da Sa\u00fade.<\/p>\n<p style=\"text-align: justify;\">A pasta destacou que ontem (8) foi o terceiro dia consecutivo em que o Brasil obteve a menor m\u00e9dia m\u00f3vel de \u00f3bitos pela doen\u00e7a em todo o ano de 2021. Nove estados e o Distrito Federal n\u00e3o registraram \u00f3bitos por covid-19.<\/p>\n<p style=\"text-align: justify;\">Segundo o ministro da Sa\u00fade, Marcelo Queiroga, o cen\u00e1rio de diminui\u00e7\u00e3o das contamina\u00e7\u00f5es se deve \u00e0 Campanha de Vacina\u00e7\u00e3o, que atingiu nesta ter\u00e7a-feira a marca de mais de 279 milh\u00f5es de doses aplicadas e quase 88,8% da popula\u00e7\u00e3o-alvo vacinada com a primeira dose.<\/p>\n<p style=\"text-align: justify;\">\u201cHoje, temos um grande n\u00famero de brasileiros com a primeira dose e estamos prestes a ultrapassar mais de 70% da popula\u00e7\u00e3o-alvo completamente vacinada. Avan\u00e7amos com quase 10 milh\u00f5es nas doses de refor\u00e7o. E o resultado \u00e9 isso: v\u00e1rios estados e munic\u00edpios sem nenhum registro de \u00f3bito\u201d, disse o ministro.<\/p>\n<p style=\"text-align: justify;\">De acordo com o minist\u00e9rio, a vacina\u00e7\u00e3o contra a covid-19 atinge 69,5% da popula\u00e7\u00e3o com as duas doses ou dose \u00fanica do imunizante. Al\u00e9m disso, cerca de 10 milh\u00f5es de pessoas acima de 60 anos, profissionais de sa\u00fade e imunossuprimidos receberam a dose adicional ou de refor\u00e7o. A partir desta ter\u00e7a-feira, o Minist\u00e9rio da Sa\u00fade vai distribuir mais 1,2 milh\u00e3o de vacinas para o refor\u00e7o. Os imunizantes ser\u00e3o entregues aos estados e ao Distrito Federal nas pr\u00f3ximas 48 horas.<\/p>\n<p style=\"text-align: justify;\">A pasta destacou ainda que o pa\u00eds aplicou mais de 13 milh\u00f5es de doses em crian\u00e7as e adolescentes entre 12 e 17 anos de idade. Nesse p\u00fablico, a recomenda\u00e7\u00e3o \u00e9 que o imunizante da Pfizer seja utilizado, pois \u00e9 a \u00fanica vacina autorizada pela Ag\u00eancia Nacional de Vigil\u00e2ncia em Sa\u00fade (Anvisa) para essa faixa et\u00e1ria.<\/p>\n<p style=\"text-align: justify;\">At\u00e9 o momento, segundo o governo federal, foram distribu\u00eddas mais de 344 milh\u00f5es de doses de vacinas contra a covid-19. Dessas, mais de 279 milh\u00f5es foram aplicadas.<\/p>\n<p style=\"text-align: justify;\">Para a Campanha da Vacina\u00e7\u00e3o de 2022, o governo federal informou que garantiu mais de 354 milh\u00f5es de doses: 100 milh\u00f5es da Pfizer e 120 milh\u00f5es da AstraZeneca e mais 134 milh\u00f5es de vacinas, remanescentes da campanha de 2021, que ser\u00e3o utilizadas no pr\u00f3ximo ano.<\/p>\n<p>Fonte: <a href=\"https:\/\/www.noticiasaominuto.com.br\/ultima-hora\/1859031\/pais-registra-maior-queda-na-media-movel-de-obitos-por-covid-19\">Noticias ao Minuto<\/a><\/p>\n<\/div>\n<\/div>\n<\/div>\n","protected":false},"excerpt":{"rendered":"<p>Se a compara\u00e7\u00e3o for feita com o registrado no pico da pandemia, em 19 de abril, a diminui\u00e7\u00e3o da m\u00e9dia m\u00f3vel de \u00f3bitos \u00e9 de 91,62%. Os dados s\u00e3o do Minist\u00e9rio da Sa\u00fade O Brasil registrou hoje (9) uma redu\u00e7\u00e3o de 31,24% na m\u00e9dia m\u00f3vel de \u00f3bitos por covid-19 em rela\u00e7\u00e3o aos 14 dias anteriores,<a class=\"moretag\" href=\"http:\/\/sindiquimicabr.com.br\/index.php\/2021\/11\/10\/pais-registra-maior-queda-na-media-movel-de-obitos-por-covid-19\/\"> [&#8230;]<\/a><\/p>\n","protected":false},"author":2,"featured_media":12328,"comment_status":"closed","ping_status":"closed","sticky":false,"template":"","format":"standard","meta":[],"categories":[10],"tags":[],"_links":{"self":[{"href":"http:\/\/sindiquimicabr.com.br\/index.php\/wp-json\/wp\/v2\/posts\/12327"}],"collection":[{"href":"http:\/\/sindiquimicabr.com.br\/index.php\/wp-json\/wp\/v2\/posts"}],"about":[{"href":"http:\/\/sindiquimicabr.com.br\/index.php\/wp-json\/wp\/v2\/types\/post"}],"author":[{"embeddable":true,"href":"http:\/\/sindiquimicabr.com.br\/index.php\/wp-json\/wp\/v2\/users\/2"}],"replies":[{"embeddable":true,"href":"http:\/\/sindiquimicabr.com.br\/index.php\/wp-json\/wp\/v2\/comments?post=12327"}],"version-history":[{"count":1,"href":"http:\/\/sindiquimicabr.com.br\/index.php\/wp-json\/wp\/v2\/posts\/12327\/revisions"}],"predecessor-version":[{"id":12329,"href":"http:\/\/sindiquimicabr.com.br\/index.php\/wp-json\/wp\/v2\/posts\/12327\/revisions\/12329"}],"wp:featuredmedia":[{"embeddable":true,"href":"http:\/\/sindiquimicabr.com.br\/index.php\/wp-json\/wp\/v2\/media\/12328"}],"wp:attachment":[{"href":"http:\/\/sindiquimicabr.com.br\/index.php\/wp-json\/wp\/v2\/media?parent=12327"}],"wp:term":[{"taxonomy":"category","embeddable":true,"href":"http:\/\/sindiquimicabr.com.br\/index.php\/wp-json\/wp\/v2\/categories?post=12327"},{"taxonomy":"post_tag","embeddable":true,"href":"http:\/\/sindiquimicabr.com.br\/index.php\/wp-json\/wp\/v2\/tags?post=12327"}],"curies":[{"name":"wp","href":"https:\/\/api.w.org\/{rel}","templated":true}]}}