{"id":12332,"date":"2021-11-10T12:31:56","date_gmt":"2021-11-10T12:31:56","guid":{"rendered":"http:\/\/sindiquimicabr.com.br\/?p=12332"},"modified":"2021-11-10T12:31:58","modified_gmt":"2021-11-10T12:31:58","slug":"petroleo-tende-a-subir-com-inverno-no-hemisferio-norte-diz-ministro","status":"publish","type":"post","link":"http:\/\/sindiquimicabr.com.br\/index.php\/2021\/11\/10\/petroleo-tende-a-subir-com-inverno-no-hemisferio-norte-diz-ministro\/","title":{"rendered":"Petr\u00f3leo tende a subir com inverno no Hemisf\u00e9rio Norte, diz ministro"},"content":{"rendered":"<h4 class=\"news-subheadline\">O pre\u00e7o m\u00e9dio da gasolina nos postos do Pa\u00eds subiu 2,25% na semana passada, chegando a R$ 6,710 o litro, conforme levantamento divulgado na segunda-feira pela Ag\u00eancia Nacional do Petr\u00f3leo<\/h4>\n<div class=\"news-main-image \"><picture><source srcset=\"https:\/\/media-manager.noticiasaominuto.com.br\/640\/naom_5ff82e84207eb.jpg\" media=\"(max-width: 640px)\" \/><source srcset=\"https:\/\/media-manager.noticiasaominuto.com.br\/960\/naom_5ff82e84207eb.jpg\" media=\"(max-width: 960px)\" \/><img decoding=\"async\" class=\"img-responsive \" src=\"https:\/\/media-manager.noticiasaominuto.com.br\/1920\/naom_5ff82e84207eb.jpg\" alt=\"Petr\u00f3leo tende a subir com inverno no Hemisf\u00e9rio Norte, diz ministro\" \/> <\/picture><\/div>\n<div class=\"row\">\n<div class=\"col-lg-12 col-md-12 col-sm-6 col-xs-6\"><\/div>\n<\/div>\n<div class=\"row news-main-text-container\">\n<div class=\"col-lg-12 col-md-12 col-sm-12 col-xs-12\">\n<div class=\"news-main-text\">\n<p style=\"text-align: justify;\"><span class=\"news_capital_letter\">O<\/span> ministro de Minas e Energia, Bento Albuquerque, disse ontem que o pre\u00e7o do petr\u00f3leo, que j\u00e1 subiu cerca de 60% neste ano, tende a avan\u00e7ar ainda um pouco mais com a chegada do inverno ao Hemisf\u00e9rio Norte &#8211; o petr\u00f3leo e a varia\u00e7\u00e3o do d\u00f3lar afetam os pre\u00e7os dos combust\u00edveis no Brasil.<\/p>\n<p style=\"text-align: justify;\">Ele argumentou: &#8220;Pre\u00e7os dos combust\u00edveis. O que ocorreu? Por que houve aumento? Principalmente pela alta do petr\u00f3leo, 60% s\u00f3 em 2021, e com tend\u00eancia, com a chegada do inverno no Hemisf\u00e9rio Norte, de subir um pouco mais&#8221;.<\/p>\n<p style=\"text-align: justify;\">O pre\u00e7o m\u00e9dio da gasolina nos postos do Pa\u00eds subiu 2,25% na semana passada, chegando a R$ 6,710 o litro, conforme levantamento divulgado na segunda-feira pela Ag\u00eancia Nacional do Petr\u00f3leo, G\u00e1s Natural e Biocombust\u00edveis (ANP). O valor m\u00e1ximo foi de R$ 7,999, no Rio Grande do Sul.<\/p>\n<p style=\"text-align: justify;\">A escalada de pre\u00e7os \u00e9 reflexo do reajuste no valor da gasolina e do diesel feito pela Petrobras, em vigor desde 26 de outubro. Por conta do reajuste, o pre\u00e7o do litro do diesel subiu 2,45% nos postos brasileiros na semana passada, chegando a uma m\u00e9dia de R$ 5,339. O pre\u00e7o m\u00e1ximo foi de R$ 6,700 o litro, em Cruzeiro do Sul (AC).<\/p>\n<p style=\"text-align: justify;\">O valor m\u00e9dio do litro do etanol subiu 4,5% na semana, para R$ 5,294. O pre\u00e7o m\u00e1ximo foi de R$ 7,899 o litro em Bag\u00e9, no Rio Grande do Sul.<\/p>\n<p style=\"text-align: justify;\">O pre\u00e7o do botij\u00e3o de g\u00e1s (GLP) se manteve est\u00e1vel e fechou a semana em R$ 102,48.<\/p>\n<p style=\"text-align: justify;\"><strong>DESABASTECIMENTO<\/strong><\/p>\n<p style=\"text-align: justify;\">Albuquerque disse que \u00e9 preciso &#8220;ter uma preocupa\u00e7\u00e3o agora muito grande com o desabastecimento, porque a importa\u00e7\u00e3o do combust\u00edvel leva no m\u00ednimo 90 dias&#8221;. Ao lembrar que at\u00e9 2016 a estatal importava todo o combust\u00edvel consumido no Pa\u00eds, eles ressaltou: &#8220;Hoje temos uma parcela do mercado, cerca de 20% do mercado de combust\u00edveis, que n\u00e3o \u00e9 da Petrobras, ent\u00e3o mudar qualquer coisa tem de ser uma mudan\u00e7a com bastante crit\u00e9rio, com bastante transpar\u00eancia e governan\u00e7a para que a gente possa atingir os objetivos&#8221;.<\/p>\n<p style=\"text-align: justify;\">Em outubro, a Petrobras informou que recebeu, para novembro, pedidos muito acima dos meses anteriores e de sua capacidade de produ\u00e7\u00e3o.<\/p>\n<p style=\"text-align: justify;\">Em comunicado, a empresa negou o risco de desabastecimento e afirmou estar maximizando a produ\u00e7\u00e3o, mas a sinaliza\u00e7\u00e3o acendeu alerta no mercado e distribuidoras.<\/p>\n<p style=\"text-align: justify;\"><strong>INTERFER\u00caNCIA<\/strong><\/p>\n<p style=\"text-align: justify;\">Albuquerque negou qualquer tipo de interfer\u00eancia na Petrobras. Durante audi\u00eancia p\u00fablica em comiss\u00f5es do Senado, o ministro afirmou que existem diversos dispositivos legais que impedem isso, entre eles, a lei das estatais, de 2016.<\/p>\n<p style=\"text-align: justify;\">&#8220;N\u00e3o pode, n\u00e3o h\u00e1 e nunca houve interfer\u00eancia na Petrobras ou no mercado de combust\u00edvel onde quer que seja&#8221;, afirmou. A declara\u00e7\u00e3o do ministro vem ap\u00f3s diversos coment\u00e1rios de Jair Bolsonaro. No \u00faltimo s\u00e1bado, o presidente afirmou que procura uma maneira de &#8220;ficar livre da Petrobras&#8221;. A apoiadores, ele reafirmou a inten\u00e7\u00e3o de &#8220;fatiar&#8221; ou at\u00e9 &#8220;privatizar&#8221; a empresa.<\/p>\n<p style=\"text-align: justify;\">O ministro destacou, entre as alternativas em discuss\u00e3o no governo, a cria\u00e7\u00e3o de um &#8220;colch\u00e3o tribut\u00e1rio&#8221;, para permitir que as varia\u00e7\u00f5es do pre\u00e7o do petr\u00f3leo e do combust\u00edvel sejam compensadas de algumas forma, e de uma &#8220;reserva estabilizadora de pre\u00e7os&#8221;, para quando houvesse uma volatilidade muito grande.<\/p>\n<p style=\"text-align: justify;\">As informa\u00e7\u00f5es s\u00e3o do jornal <strong>O Estado de S. Paulo.<\/strong><\/p>\n<p>Fonte: <a href=\"https:\/\/www.noticiasaominuto.com.br\/economia\/1859091\/petroleo-tende-a-subir-com-inverno-no-hemisferio-norte-diz-ministro\">Noticias ao Minuto<\/a><strong><br \/>\n<\/strong><\/p>\n<\/div>\n<\/div>\n<\/div>\n","protected":false},"excerpt":{"rendered":"<p>O pre\u00e7o m\u00e9dio da gasolina nos postos do Pa\u00eds subiu 2,25% na semana passada, chegando a R$ 6,710 o litro, conforme levantamento divulgado na segunda-feira pela Ag\u00eancia Nacional do Petr\u00f3leo O ministro de Minas e Energia, Bento Albuquerque, disse ontem que o pre\u00e7o do petr\u00f3leo, que j\u00e1 subiu cerca de 60% neste ano, tende a<a class=\"moretag\" href=\"http:\/\/sindiquimicabr.com.br\/index.php\/2021\/11\/10\/petroleo-tende-a-subir-com-inverno-no-hemisferio-norte-diz-ministro\/\"> [&#8230;]<\/a><\/p>\n","protected":false},"author":2,"featured_media":12333,"comment_status":"closed","ping_status":"closed","sticky":false,"template":"","format":"standard","meta":[],"categories":[2],"tags":[],"_links":{"self":[{"href":"http:\/\/sindiquimicabr.com.br\/index.php\/wp-json\/wp\/v2\/posts\/12332"}],"collection":[{"href":"http:\/\/sindiquimicabr.com.br\/index.php\/wp-json\/wp\/v2\/posts"}],"about":[{"href":"http:\/\/sindiquimicabr.com.br\/index.php\/wp-json\/wp\/v2\/types\/post"}],"author":[{"embeddable":true,"href":"http:\/\/sindiquimicabr.com.br\/index.php\/wp-json\/wp\/v2\/users\/2"}],"replies":[{"embeddable":true,"href":"http:\/\/sindiquimicabr.com.br\/index.php\/wp-json\/wp\/v2\/comments?post=12332"}],"version-history":[{"count":1,"href":"http:\/\/sindiquimicabr.com.br\/index.php\/wp-json\/wp\/v2\/posts\/12332\/revisions"}],"predecessor-version":[{"id":12334,"href":"http:\/\/sindiquimicabr.com.br\/index.php\/wp-json\/wp\/v2\/posts\/12332\/revisions\/12334"}],"wp:featuredmedia":[{"embeddable":true,"href":"http:\/\/sindiquimicabr.com.br\/index.php\/wp-json\/wp\/v2\/media\/12333"}],"wp:attachment":[{"href":"http:\/\/sindiquimicabr.com.br\/index.php\/wp-json\/wp\/v2\/media?parent=12332"}],"wp:term":[{"taxonomy":"category","embeddable":true,"href":"http:\/\/sindiquimicabr.com.br\/index.php\/wp-json\/wp\/v2\/categories?post=12332"},{"taxonomy":"post_tag","embeddable":true,"href":"http:\/\/sindiquimicabr.com.br\/index.php\/wp-json\/wp\/v2\/tags?post=12332"}],"curies":[{"name":"wp","href":"https:\/\/api.w.org\/{rel}","templated":true}]}}