{"id":12339,"date":"2021-11-10T14:38:39","date_gmt":"2021-11-10T14:38:39","guid":{"rendered":"http:\/\/sindiquimicabr.com.br\/?p=12339"},"modified":"2021-11-10T14:47:47","modified_gmt":"2021-11-10T14:47:47","slug":"bolsonaro-chama-petrobras-de-monstrengo-e-critica-reforma-tributaria-em-curso","status":"publish","type":"post","link":"http:\/\/sindiquimicabr.com.br\/index.php\/2021\/11\/10\/bolsonaro-chama-petrobras-de-monstrengo-e-critica-reforma-tributaria-em-curso\/","title":{"rendered":"Bolsonaro chama Petrobras de &#8216;monstrengo&#8217; e critica reforma tribut\u00e1ria em curso"},"content":{"rendered":"<h4 class=\"news-subheadline\">Em entrevista para a R\u00e1dio Cultura FM, do Esp\u00edrito Santo, o chefe do Executivo disse que as altera\u00e7\u00f5es no sistema de cobran\u00e7a de impostos n\u00e3o s\u00e3o o que o governo esperava<\/h4>\n<div class=\"news-main-image \"><picture><source srcset=\"https:\/\/media-manager.noticiasaominuto.com.br\/640\/naom_6111118c46c3f.jpg\" media=\"(max-width: 640px)\"><source srcset=\"https:\/\/media-manager.noticiasaominuto.com.br\/960\/naom_6111118c46c3f.jpg\" media=\"(max-width: 960px)\"><img decoding=\"async\" class=\"img-responsive \" src=\"https:\/\/media-manager.noticiasaominuto.com.br\/1920\/naom_6111118c46c3f.jpg\" alt=\"Bolsonaro chama Petrobras de 'monstrengo' e critica reforma tribut\u00e1ria em curso\"> <\/picture><\/div>\n<div class=\"row\">\n<div class=\"col-lg-12 col-md-12 col-sm-6 col-xs-6\"><\/div>\n<\/div>\n<div class=\"row news-main-text-container\">\n<div class=\"col-lg-12 col-md-12 col-sm-12 col-xs-12\">\n<div class=\"news-main-text\">\n<p style=\"text-align: justify;\"><span class=\"news_capital_letter\">O<\/span> presidente da Rep\u00fablica, Jair Bolsonaro, fez cr\u00edticas nesta quarta-feira, 10, \u00e0 Petrobras e \u00e0 reforma tribut\u00e1ria em andamento no Congresso. Em entrevista para a <em>R\u00e1dio Cultura FM<\/em>, do Esp\u00edrito Santo, o chefe do Executivo disse que as altera\u00e7\u00f5es no sistema de cobran\u00e7a de impostos n\u00e3o s\u00e3o o que o governo esperava.<\/p>\n<p style=\"text-align: justify;\">&#8220;A tribut\u00e1ria \u00e9 complicada. Passei 28 anos como parlamentar. Essa reforma tribut\u00e1ria que est\u00e1 a\u00ed n\u00e3o era o que a gente esperava, mas est\u00e1 caminhando, a gente espera que d\u00ea certo&#8221;, declarou o presidente. O texto, no entanto, est\u00e1 travado no Congresso.<\/p>\n<p style=\"text-align: justify;\">Bolsonaro ainda voltou a criticar a Petrobras. Nesta quarta, chamou a estatal de &#8220;monstrengo&#8221; e disse querer privatizar &#8220;parte dela&#8221; &#8211; sem, contudo, dar detalhes.<\/p>\n<p style=\"text-align: justify;\">&#8220;N\u00e3o tenho inger\u00eancia sobre a Petrobras. Espero privatizar parte dela, o que n\u00e3o \u00e9 f\u00e1cil. Petrobras \u00e9 um monstrengo, uma estatal com monop\u00f3lio e vive a vida em fun\u00e7\u00e3o dela&#8221;, afirmou o presidente, que j\u00e1 disse que a petrol\u00edfera deveria gerar menos lucro.<\/p>\n<p style=\"text-align: justify;\"><strong>Aux\u00edlio Brasil<\/strong><\/p>\n<p style=\"text-align: justify;\">Um dia ap\u00f3s a C\u00e2mara dos Deputados aprovar a PEC dos Precat\u00f3rios em segundo turno, Bolsonaro ainda voltou a dizer, durante a entrevista, que o governo n\u00e3o pode pagar um benef\u00edcio acima de R$ 400 no Aux\u00edlio Brasil. &#8220;A gente sabe que n\u00e3o pode dar mais do que isso para a infla\u00e7\u00e3o n\u00e3o explodir&#8221;, declarou. &#8220;\u00c9, eu posso me dar bem com o programa, mas n\u00e3o quero que o povo passe fome.&#8221;<\/p>\n<p style=\"text-align: justify;\">Ao postergar o pagamento de d\u00edvidas transitadas em julgado e mexer no teto de gastos, a PEC dos Precat\u00f3rios abre espa\u00e7o fiscal para pagar o Aux\u00edlio Brasil de R$ 400 at\u00e9 o fim de 2022, ano eleitoral, e para ampliar o pagamento de emendas parlamentares.<\/p>\n<\/div>\n<\/div>\n<\/div>\n<p>Fonte: <a href=\"https:\/\/www.noticiasaominuto.com.br\/economia\/1859145\/bolsonaro-chama-petrobras-de-monstrengo-e-critica-reforma-tributaria-em-curso\">Noticias ao Minuto<\/a><\/p>\n","protected":false},"excerpt":{"rendered":"<p>Em entrevista para a R\u00e1dio Cultura FM, do Esp\u00edrito Santo, o chefe do Executivo disse que as altera\u00e7\u00f5es no sistema de cobran\u00e7a de impostos n\u00e3o s\u00e3o o que o governo esperava O presidente da Rep\u00fablica, Jair Bolsonaro, fez cr\u00edticas nesta quarta-feira, 10, \u00e0 Petrobras e \u00e0 reforma tribut\u00e1ria em andamento no Congresso. Em entrevista para<a class=\"moretag\" href=\"http:\/\/sindiquimicabr.com.br\/index.php\/2021\/11\/10\/bolsonaro-chama-petrobras-de-monstrengo-e-critica-reforma-tributaria-em-curso\/\"> [&#8230;]<\/a><\/p>\n","protected":false},"author":2,"featured_media":12345,"comment_status":"closed","ping_status":"closed","sticky":false,"template":"","format":"standard","meta":[],"categories":[9],"tags":[],"_links":{"self":[{"href":"http:\/\/sindiquimicabr.com.br\/index.php\/wp-json\/wp\/v2\/posts\/12339"}],"collection":[{"href":"http:\/\/sindiquimicabr.com.br\/index.php\/wp-json\/wp\/v2\/posts"}],"about":[{"href":"http:\/\/sindiquimicabr.com.br\/index.php\/wp-json\/wp\/v2\/types\/post"}],"author":[{"embeddable":true,"href":"http:\/\/sindiquimicabr.com.br\/index.php\/wp-json\/wp\/v2\/users\/2"}],"replies":[{"embeddable":true,"href":"http:\/\/sindiquimicabr.com.br\/index.php\/wp-json\/wp\/v2\/comments?post=12339"}],"version-history":[{"count":2,"href":"http:\/\/sindiquimicabr.com.br\/index.php\/wp-json\/wp\/v2\/posts\/12339\/revisions"}],"predecessor-version":[{"id":12346,"href":"http:\/\/sindiquimicabr.com.br\/index.php\/wp-json\/wp\/v2\/posts\/12339\/revisions\/12346"}],"wp:featuredmedia":[{"embeddable":true,"href":"http:\/\/sindiquimicabr.com.br\/index.php\/wp-json\/wp\/v2\/media\/12345"}],"wp:attachment":[{"href":"http:\/\/sindiquimicabr.com.br\/index.php\/wp-json\/wp\/v2\/media?parent=12339"}],"wp:term":[{"taxonomy":"category","embeddable":true,"href":"http:\/\/sindiquimicabr.com.br\/index.php\/wp-json\/wp\/v2\/categories?post=12339"},{"taxonomy":"post_tag","embeddable":true,"href":"http:\/\/sindiquimicabr.com.br\/index.php\/wp-json\/wp\/v2\/tags?post=12339"}],"curies":[{"name":"wp","href":"https:\/\/api.w.org\/{rel}","templated":true}]}}