{"id":12356,"date":"2021-11-11T14:13:47","date_gmt":"2021-11-11T14:13:47","guid":{"rendered":"http:\/\/sindiquimicabr.com.br\/?p=12356"},"modified":"2021-11-11T14:13:49","modified_gmt":"2021-11-11T14:13:49","slug":"governo-quer-o-inss-como-unico-gestor-de-aposentadorias-da-uniao","status":"publish","type":"post","link":"http:\/\/sindiquimicabr.com.br\/index.php\/2021\/11\/11\/governo-quer-o-inss-como-unico-gestor-de-aposentadorias-da-uniao\/","title":{"rendered":"Governo quer o INSS como \u00fanico gestor de aposentadorias da Uni\u00e3o"},"content":{"rendered":"<h4 class=\"news-subheadline\">O despacho foi publicado hoje (11) no Di\u00e1rio Oficial da Uni\u00e3o<\/h4>\n<div class=\"news-main-image \"><picture><source srcset=\"https:\/\/media-manager.noticiasaominuto.com.br\/640\/naom_5f746152d04e0.jpg\" media=\"(max-width: 640px)\" \/><source srcset=\"https:\/\/media-manager.noticiasaominuto.com.br\/960\/naom_5f746152d04e0.jpg\" media=\"(max-width: 960px)\" \/><img decoding=\"async\" class=\"img-responsive \" src=\"https:\/\/media-manager.noticiasaominuto.com.br\/1920\/naom_5f746152d04e0.jpg\" alt=\"Governo quer o INSS como \u00fanico gestor de aposentadorias da Uni\u00e3o\" \/> <\/picture><\/div>\n<div class=\"row\">\n<div class=\"col-lg-12 col-md-12 col-sm-6 col-xs-6\">\n<p class=\"news-main-image-copyright text-left\">\n<\/div>\n<\/div>\n<div class=\"row news-main-text-container\">\n<div class=\"col-lg-12 col-md-12 col-sm-12 col-xs-12\">\n<div class=\"news-main-text\">\n<p style=\"text-align: justify;\"><span class=\"news_capital_letter\">O<\/span> governo federal encaminhou ao Congresso Nacional um projeto de lei complementar que coloca o Instituto Nacional do Seguro Social (INSS) como o \u00f3rg\u00e3o \u00fanico de gest\u00e3o do Regime Pr\u00f3prio de Previd\u00eancia Social (RPPS) da Uni\u00e3o. O despacho foi publicado hoje (11) no<em> Di\u00e1rio Oficial da Uni\u00e3o<\/em>.<\/p>\n<p style=\"text-align: justify;\">Pelo projeto, toda a gest\u00e3o de aposentadoria dos servidores e dos membros do Poder Executivo, que inclui administra\u00e7\u00e3o direta, autarquias e funda\u00e7\u00f5es p\u00fablicas, do Poder Judici\u00e1rio, do Poder Legislativo, do Tribunal de Contas da Uni\u00e3o, do Minist\u00e9rio P\u00fablico Federal e da Defensoria P\u00fablica da Uni\u00e3o ser\u00e1 unificada em apenas uma entidade.<\/p>\n<p style=\"text-align: justify;\">Em nota, a Secretaria-Geral da Presid\u00eancia explicou que o objetivo da medida \u00e9 simplificar, desburocratizar e reduzir custos operacionais na gest\u00e3o de pagamento de aposentadorias e pens\u00f5es dos servidores p\u00fablicos federais. A estimativa do governo \u00e9 de uma economia de R$ 27 milh\u00f5es por ano com a gest\u00e3o unificada.<\/p>\n<p style=\"text-align: justify;\">\u201cA escolha pelo INSS tem papel estrat\u00e9gico na decis\u00e3o, uma vez que o instituto possui grande experi\u00eancia na gest\u00e3o previdenci\u00e1ria do Regime Geral de Previd\u00eancia Social (RGPS) e executa a aposentadoria dos seus pr\u00f3prios servidores &#8211; o que corresponde a aproximadamente 28% da Administra\u00e7\u00e3o Indireta do Poder Executivo Federal\u201d, explicou a Secretaria-Geral.<\/p>\n<p style=\"text-align: justify;\">Acrescentou que o projeto prev\u00ea que a nova atribui\u00e7\u00e3o do INSS ser\u00e1 processada de forma totalmente segregada das atribui\u00e7\u00f5es t\u00edpicas do \u00f3rg\u00e3o. Nesse sentido, as atividades or\u00e7ament\u00e1rias, financeiras, concess\u00e3o e manuten\u00e7\u00e3o dos benef\u00edcios dos servidores p\u00fablicos federais ser\u00e3o desenvolvidas por equipe de especialistas exclusivos do pr\u00f3prio corpo funcional.<\/p>\n<p style=\"text-align: justify;\">Al\u00e9m disso, a proposta cria colegiados, com participa\u00e7\u00e3o de outros Poderes e de benefici\u00e1rios, para supervisionar a gest\u00e3o do RPPS pelo INSS.<\/p>\n<\/div>\n<\/div>\n<p>Fonte:<a href=\"https:\/\/www.noticiasaominuto.com.br\/economia\/1859478\/governo-quer-o-inss-como-unico-gestor-de-aposentadorias-da-uniao\"> Noticias ao Minuto<\/a><\/p>\n<\/div>\n","protected":false},"excerpt":{"rendered":"<p>O despacho foi publicado hoje (11) no Di\u00e1rio Oficial da Uni\u00e3o O governo federal encaminhou ao Congresso Nacional um projeto de lei complementar que coloca o Instituto Nacional do Seguro Social (INSS) como o \u00f3rg\u00e3o \u00fanico de gest\u00e3o do Regime Pr\u00f3prio de Previd\u00eancia Social (RPPS) da Uni\u00e3o. O despacho foi publicado hoje (11) no Di\u00e1rio<a class=\"moretag\" href=\"http:\/\/sindiquimicabr.com.br\/index.php\/2021\/11\/11\/governo-quer-o-inss-como-unico-gestor-de-aposentadorias-da-uniao\/\"> [&#8230;]<\/a><\/p>\n","protected":false},"author":2,"featured_media":12357,"comment_status":"closed","ping_status":"closed","sticky":false,"template":"","format":"standard","meta":[],"categories":[2],"tags":[],"_links":{"self":[{"href":"http:\/\/sindiquimicabr.com.br\/index.php\/wp-json\/wp\/v2\/posts\/12356"}],"collection":[{"href":"http:\/\/sindiquimicabr.com.br\/index.php\/wp-json\/wp\/v2\/posts"}],"about":[{"href":"http:\/\/sindiquimicabr.com.br\/index.php\/wp-json\/wp\/v2\/types\/post"}],"author":[{"embeddable":true,"href":"http:\/\/sindiquimicabr.com.br\/index.php\/wp-json\/wp\/v2\/users\/2"}],"replies":[{"embeddable":true,"href":"http:\/\/sindiquimicabr.com.br\/index.php\/wp-json\/wp\/v2\/comments?post=12356"}],"version-history":[{"count":1,"href":"http:\/\/sindiquimicabr.com.br\/index.php\/wp-json\/wp\/v2\/posts\/12356\/revisions"}],"predecessor-version":[{"id":12358,"href":"http:\/\/sindiquimicabr.com.br\/index.php\/wp-json\/wp\/v2\/posts\/12356\/revisions\/12358"}],"wp:featuredmedia":[{"embeddable":true,"href":"http:\/\/sindiquimicabr.com.br\/index.php\/wp-json\/wp\/v2\/media\/12357"}],"wp:attachment":[{"href":"http:\/\/sindiquimicabr.com.br\/index.php\/wp-json\/wp\/v2\/media?parent=12356"}],"wp:term":[{"taxonomy":"category","embeddable":true,"href":"http:\/\/sindiquimicabr.com.br\/index.php\/wp-json\/wp\/v2\/categories?post=12356"},{"taxonomy":"post_tag","embeddable":true,"href":"http:\/\/sindiquimicabr.com.br\/index.php\/wp-json\/wp\/v2\/tags?post=12356"}],"curies":[{"name":"wp","href":"https:\/\/api.w.org\/{rel}","templated":true}]}}