{"id":12375,"date":"2021-11-12T16:02:42","date_gmt":"2021-11-12T16:02:42","guid":{"rendered":"http:\/\/sindiquimicabr.com.br\/?p=12375"},"modified":"2021-11-12T16:55:42","modified_gmt":"2021-11-12T16:55:42","slug":"inflacao-de-dois-digitos-limita-promocoes-e-amorna-a-black-friday","status":"publish","type":"post","link":"http:\/\/sindiquimicabr.com.br\/index.php\/2021\/11\/12\/inflacao-de-dois-digitos-limita-promocoes-e-amorna-a-black-friday\/","title":{"rendered":"Infla\u00e7\u00e3o de dois d\u00edgitos limita promo\u00e7\u00f5es e &#8216;amorna&#8217; a Black Friday"},"content":{"rendered":"<h4 class=\"news-subheadline\">O primeiro \u00e9 mostrar ao consumidor que os pre\u00e7os ser\u00e3o menores do que os de um passado recente. O outro \u00e9 fazer a oferta caber no bolso do brasileiro, cuja renda est\u00e1 corro\u00edda<\/h4>\n<div class=\"news-main-image \"><picture><source srcset=\"https:\/\/media-manager.noticiasaominuto.com.br\/640\/naom_583824cb47139.jpg\" media=\"(max-width: 640px)\" \/><source srcset=\"https:\/\/media-manager.noticiasaominuto.com.br\/960\/naom_583824cb47139.jpg\" media=\"(max-width: 960px)\" \/><img decoding=\"async\" class=\"img-responsive \" src=\"https:\/\/media-manager.noticiasaominuto.com.br\/1920\/naom_583824cb47139.jpg\" alt=\"Infla\u00e7\u00e3o de dois d\u00edgitos limita promo\u00e7\u00f5es e 'amorna' a Black Friday\" \/> <\/picture><\/div>\n<div class=\"row\">\n<div class=\"col-lg-12 col-md-12 col-sm-6 col-xs-6\"><\/div>\n<\/div>\n<div class=\"row news-main-text-container\">\n<div class=\"col-lg-12 col-md-12 col-sm-12 col-xs-12\">\n<div class=\"news-main-text\">\n<p style=\"text-align: justify;\"><span class=\"news_capital_letter\">E<\/span>m meio \u00e0 disparada da infla\u00e7\u00e3o, que em 12 meses chega a 10,67%, a Black Friday (\u00faltima sexta-feira de novembro) ter\u00e1 dois grandes desafios este ano. O primeiro \u00e9 mostrar ao consumidor que os pre\u00e7os ser\u00e3o menores do que os de um passado recente. O outro \u00e9 fazer a oferta caber no bolso do brasileiro, cuja renda est\u00e1 corro\u00edda.<\/p>\n<p style=\"text-align: justify;\">&#8220;O consumidor perdeu a refer\u00eancia de compara\u00e7\u00e3o de pre\u00e7os por causa da infla\u00e7\u00e3o elevada&#8221;, diz o diretor de Varejo da consultoria GFK, Fernando Baialuna. A Black Friday supera o Natal na comercializa\u00e7\u00e3o de eletroeletr\u00f4nicos desde 2014 e j\u00e1 responde por um quinto dos neg\u00f3cios anuais desses itens, em valor. Este ano ser\u00e1 mais desafiador.<\/p>\n<p style=\"text-align: justify;\">Por causa da press\u00e3o de custos em raz\u00e3o da escassez de mat\u00e9rias-primas e alta do c\u00e2mbio, desde o in\u00edcio da pandemia houve um reajuste m\u00e9dio de 30% nos pre\u00e7os dos eletroeletr\u00f4nicos ao consumidor. &#8220;O produto que custava R$ 100 dois anos atr\u00e1s agora sai por R$ 130 e, com o desconto da Black Friday, vai para R$ 110&#8221;, compara. Isso quer dizer que, mesmo com o desconto, em muitos casos, o pre\u00e7o ser\u00e1 superior ao pr\u00e9-pandemia.<\/p>\n<p style=\"text-align: justify;\"><strong>ESFOR\u00c7O EXTRA<\/strong><\/p>\n<p style=\"text-align: justify;\">Diante da dificuldade de cortar pre\u00e7os, as varejistas est\u00e3o promovendo a forma de pagamento para tornar a compra mais compat\u00edvel com a renda. A Via, dona da Casas Bahia e do Ponto Frio, j\u00e1 est\u00e1 parcelando em at\u00e9 30 vezes no cart\u00e3o pr\u00f3prio as compras da Black Friday.<\/p>\n<p style=\"text-align: justify;\">A Lojas Cem \u00e9 outra grande rede varejista que pretende ampliar a quantidade de parcelas sem juros para tentar encaixar a presta\u00e7\u00e3o no or\u00e7amento do consumidor. &#8220;O consumidor est\u00e1 sem dinheiro: o custo de vida com produtos b\u00e1sicos, como combust\u00edvel, comida, subiu muito e sobram menos recursos para a compra de outros itens&#8221;, diz o supervisor-geral da rede, Jos\u00e9 Domingos Alves. A expectativa \u00e9 de uma Black Friday &#8220;morna&#8221;. &#8220;Vamos vender um pouquinho mais em valor em rela\u00e7\u00e3o \u00e0 Black Friday do ano passado, mas a quantidade de produtos ser\u00e1 menor.&#8221;<\/p>\n<p style=\"text-align: justify;\">As informa\u00e7\u00f5es s\u00e3o do jornal <strong>O Estado de S. Paulo.<\/strong><\/p>\n<\/div>\n<\/div>\n<\/div>\n<p>Fonte: <a href=\"https:\/\/www.noticiasaominuto.com.br\/economia\">Noticias ao Minuto<\/a><\/p>\n","protected":false},"excerpt":{"rendered":"<p>O primeiro \u00e9 mostrar ao consumidor que os pre\u00e7os ser\u00e3o menores do que os de um passado recente. O outro \u00e9 fazer a oferta caber no bolso do brasileiro, cuja renda est\u00e1 corro\u00edda Em meio \u00e0 disparada da infla\u00e7\u00e3o, que em 12 meses chega a 10,67%, a Black Friday (\u00faltima sexta-feira de novembro) ter\u00e1 dois<a class=\"moretag\" href=\"http:\/\/sindiquimicabr.com.br\/index.php\/2021\/11\/12\/inflacao-de-dois-digitos-limita-promocoes-e-amorna-a-black-friday\/\"> [&#8230;]<\/a><\/p>\n","protected":false},"author":2,"featured_media":12377,"comment_status":"closed","ping_status":"closed","sticky":false,"template":"","format":"standard","meta":[],"categories":[10],"tags":[],"_links":{"self":[{"href":"http:\/\/sindiquimicabr.com.br\/index.php\/wp-json\/wp\/v2\/posts\/12375"}],"collection":[{"href":"http:\/\/sindiquimicabr.com.br\/index.php\/wp-json\/wp\/v2\/posts"}],"about":[{"href":"http:\/\/sindiquimicabr.com.br\/index.php\/wp-json\/wp\/v2\/types\/post"}],"author":[{"embeddable":true,"href":"http:\/\/sindiquimicabr.com.br\/index.php\/wp-json\/wp\/v2\/users\/2"}],"replies":[{"embeddable":true,"href":"http:\/\/sindiquimicabr.com.br\/index.php\/wp-json\/wp\/v2\/comments?post=12375"}],"version-history":[{"count":3,"href":"http:\/\/sindiquimicabr.com.br\/index.php\/wp-json\/wp\/v2\/posts\/12375\/revisions"}],"predecessor-version":[{"id":12395,"href":"http:\/\/sindiquimicabr.com.br\/index.php\/wp-json\/wp\/v2\/posts\/12375\/revisions\/12395"}],"wp:featuredmedia":[{"embeddable":true,"href":"http:\/\/sindiquimicabr.com.br\/index.php\/wp-json\/wp\/v2\/media\/12377"}],"wp:attachment":[{"href":"http:\/\/sindiquimicabr.com.br\/index.php\/wp-json\/wp\/v2\/media?parent=12375"}],"wp:term":[{"taxonomy":"category","embeddable":true,"href":"http:\/\/sindiquimicabr.com.br\/index.php\/wp-json\/wp\/v2\/categories?post=12375"},{"taxonomy":"post_tag","embeddable":true,"href":"http:\/\/sindiquimicabr.com.br\/index.php\/wp-json\/wp\/v2\/tags?post=12375"}],"curies":[{"name":"wp","href":"https:\/\/api.w.org\/{rel}","templated":true}]}}