{"id":12386,"date":"2021-11-12T16:19:39","date_gmt":"2021-11-12T16:19:39","guid":{"rendered":"http:\/\/sindiquimicabr.com.br\/?p=12386"},"modified":"2021-11-12T16:53:59","modified_gmt":"2021-11-12T16:53:59","slug":"vacinacao-tem-possibilitado-normalizacao-da-atividade-no-pais-diz-diretora-do-bc","status":"publish","type":"post","link":"http:\/\/sindiquimicabr.com.br\/index.php\/2021\/11\/12\/vacinacao-tem-possibilitado-normalizacao-da-atividade-no-pais-diz-diretora-do-bc\/","title":{"rendered":"Vacina\u00e7\u00e3o tem possibilitado normaliza\u00e7\u00e3o da atividade no Pa\u00eds, diz diretora do BC"},"content":{"rendered":"<h4 class=\"news-subheadline\">A pandemia est\u00e1 sob controle, inclusive no Brasil, o que tem possibilitado a normaliza\u00e7\u00e3o da atividade<\/h4>\n<div class=\"row news-info-container no-margin\">\n<div class=\"col-lg-6 col-md-6 col-sm-6 hidden-xs no-padding\">\n<div class=\"news-social\">\n<div class=\"fb-share-button fb_iframe_widget\" data-href=\"https:\/\/www.noticiasaominuto.com.br\/economia\/1859573\/vacinacao-tem-possibilitado-normalizacao-da-atividade-no-pais-diz-diretora-do-bc?utm_medium=social&amp;utm_source=facebook.com&amp;utm_campaign=buffer\" data-layout=\"button\" data-size=\"small\" data-mobile-iframe=\"true\"><img decoding=\"async\" class=\"img-responsive \" src=\"https:\/\/media-manager.noticiasaominuto.com.br\/1920\/naom_612e1582691b5.jpg\" alt=\"Vacina\u00e7\u00e3o tem possibilitado normaliza\u00e7\u00e3o da atividade no Pa\u00eds, diz diretora do BC\" \/><\/div>\n<div class=\"fb-like fb_iframe_widget\" data-href=\"https:\/\/www.noticiasaominuto.com.br\/economia\/1859573\/vacinacao-tem-possibilitado-normalizacao-da-atividade-no-pais-diz-diretora-do-bc?utm_medium=social&amp;utm_source=facebook.com&amp;utm_campaign=buffer\" data-layout=\"button\" data-action=\"like\" data-size=\"small\" data-show-faces=\"true\" data-share=\"false\"><\/div>\n<\/div>\n<\/div>\n<\/div>\n<div class=\"row news-main-text-container\">\n<div class=\"col-lg-12 col-md-12 col-sm-12 col-xs-12\">\n<div class=\"news-main-text\">\n<p style=\"text-align: justify;\"><span class=\"news_capital_letter\">A<\/span> diretora de Assuntos Internacionais e de Gest\u00e3o de Riscos Corporativos do Banco Central, Fernanda Guardado, afirmou nesta quinta-feira, 11, que, em parte do mundo, a pandemia est\u00e1 sob controle, inclusive no Brasil, o que tem possibilitado a normaliza\u00e7\u00e3o da atividade.<\/p>\n<p style=\"text-align: justify;\">Participante do evento Ita\u00fa Macro Vision 2021, Fernanda Guardado ponderou, contudo, que h\u00e1 pa\u00edses defasados no processo de vacina\u00e7\u00e3o, o que faz com que o risco de desenvolvimento de novas variantes permane\u00e7a.<\/p>\n<p style=\"text-align: justify;\">A diretora do Banco Central afirmou ainda que \u00e9 esperado que os bancos centrais emergentes persistam no processo de retirada de est\u00edmulos ao longo de 2022. &#8220;BCs emergentes est\u00e3o reagindo e retirando acomoda\u00e7\u00e3o de maneira mais r\u00e1pida. Espera-se que emergentes persistam na retirada de est\u00edmulos ao longo de 2022. Emergentes est\u00e3o com infla\u00e7\u00e3o acima da meta, com expectativa de converg\u00eancia em 2022 e 2023.&#8221;<\/p>\n<p style=\"text-align: justify;\">Segundo Fernanda, a infla\u00e7\u00e3o no grupo est\u00e1 relacionado com aumento de commodities, energia e bens industriais e, mais recentemente, os pre\u00e7os de servi\u00e7os come\u00e7am a se realinhar com a reabertura econ\u00f4mica.<\/p>\n<p style=\"text-align: justify;\">Ela refor\u00e7ou que, no Brasil, combust\u00edveis e energia el\u00e9trica t\u00eam sido vil\u00f5es da infla\u00e7\u00e3o em 2021. Ainda considerou que \u00e9 normal realinhamento de pre\u00e7os relativos de servi\u00e7os na reabertura, mas que acelera\u00e7\u00e3o de servi\u00e7os na margem no Brasil ainda est\u00e1 em patamares baixos.<\/p>\n<p style=\"text-align: justify;\"><strong>&#8216;Descarbonizar a economia&#8217;<\/strong><\/p>\n<p style=\"text-align: justify;\">A diretora de Assuntos Internacionais e de Gest\u00e3o de Riscos Corporativos do Banco Central avaliou que a transi\u00e7\u00e3o para uma economia mais verde demandar\u00e1 muitos recursos para mitigar os impactos que essas mudan\u00e7as trar\u00e3o para a economia e para a sociedade. &#8220;Os governos precisam agir para descarbonizar a economia, mas ao mesmo tempo todo esse processo pode trazer custos muito grandes para sociedade, na medida em que voc\u00ea limita energia, limita energia e traz pre\u00e7os mais altos para uma s\u00e9rie de segmentos. Esse \u00e9 um dilema no qual estamos tentando andar&#8221;, afirmou. &#8220;Precisamos de muito financiamento. Os governos n\u00e3o conseguir\u00e3o fazer essa transi\u00e7\u00e3o sozinhos. \u00c9 preciso ter o mercado privado junto&#8221;, completou.<\/p>\n<p style=\"text-align: justify;\">Ela relatou as a\u00e7\u00f5es da autoridade monet\u00e1ria dentro do pilar de sustentabilidade da Agenda BC# para o mapeamento de riscos clim\u00e1ticos e seus impactos nas carteiras das institui\u00e7\u00f5es financeiras. &#8220;Temos visto o aumento da ocorr\u00eancia de eventos clim\u00e1ticos graves no Brasil e no mundo, que trazem aumento da incerteza, choques recorrentes e t\u00eam impactos em pre\u00e7os. Estamos na fronteira em rela\u00e7\u00e3o a outros bancos centrais no mapeamento desses riscos clim\u00e1ticos&#8221;, completou.<\/p>\n<\/div>\n<\/div>\n<p>Fonte: <a href=\"https:\/\/www.noticiasaominuto.com.br\/economia\/1859573\/vacinacao-tem-possibilitado-normalizacao-da-atividade-no-pais-diz-diretora-do-bc\">Noticias ao Minuto<\/a><\/p>\n<\/div>\n","protected":false},"excerpt":{"rendered":"<p>A pandemia est\u00e1 sob controle, inclusive no Brasil, o que tem possibilitado a normaliza\u00e7\u00e3o da atividade A diretora de Assuntos Internacionais e de Gest\u00e3o de Riscos Corporativos do Banco Central, Fernanda Guardado, afirmou nesta quinta-feira, 11, que, em parte do mundo, a pandemia est\u00e1 sob controle, inclusive no Brasil, o que tem possibilitado a normaliza\u00e7\u00e3o<a class=\"moretag\" href=\"http:\/\/sindiquimicabr.com.br\/index.php\/2021\/11\/12\/vacinacao-tem-possibilitado-normalizacao-da-atividade-no-pais-diz-diretora-do-bc\/\"> [&#8230;]<\/a><\/p>\n","protected":false},"author":2,"featured_media":12387,"comment_status":"closed","ping_status":"closed","sticky":false,"template":"","format":"standard","meta":[],"categories":[10],"tags":[],"_links":{"self":[{"href":"http:\/\/sindiquimicabr.com.br\/index.php\/wp-json\/wp\/v2\/posts\/12386"}],"collection":[{"href":"http:\/\/sindiquimicabr.com.br\/index.php\/wp-json\/wp\/v2\/posts"}],"about":[{"href":"http:\/\/sindiquimicabr.com.br\/index.php\/wp-json\/wp\/v2\/types\/post"}],"author":[{"embeddable":true,"href":"http:\/\/sindiquimicabr.com.br\/index.php\/wp-json\/wp\/v2\/users\/2"}],"replies":[{"embeddable":true,"href":"http:\/\/sindiquimicabr.com.br\/index.php\/wp-json\/wp\/v2\/comments?post=12386"}],"version-history":[{"count":1,"href":"http:\/\/sindiquimicabr.com.br\/index.php\/wp-json\/wp\/v2\/posts\/12386\/revisions"}],"predecessor-version":[{"id":12388,"href":"http:\/\/sindiquimicabr.com.br\/index.php\/wp-json\/wp\/v2\/posts\/12386\/revisions\/12388"}],"wp:featuredmedia":[{"embeddable":true,"href":"http:\/\/sindiquimicabr.com.br\/index.php\/wp-json\/wp\/v2\/media\/12387"}],"wp:attachment":[{"href":"http:\/\/sindiquimicabr.com.br\/index.php\/wp-json\/wp\/v2\/media?parent=12386"}],"wp:term":[{"taxonomy":"category","embeddable":true,"href":"http:\/\/sindiquimicabr.com.br\/index.php\/wp-json\/wp\/v2\/categories?post=12386"},{"taxonomy":"post_tag","embeddable":true,"href":"http:\/\/sindiquimicabr.com.br\/index.php\/wp-json\/wp\/v2\/tags?post=12386"}],"curies":[{"name":"wp","href":"https:\/\/api.w.org\/{rel}","templated":true}]}}