{"id":12402,"date":"2021-11-16T19:24:51","date_gmt":"2021-11-16T19:24:51","guid":{"rendered":"http:\/\/sindiquimicabr.com.br\/?p=12402"},"modified":"2021-11-16T19:24:53","modified_gmt":"2021-11-16T19:24:53","slug":"ministerio-anuncia-dose-de-reforco-contra-a-covid-a-todos-com-mais-de-18-anos","status":"publish","type":"post","link":"http:\/\/sindiquimicabr.com.br\/index.php\/2021\/11\/16\/ministerio-anuncia-dose-de-reforco-contra-a-covid-a-todos-com-mais-de-18-anos\/","title":{"rendered":"Minist\u00e9rio anuncia dose de refor\u00e7o contra a covid a todos com mais de 18 anos"},"content":{"rendered":"<h4 class=\"news-subheadline\">Segundo Queiroga, h\u00e1 &#8220;doses de vacinas suficientes&#8221; para abastecer as 38 mil unidades b\u00e1sicas de sa\u00fade do Pa\u00eds<\/h4>\n<div class=\"news-main-image \"><picture><source srcset=\"https:\/\/media-manager.noticiasaominuto.com.br\/640\/naom_5fe87af4d392b.jpg\" media=\"(max-width: 640px)\" \/><source srcset=\"https:\/\/media-manager.noticiasaominuto.com.br\/960\/naom_5fe87af4d392b.jpg\" media=\"(max-width: 960px)\" \/><img decoding=\"async\" class=\"img-responsive \" src=\"https:\/\/media-manager.noticiasaominuto.com.br\/1920\/naom_5fe87af4d392b.jpg\" alt=\"Minist\u00e9rio anuncia dose de refor\u00e7o contra a covid a todos com mais de 18 anos\" \/> <\/picture><\/div>\n<div class=\"row\">\n<div class=\"col-lg-12 col-md-12 col-sm-6 col-xs-6\"><\/div>\n<\/div>\n<div class=\"row news-info-container no-margin\">\n<div class=\"col-lg-6 col-md-6 col-sm-6 hidden-xs no-padding\">\n<div class=\"news-social\" style=\"text-align: justify;\">\n<div class=\"fb-like\" data-href=\"https:\/\/www.noticiasaominuto.com.br\/ultima-hora\/1860820\/ministerio-anuncia-dose-de-reforco-contra-a-covid-a-todos-com-mais-de-18-anos?utm_medium=social&amp;utm_source=facebook.com&amp;utm_campaign=buffer\" data-layout=\"button\" data-action=\"like\" data-size=\"small\" data-show-faces=\"true\" data-share=\"false\"><\/div>\n<\/div>\n<\/div>\n<\/div>\n<div class=\"row news-main-text-container\">\n<div class=\"col-lg-12 col-md-12 col-sm-12 col-xs-12\">\n<div class=\"news-main-text\">\n<p style=\"text-align: justify;\"><span class=\"news_capital_letter\">O<\/span> ministro da Sa\u00fade, Marcelo Queiroga, anunciou nesta ter\u00e7a-feira, 16, que a aplica\u00e7\u00e3o da imuniza\u00e7\u00e3o de refor\u00e7o da vacina contra a covid-19 ser\u00e1 ampliada para toda a popula\u00e7\u00e3o do Pa\u00eds acima de 18 anos que tenha tomado a segunda dose h\u00e1 mais de cinco meses. Segundo Queiroga, h\u00e1 &#8220;doses de vacinas suficientes&#8221; para abastecer as 38 mil unidades b\u00e1sicas de sa\u00fade do Pa\u00eds.<\/p>\n<p style=\"text-align: justify;\">Inicialmente, a dose de refor\u00e7o estava sendo aplicada a adultos acima de 60 anos que haviam tomado a \u00faltima vacina h\u00e1 seis meses. O intervalo de aplica\u00e7\u00e3o, portanto, diminuiu e o p\u00fablico foi ampliado.<\/p>\n<p style=\"text-align: justify;\">&#8220;T\u00ednhamos autorizado essa dose de refor\u00e7o, dose adicional, em todos aqueles que tinham tomado a segunda dose h\u00e1 mais de seis meses e que tivessem 60 anos&#8221;, afirmou o ministro. &#8220;Agora, gra\u00e7as \u00e0s informa\u00e7\u00f5es que temos advindas dos estudos cient\u00edficos, principalmente, estudos de efetividade, realizados em parceria com a Fiocruz e de um estudo que encomendados em parceria com a Universidade de Oxford para avaliar a aplica\u00e7\u00e3o da 3\u00aa dose, que j\u00e1 temos dados preliminares, n\u00f3s decidimos ampliar essa dose adicional, dose de refor\u00e7o para todos aqueles acima de 18 anos que tenham tomado essa segunda dose h\u00e1 mais de 5 meses.&#8221;<\/p>\n<p style=\"text-align: justify;\"><strong>&#8216;Mega Vacina\u00e7\u00e3o&#8217;<\/strong><\/p>\n<p style=\"text-align: justify;\">Queiroga lan\u00e7ou na manh\u00e3 desta ter\u00e7a a campanha &#8216;Mega Vacina\u00e7\u00e3o&#8217;, para convocar a popula\u00e7\u00e3o para completar o esquema vacinal contra a covid. Na ocasi\u00e3o, ser\u00e3o anunciadas as novas diretrizes para o intervalo da vacina\u00e7\u00e3o e para a aplica\u00e7\u00e3o da dose de refor\u00e7o no Brasil.<\/p>\n<p style=\"text-align: justify;\">&#8220;Muitos n\u00e3o procuraram as unidades de vacina\u00e7\u00e3o para tomar a segunda dose. \u00c9 fundamental essa segunda dose para que se complete o esquema vacinal&#8221;, disse o ministro.<\/p>\n<\/div>\n<\/div>\n<p>Fonte: <a href=\"https:\/\/www.noticiasaominuto.com.br\/ultima-hora\/1860820\/ministerio-anuncia-dose-de-reforco-contra-a-covid-a-todos-com-mais-de-18-anos\">Noticias ao Minuto<\/a><\/p>\n<\/div>\n","protected":false},"excerpt":{"rendered":"<p>Segundo Queiroga, h\u00e1 &#8220;doses de vacinas suficientes&#8221; para abastecer as 38 mil unidades b\u00e1sicas de sa\u00fade do Pa\u00eds O ministro da Sa\u00fade, Marcelo Queiroga, anunciou nesta ter\u00e7a-feira, 16, que a aplica\u00e7\u00e3o da imuniza\u00e7\u00e3o de refor\u00e7o da vacina contra a covid-19 ser\u00e1 ampliada para toda a popula\u00e7\u00e3o do Pa\u00eds acima de 18 anos que tenha tomado<a class=\"moretag\" href=\"http:\/\/sindiquimicabr.com.br\/index.php\/2021\/11\/16\/ministerio-anuncia-dose-de-reforco-contra-a-covid-a-todos-com-mais-de-18-anos\/\"> [&#8230;]<\/a><\/p>\n","protected":false},"author":2,"featured_media":12403,"comment_status":"closed","ping_status":"closed","sticky":false,"template":"","format":"standard","meta":[],"categories":[10],"tags":[],"_links":{"self":[{"href":"http:\/\/sindiquimicabr.com.br\/index.php\/wp-json\/wp\/v2\/posts\/12402"}],"collection":[{"href":"http:\/\/sindiquimicabr.com.br\/index.php\/wp-json\/wp\/v2\/posts"}],"about":[{"href":"http:\/\/sindiquimicabr.com.br\/index.php\/wp-json\/wp\/v2\/types\/post"}],"author":[{"embeddable":true,"href":"http:\/\/sindiquimicabr.com.br\/index.php\/wp-json\/wp\/v2\/users\/2"}],"replies":[{"embeddable":true,"href":"http:\/\/sindiquimicabr.com.br\/index.php\/wp-json\/wp\/v2\/comments?post=12402"}],"version-history":[{"count":1,"href":"http:\/\/sindiquimicabr.com.br\/index.php\/wp-json\/wp\/v2\/posts\/12402\/revisions"}],"predecessor-version":[{"id":12404,"href":"http:\/\/sindiquimicabr.com.br\/index.php\/wp-json\/wp\/v2\/posts\/12402\/revisions\/12404"}],"wp:featuredmedia":[{"embeddable":true,"href":"http:\/\/sindiquimicabr.com.br\/index.php\/wp-json\/wp\/v2\/media\/12403"}],"wp:attachment":[{"href":"http:\/\/sindiquimicabr.com.br\/index.php\/wp-json\/wp\/v2\/media?parent=12402"}],"wp:term":[{"taxonomy":"category","embeddable":true,"href":"http:\/\/sindiquimicabr.com.br\/index.php\/wp-json\/wp\/v2\/categories?post=12402"},{"taxonomy":"post_tag","embeddable":true,"href":"http:\/\/sindiquimicabr.com.br\/index.php\/wp-json\/wp\/v2\/tags?post=12402"}],"curies":[{"name":"wp","href":"https:\/\/api.w.org\/{rel}","templated":true}]}}