{"id":12405,"date":"2021-11-16T19:28:16","date_gmt":"2021-11-16T19:28:16","guid":{"rendered":"http:\/\/sindiquimicabr.com.br\/?p=12405"},"modified":"2021-11-16T19:49:31","modified_gmt":"2021-11-16T19:49:31","slug":"pesquisa-diz-que-625-dos-lojistas-participarao-da-black-friday","status":"publish","type":"post","link":"http:\/\/sindiquimicabr.com.br\/index.php\/2021\/11\/16\/pesquisa-diz-que-625-dos-lojistas-participarao-da-black-friday\/","title":{"rendered":"Pesquisa diz que 62,5% dos lojistas participar\u00e3o da Black Friday"},"content":{"rendered":"<h4 class=\"news-subheadline\">Os que admitiram que n\u00e3o v\u00e3o participar s\u00e3o 12,5%<\/h4>\n<div class=\"news-main-image \"><picture><source srcset=\"https:\/\/media-manager.noticiasaominuto.com.br\/640\/naom_5659d826359cc.jpg?crop_params=eyJsYW5kc2NhcGUiOnsiY3JvcFdpZHRoIjoyMTkxLCJjcm9wSGVpZ2h0IjoxMjMyLCJjcm9wWCI6MCwiY3JvcFkiOjM0Mn19\" media=\"(max-width: 640px)\" \/><source srcset=\"https:\/\/media-manager.noticiasaominuto.com.br\/960\/naom_5659d826359cc.jpg?crop_params=eyJsYW5kc2NhcGUiOnsiY3JvcFdpZHRoIjoyMTkxLCJjcm9wSGVpZ2h0IjoxMjMyLCJjcm9wWCI6MCwiY3JvcFkiOjM0Mn19\" media=\"(max-width: 960px)\" \/><img decoding=\"async\" class=\"img-responsive \" src=\"https:\/\/media-manager.noticiasaominuto.com.br\/1920\/naom_5659d826359cc.jpg?crop_params=eyJsYW5kc2NhcGUiOnsiY3JvcFdpZHRoIjoyMTkxLCJjcm9wSGVpZ2h0IjoxMjMyLCJjcm9wWCI6MCwiY3JvcFkiOjM0Mn19\" alt=\"Pesquisa diz que 62,5% dos lojistas participar\u00e3o da Black Friday\" \/> <\/picture><\/div>\n<div class=\"row\">\n<div class=\"col-lg-12 col-md-12 col-sm-6 col-xs-6\"><\/div>\n<\/div>\n<div class=\"row news-info-container no-margin\">\n<div class=\"col-lg-6 col-md-6 col-sm-6 hidden-xs no-padding\">\n<div class=\"news-social\">\n<div class=\"fb-share-button fb_iframe_widget\" data-href=\"https:\/\/www.noticiasaominuto.com.br\/economia\/1860825\/pesquisa-diz-que-62-5-dos-lojistas-participarao-da-black-friday?utm_medium=social&amp;utm_source=facebook.com&amp;utm_campaign=buffer\" data-layout=\"button\" data-size=\"small\" data-mobile-iframe=\"true\"><\/div>\n<\/div>\n<\/div>\n<\/div>\n<div class=\"row news-main-text-container\">\n<div class=\"col-lg-12 col-md-12 col-sm-12 col-xs-12\">\n<div class=\"news-main-text\">\n<p style=\"text-align: justify;\"><span class=\"news_capital_letter\">U<\/span>ma pesquisa da Associa\u00e7\u00e3o Brasileira de Lojistas de Shopping (Alshop), feita em todo o pa\u00eds, mostrou que 62,5% dos 1.200 associados far\u00e3o promo\u00e7\u00f5es em seus pontos de venda durante a <em>Black Friday <\/em>(sexta-feira preta), no fim de novembro, enquanto 18,8% dos lojistas gostariam de participar da data, por\u00e9m, n\u00e3o conseguir\u00e3o devido ao aumento de custos que pressionam os pre\u00e7os e as margens de venda.<\/p>\n<p style=\"text-align: justify;\">Os que admitiram que n\u00e3o v\u00e3o participar s\u00e3o 12,5% e os que apostar\u00e3o apenas em promo\u00e7\u00f5es via internet em plataformas de e-commerce s\u00e3o 6,2%.<\/p>\n<p style=\"text-align: justify;\">Mesmo assim, a expectativa da Alshop com rela\u00e7\u00e3o \u00e0 data \u00e9 positiva, podendo superar os n\u00fameros de 2020 em 5%. \u201cSabemos que o varejo tem se erguido aos poucos, e mesmo diante da alta dos pre\u00e7os, em conversas com outros empres\u00e1rios, h\u00e1 muito mais otimismo para essa nova fase\u201d, disse o diretor institucional da Alshop, Luis Augusto Ildefonso.<\/p>\n<p style=\"text-align: justify;\">Segundo ele, mesmo com a alta do d\u00f3lar e o aumento de custos indiretos, os consumidores podem visitar as lojas esperando descontos significativos. \u201cOs descontos n\u00e3o ser\u00e3o t\u00e3o generosos como nos anos anteriores, mas com certeza far\u00e3o a diferen\u00e7a para o consumidor que est\u00e1 em busca de smartphones, eletrodom\u00e9sticos ou at\u00e9 outros produtos que j\u00e1 estejam no radar. O importante \u00e9 aproveitar a data e pesquisar para encontrar bons descontos\u201d, afirmou.<\/p>\n<p style=\"text-align: justify;\">A Federa\u00e7\u00e3o do Com\u00e9rcio de S\u00e3o Paulo alertou para o fato de que a prepara\u00e7\u00e3o para a data requer aten\u00e7\u00e3o dos lojistas na hora de identificar o limite de descontos para atrair os consumidores sem comprometer o fluxo de caixa, ainda mais diante de um cen\u00e1rio de incertezas econ\u00f4micas e com indicadores de consumo deteriorados (desemprego em alta, infla\u00e7\u00e3o, deteriora\u00e7\u00e3o da renda e cr\u00e9dito mais caro). Por outro lado, alguns pontos cr\u00edticos devem ser analisados quanto \u00e0 <em>Black Friday<\/em> deste ano.<\/p>\n<p style=\"text-align: justify;\">\u201cA oferta mais escassa de bens dur\u00e1veis, como eletroeletr\u00f4nicos e eletrodom\u00e9sticos, poder\u00e1 <span id=\"OBJ_PREFIX_DWT235_com_zimbra_date\" role=\"link\">ter<\/span> impacto nas vendas, considerando que os insumos necess\u00e1rios para a fabrica\u00e7\u00e3o destes produtos est\u00e3o com pre\u00e7os mais altos. Al\u00e9m disso, o crescimento mundial da demanda e a falta de componentes eletr\u00f4nicos poder\u00e3o comprometer a oferta de determinados produtos\u201d, disse a entidade.<\/p>\n<p style=\"text-align: justify;\">Segundo a Fecomercio, com a retomada econ\u00f4mica, houve crescimento significativo da demanda, atingindo a log\u00edstica de transportes, com o n\u00famero de cont\u00eaineres, navios e avi\u00f5es n\u00e3o aumentando para dar conta dos pedidos que j\u00e1 estavam atrasados por causa das medidas restritivas para controle da pandemia e das novas encomendas mundiais simultaneamente, elevando o pre\u00e7o dos fretes e os prazos para a exporta\u00e7\u00e3o e a importa\u00e7\u00e3o de produtos. A alta do d\u00f3lar \u00e9 outro componente a ser considerando, aumentando o custo dos produtos.<\/p>\n<p style=\"text-align: justify;\">\u201cEm raz\u00e3o de todos estes problemas, os lojistas j\u00e1 trabalham com estoques mais baixos para atender os clientes neste fim de ano. Um dos grandes desafios ser\u00e1 realizar promo\u00e7\u00f5es que sejam interessantes para os consumidores, considerando o aumento dos custos, sem comprometer as finan\u00e7as do neg\u00f3cio\u201d, informou a Fecomercio.<\/p>\n<p style=\"text-align: justify;\">Para a entidade, o ponto de aten\u00e7\u00e3o para os lojistas na <em>Black Friday<\/em> deste ano \u00e9 colocar o consumidor no centro das estrat\u00e9gias do neg\u00f3cio, proporcionando a melhor experi\u00eancia de compra, desde o primeiro contato at\u00e9 o p\u00f3s-venda.<\/p>\n<p style=\"text-align: justify;\">Dados da Associa\u00e7\u00e3o Comercial de S\u00e3o Paulo (ACSP), baseados em um levantamento da consultoria <em>Neotrust\/Compre&amp;Confie<\/em>, mostram que, no ano passado, mesmo com as medidas de distanciamento social mais r\u00edgidas e os efeitos mais intensos da crise econ\u00f4mica desencadeada pelo novo coronav\u00edrus, as vendas na <em>Black Friday <\/em>cresceram mais de 30% em rela\u00e7\u00e3o a 2019 e alcan\u00e7aram R$ 5,1 bilh\u00f5es.<\/p>\n<p style=\"text-align: justify;\">Por conta desses n\u00fameros e para impulsionar as vendas este ano, a entidade elaborou um guia para ajudar os lojistas a buscarem alternativas para alavancar as vendas. Em primeiro lugar a associa\u00e7\u00e3o orienta para aproveitar o alcance das redes sociais. \u201cMuitos empreendedores, especialmente aqueles que t\u00eam apenas um neg\u00f3cio f\u00edsico, ainda n\u00e3o conseguem enxergar a real necessidade de usar as redes sociais a seu favor. Al\u00e9m de abrir uma conta da empresa, vale a pena considerar a ideia de investir em an\u00fancios para impactar mais usu\u00e1rios com as suas ofertas\u201d, salientou a ACSP.<\/p>\n<p style=\"text-align: justify;\">Outra dica \u00e9 oferecer descontos reais, j\u00e1 que o per\u00edodo \u00e9 um sucesso de vendas, mas tamb\u00e9m desperta a desconfian\u00e7a com rela\u00e7\u00e3o aos descontos. \u201cIsso porque, nas \u00faltimas edi\u00e7\u00f5es, muitas empresas aumentaram os pre\u00e7os \u00e0s v\u00e9speras do evento para, no dia da campanha, anunciar redu\u00e7\u00f5es maiores nos pre\u00e7os. O lembrete \u00e9 o de que conquistar a confian\u00e7a do p\u00fablico em uma data como esta pode fidelizar clientes para o ano todo\u201d.<\/p>\n<p style=\"text-align: justify;\">\u00c9 importante controlar o estoque e o caixa para definir a estrat\u00e9gia de marketing e de precifica\u00e7\u00e3o, n\u00e3o esquecendo de avaliar o estoque e verificar com os fornecedores se os contratos de compra ser\u00e3o cumpridos ou se podem sofrer atrasos.<\/p>\n<p style=\"text-align: justify;\">\u201cOutro ponto de aten\u00e7\u00e3o \u00e9 garantir que o treinamento da equipe esteja em dia para que n\u00e3o haja falhas no processo. As respostas aos clientes no <em>WhatsApp<\/em>, <em>e-mail<\/em>, redes sociais e todo o suporte p\u00f3s-venda devem ser cordiais e transmitir credibilidade para o p\u00fablico\u201d, sugeriu a ACSP.<\/p>\n<p style=\"text-align: justify;\">Com informa\u00e7\u00f5es da Ag\u00eancia Brasil<\/p>\n<\/div>\n<\/div>\n<p>Fonte: <a href=\"https:\/\/www.noticiasaominuto.com.br\/economia\/1860825\/pesquisa-diz-que-62-5-dos-lojistas-participarao-da-black-friday\">Noticias ao Minuto<\/a><\/p>\n<\/div>\n","protected":false},"excerpt":{"rendered":"<p>Os que admitiram que n\u00e3o v\u00e3o participar s\u00e3o 12,5% Uma pesquisa da Associa\u00e7\u00e3o Brasileira de Lojistas de Shopping (Alshop), feita em todo o pa\u00eds, mostrou que 62,5% dos 1.200 associados far\u00e3o promo\u00e7\u00f5es em seus pontos de venda durante a Black Friday (sexta-feira preta), no fim de novembro, enquanto 18,8% dos lojistas gostariam de participar da<a class=\"moretag\" href=\"http:\/\/sindiquimicabr.com.br\/index.php\/2021\/11\/16\/pesquisa-diz-que-625-dos-lojistas-participarao-da-black-friday\/\"> [&#8230;]<\/a><\/p>\n","protected":false},"author":2,"featured_media":12406,"comment_status":"closed","ping_status":"closed","sticky":false,"template":"","format":"standard","meta":[],"categories":[9],"tags":[],"_links":{"self":[{"href":"http:\/\/sindiquimicabr.com.br\/index.php\/wp-json\/wp\/v2\/posts\/12405"}],"collection":[{"href":"http:\/\/sindiquimicabr.com.br\/index.php\/wp-json\/wp\/v2\/posts"}],"about":[{"href":"http:\/\/sindiquimicabr.com.br\/index.php\/wp-json\/wp\/v2\/types\/post"}],"author":[{"embeddable":true,"href":"http:\/\/sindiquimicabr.com.br\/index.php\/wp-json\/wp\/v2\/users\/2"}],"replies":[{"embeddable":true,"href":"http:\/\/sindiquimicabr.com.br\/index.php\/wp-json\/wp\/v2\/comments?post=12405"}],"version-history":[{"count":2,"href":"http:\/\/sindiquimicabr.com.br\/index.php\/wp-json\/wp\/v2\/posts\/12405\/revisions"}],"predecessor-version":[{"id":12423,"href":"http:\/\/sindiquimicabr.com.br\/index.php\/wp-json\/wp\/v2\/posts\/12405\/revisions\/12423"}],"wp:featuredmedia":[{"embeddable":true,"href":"http:\/\/sindiquimicabr.com.br\/index.php\/wp-json\/wp\/v2\/media\/12406"}],"wp:attachment":[{"href":"http:\/\/sindiquimicabr.com.br\/index.php\/wp-json\/wp\/v2\/media?parent=12405"}],"wp:term":[{"taxonomy":"category","embeddable":true,"href":"http:\/\/sindiquimicabr.com.br\/index.php\/wp-json\/wp\/v2\/categories?post=12405"},{"taxonomy":"post_tag","embeddable":true,"href":"http:\/\/sindiquimicabr.com.br\/index.php\/wp-json\/wp\/v2\/tags?post=12405"}],"curies":[{"name":"wp","href":"https:\/\/api.w.org\/{rel}","templated":true}]}}