{"id":12411,"date":"2021-11-16T19:34:48","date_gmt":"2021-11-16T19:34:48","guid":{"rendered":"http:\/\/sindiquimicabr.com.br\/?p=12411"},"modified":"2021-11-16T19:48:00","modified_gmt":"2021-11-16T19:48:00","slug":"ministerio-da-saude-anuncia-segunda-dose-da-vacina-da-janssen-contra-a-covid","status":"publish","type":"post","link":"http:\/\/sindiquimicabr.com.br\/index.php\/2021\/11\/16\/ministerio-da-saude-anuncia-segunda-dose-da-vacina-da-janssen-contra-a-covid\/","title":{"rendered":"Minist\u00e9rio da Sa\u00fade anuncia segunda dose da vacina da Janssen contra a covid"},"content":{"rendered":"<h4 class=\"news-subheadline\">A aplica\u00e7\u00e3o dever\u00e1 ser feita dois meses ap\u00f3s a primeira dose<\/h4>\n<div class=\"news-main-image \"><picture><source srcset=\"https:\/\/media-manager.noticiasaominuto.com.br\/640\/naom_60ed41af56fad.jpg\" media=\"(max-width: 640px)\" \/><source srcset=\"https:\/\/media-manager.noticiasaominuto.com.br\/960\/naom_60ed41af56fad.jpg\" media=\"(max-width: 960px)\" \/><img decoding=\"async\" class=\"img-responsive \" src=\"https:\/\/media-manager.noticiasaominuto.com.br\/1920\/naom_60ed41af56fad.jpg\" alt=\"Minist\u00e9rio da Sa\u00fade anuncia segunda dose da vacina da Janssen contra a covid\" \/> <\/picture><\/div>\n<div class=\"row\">\n<div class=\"col-lg-12 col-md-12 col-sm-6 col-xs-6\"><\/div>\n<\/div>\n<div class=\"row news-info-container no-margin\">\n<div class=\"col-lg-6 col-md-6 col-sm-6 col-xs-12 no-padding\">\n<p class=\"news-info-tag\">\n<\/div>\n<div class=\"col-lg-6 col-md-6 col-sm-6 hidden-xs no-padding\">\n<div class=\"news-social\">\n<div class=\"fb-share-button fb_iframe_widget\" data-href=\"https:\/\/www.noticiasaominuto.com.br\/ultima-hora\/1860853\/ministerio-da-saude-anuncia-segunda-dose-da-vacina-da-janssen-contra-a-covid?utm_medium=social&amp;utm_source=facebook.com&amp;utm_campaign=buffer\" data-layout=\"button\" data-size=\"small\" data-mobile-iframe=\"true\"><\/div>\n<div class=\"fb-like fb_iframe_widget\" data-href=\"https:\/\/www.noticiasaominuto.com.br\/ultima-hora\/1860853\/ministerio-da-saude-anuncia-segunda-dose-da-vacina-da-janssen-contra-a-covid?utm_medium=social&amp;utm_source=facebook.com&amp;utm_campaign=buffer\" data-layout=\"button\" data-action=\"like\" data-size=\"small\" data-show-faces=\"true\" data-share=\"false\"><\/div>\n<\/div>\n<\/div>\n<\/div>\n<div class=\"row news-main-text-container\">\n<div class=\"col-lg-12 col-md-12 col-sm-12 col-xs-12\">\n<div class=\"news-main-text\">\n<p style=\"text-align: justify;\"><span class=\"news_capital_letter\">O<\/span> ministro da Sa\u00fade, Marcelo Queiroga, afirmou nesta ter\u00e7a-feira, 16, que as pessoas que tomaram a vacina da Janssen, da farmac\u00eautica Johnson &amp; Johnson, precisar\u00e3o tomar uma segunda dose do imunizante. A aplica\u00e7\u00e3o dever\u00e1 ser feita dois meses ap\u00f3s a primeira dose. O refor\u00e7o para essas pessoas ser\u00e1 feito cinco meses ap\u00f3s o esquema vacinal completo.<\/p>\n<p style=\"text-align: justify;\">Queiroga disse que a quantidade de vacinas da Jansen aplicadas no Pa\u00eds foi pequena e que h\u00e1 imunizantes suficientes para a segunda dose.<\/p>\n<p style=\"text-align: justify;\">&#8220;No in\u00edcio, a recomenda\u00e7\u00e3o era que essa vacina fosse de dose \u00fanica. Hoje, n\u00f3s sabemos que \u00e9 necess\u00e1ria essa prote\u00e7\u00e3o adicional. Esses que tomaram a vacina da Janssen v\u00e3o tomar a segunda dose do mesmo imunizante&#8221;, afirmou o ministro. &#8220;L\u00e1 na frente, a sequ\u00eancia \u00e9: completou 5 meses da segunda dose, receber\u00e1 uma dose de refor\u00e7o, preferencialmente, com a vacina diferente, uma vacina\u00e7\u00e3o heter\u00f3loga.&#8221;<\/p>\n<p style=\"text-align: justify;\">De acordo com a secret\u00e1ria de Enfrentamento \u00e0 Covid, Rosana Leite de Melo, o Minist\u00e9rio da Sa\u00fade vai seguir a recomenda\u00e7\u00e3o do Food and Drug Administration (FDA), ag\u00eancia reguladora dos EUA, e aplicar a segunda dose da Janssen dois meses ap\u00f3s a primeira aplica\u00e7\u00e3o. A secret\u00e1ria disse que as vacinas chegaram nesta segunda-feira, 15, e devem ser distribu\u00eddas a partir de sexta-feira, 19, &#8220;com todas as orienta\u00e7\u00f5es&#8221;.<\/p>\n<p style=\"text-align: justify;\">&#8220;Quem tomou a Janssen completar\u00e1 o esquema vacinal. Embora esteja na Anvisa (Ag\u00eancia Nacional de Vigil\u00e2ncia Sanit\u00e1ria) uma dose \u00fanica, compete a n\u00f3s (Minist\u00e9rio da Sa\u00fade) as defini\u00e7\u00f5es&#8221;, disse. &#8220;A Janssen chegou aqui para n\u00f3s em junho, julho. Estamos no tempo esperado.&#8221;<\/p>\n<p style=\"text-align: justify;\">A reportagem pediu um posicionamento da Anvisa sobre o tema, mas ainda n\u00e3o houve resposta.<\/p>\n<\/div>\n<\/div>\n<p>Fonte: <a href=\"https:\/\/www.noticiasaominuto.com.br\/ultima-hora\/1860853\/ministerio-da-saude-anuncia-segunda-dose-da-vacina-da-janssen-contra-a-covid\">Noticias ao Minuto<\/a><\/p>\n<\/div>\n","protected":false},"excerpt":{"rendered":"<p>A aplica\u00e7\u00e3o dever\u00e1 ser feita dois meses ap\u00f3s a primeira dose O ministro da Sa\u00fade, Marcelo Queiroga, afirmou nesta ter\u00e7a-feira, 16, que as pessoas que tomaram a vacina da Janssen, da farmac\u00eautica Johnson &amp; Johnson, precisar\u00e3o tomar uma segunda dose do imunizante. A aplica\u00e7\u00e3o dever\u00e1 ser feita dois meses ap\u00f3s a primeira dose. O refor\u00e7o<a class=\"moretag\" href=\"http:\/\/sindiquimicabr.com.br\/index.php\/2021\/11\/16\/ministerio-da-saude-anuncia-segunda-dose-da-vacina-da-janssen-contra-a-covid\/\"> [&#8230;]<\/a><\/p>\n","protected":false},"author":2,"featured_media":12412,"comment_status":"closed","ping_status":"closed","sticky":false,"template":"","format":"standard","meta":[],"categories":[10],"tags":[],"_links":{"self":[{"href":"http:\/\/sindiquimicabr.com.br\/index.php\/wp-json\/wp\/v2\/posts\/12411"}],"collection":[{"href":"http:\/\/sindiquimicabr.com.br\/index.php\/wp-json\/wp\/v2\/posts"}],"about":[{"href":"http:\/\/sindiquimicabr.com.br\/index.php\/wp-json\/wp\/v2\/types\/post"}],"author":[{"embeddable":true,"href":"http:\/\/sindiquimicabr.com.br\/index.php\/wp-json\/wp\/v2\/users\/2"}],"replies":[{"embeddable":true,"href":"http:\/\/sindiquimicabr.com.br\/index.php\/wp-json\/wp\/v2\/comments?post=12411"}],"version-history":[{"count":2,"href":"http:\/\/sindiquimicabr.com.br\/index.php\/wp-json\/wp\/v2\/posts\/12411\/revisions"}],"predecessor-version":[{"id":12422,"href":"http:\/\/sindiquimicabr.com.br\/index.php\/wp-json\/wp\/v2\/posts\/12411\/revisions\/12422"}],"wp:featuredmedia":[{"embeddable":true,"href":"http:\/\/sindiquimicabr.com.br\/index.php\/wp-json\/wp\/v2\/media\/12412"}],"wp:attachment":[{"href":"http:\/\/sindiquimicabr.com.br\/index.php\/wp-json\/wp\/v2\/media?parent=12411"}],"wp:term":[{"taxonomy":"category","embeddable":true,"href":"http:\/\/sindiquimicabr.com.br\/index.php\/wp-json\/wp\/v2\/categories?post=12411"},{"taxonomy":"post_tag","embeddable":true,"href":"http:\/\/sindiquimicabr.com.br\/index.php\/wp-json\/wp\/v2\/tags?post=12411"}],"curies":[{"name":"wp","href":"https:\/\/api.w.org\/{rel}","templated":true}]}}