{"id":12417,"date":"2021-11-16T19:42:31","date_gmt":"2021-11-16T19:42:31","guid":{"rendered":"http:\/\/sindiquimicabr.com.br\/?p=12417"},"modified":"2021-11-16T19:47:31","modified_gmt":"2021-11-16T19:47:31","slug":"auxilio-brasil-sera-pago-nesta-quarta-17-saiba-baixar-o-aplicativo","status":"publish","type":"post","link":"http:\/\/sindiquimicabr.com.br\/index.php\/2021\/11\/16\/auxilio-brasil-sera-pago-nesta-quarta-17-saiba-baixar-o-aplicativo\/","title":{"rendered":"Aux\u00edlio Brasil ser\u00e1 pago nesta quarta (17); saiba baixar o aplicativo"},"content":{"rendered":"<h4 class=\"news-subheadline\">A Caixa informou que o aplicativo Aux\u00edlio Brasil j\u00e1 pode ser baixado no celular<\/h4>\n<div class=\"news-main-image \"><picture><source srcset=\"https:\/\/media-manager.noticiasaominuto.com.br\/640\/naom_60646af4474bd.jpg\" media=\"(max-width: 640px)\" \/><source srcset=\"https:\/\/media-manager.noticiasaominuto.com.br\/960\/naom_60646af4474bd.jpg\" media=\"(max-width: 960px)\" \/><img decoding=\"async\" class=\"img-responsive \" src=\"https:\/\/media-manager.noticiasaominuto.com.br\/1920\/naom_60646af4474bd.jpg\" alt=\"Aux\u00edlio Brasil ser\u00e1 pago nesta quarta (17); saiba baixar o aplicativo\" \/> <\/picture><\/div>\n<div class=\"row\">\n<div class=\"col-lg-12 col-md-12 col-sm-6 col-xs-6\">\u00a0<\/div>\n<\/div>\n<div class=\"row news-info-container no-margin\">\n<div class=\"col-lg-6 col-md-6 col-sm-6 hidden-xs no-padding\">\n<div class=\"news-social\">\u00a0<\/div>\n<\/div>\n<\/div>\n<div class=\"row news-main-text-container\">\n<div class=\"col-lg-12 col-md-12 col-sm-12 col-xs-12\">\n<div class=\"news-main-text\">\n<p style=\"text-align: justify;\"><span class=\"news_capital_letter\">S<\/span>\u00c3O PAULO, SP (FOLHARPESS) &#8211; Os pagamentos do Aux\u00edlio Brasil, novo programa social do governo federal, come\u00e7am nesta quarta-feira (17) e seguir\u00e3o o calend\u00e1rio habitual do Bolsa Fam\u00edlia. Os saques poder\u00e3o ser realizados com o cart\u00e3o Bolsa Fam\u00edlia, at\u00e9 a emiss\u00e3o de um novo cart\u00e3o, e pelo Caixa Tem.<\/p>\n<p style=\"text-align: justify;\">Nesta ter\u00e7a (16), a Caixa informou que o aplicativo Aux\u00edlio Brasil j\u00e1 pode ser baixado no celular. Por ele ser\u00e1 poss\u00edvel consultar se ir\u00e1 receber o benef\u00edcio, a data de pagamento e o valor. Para aparelhos Android, busque por Aux\u00edlio Brasil CAIXA. Clique em &#8220;Instalar&#8221; e siga as orienta\u00e7\u00f5es.<\/p>\n<p style=\"text-align: justify;\">Segundo a Caixa, tamb\u00e9m ser\u00e1 poss\u00edvel obter as informa\u00e7\u00f5es pelo aplicativo Caixa Tem.<\/p>\n<p style=\"text-align: justify;\">Quem j\u00e1 recebe o Bolsa Fam\u00edlia passar\u00e1 a ter o novo benef\u00edcio automaticamente. Al\u00e9m da renda b\u00e1sica, \u00e9 poss\u00edvel que cada fam\u00edlia receba benef\u00edcios complementares, que variam entre R$ 100 e R$ 200. O Aux\u00edlio Brasil pagar\u00e1 at\u00e9 seis benef\u00edcios complementares.<\/p>\n<p style=\"text-align: justify;\">De acordo com a Caixa, os cart\u00f5es e as senhas utilizados para saque do Bolsa Fam\u00edlia continuar\u00e3o v\u00e1lidos e poder\u00e3o ser utilizados para o recebimento do Aux\u00edlio Brasil. As fam\u00edlias que recebem o Bolsa Fam\u00edlia pelo aplicativo Caixa Tem, em conta-poupan\u00e7a digital, receber\u00e3o o Aux\u00edlio Brasil na mesma modalidade de pagamento e poder\u00e3o continuar movimentando seu benef\u00edcio pelo aplicativo.<\/p>\n<p style=\"text-align: justify;\">Para ser candidato ao novo programa social do governo fedral, a fam\u00edlia deve estar inscrita no Cad\u00danico (Cadastro \u00danico) e com as informa\u00e7\u00f5es atualizadas no sistema. O cadastramento n\u00e3o \u00e9 feito pela internet. \u00c9 preciso ir at\u00e9 o setor respons\u00e1vel pelo Cadastro \u00danico do munic\u00edpio para se inscrever. Normalmente o cadastro \u00e9 feito nas prefeituras, no Cras (Centro de Refer\u00eancia de Assist\u00eancia Social), ou em um posto de atendimento do Cadastro \u00danico e do programa Bolsa Fam\u00edlia.<\/p>\n<p style=\"text-align: justify;\">Mensalmente, a Dataprev ir\u00e1 reavaliar se a fam\u00edlia permanece com direito ao Aux\u00edlio Brasil. De acordo com Pedro Guimar\u00e3es, presidente da Caixa, 14,5 fam\u00edlias ser\u00e3o beneficiadas em novembro.<\/p>\n<p style=\"text-align: justify;\"><span class=\"news_bold\">Fique atento! Para receber os benef\u00edcios do Aux\u00edlio Brasil a fam\u00edlia \u00e9 obrigada a:<\/span><\/p>\n<p style=\"text-align: justify;\">Comprovar a frequ\u00eancia escolar mensal m\u00ednima de 60% para crian\u00e7as de quatro e cinco anos de idade, e de 75% para benefici\u00e1rios de seis a 21 anos Estar com o calend\u00e1rio nacional de vacina\u00e7\u00e3o institu\u00eddo pelo Minist\u00e9rio da Sa\u00fade em dia Acompanhar o estado nutricional de crian\u00e7as com at\u00e9 7 anos de idade incompletos fazer o pr\u00e9-natal, no caso das gestantes.<\/p>\n<p style=\"text-align: justify;\"><span class=\"news_h3\">BENEF\u00cdCIOS B\u00c1SICOS<\/span> &#8211; Podem receber at\u00e9 cinco integrantes por fam\u00edlia<\/p>\n<p style=\"text-align: justify;\"><span class=\"news_bold\">Benef\u00edcio Primeira Inf\u00e2ncia:<\/span> para fam\u00edlias com crian\u00e7as de zero a 36 meses incompletos<\/p>\n<p style=\"text-align: justify;\">Valor: R$ 130 por integrante<\/p>\n<p style=\"text-align: justify;\"><span class=\"news_bold\">Benef\u00edcio Composi\u00e7\u00e3o Familiar:<\/span> para jovens de 18 a 21 anos incompletos, com o objetivo de incentivar esse grupo a permanecer nos estudos para concluir pelo menos um n\u00edvel de escolariza\u00e7\u00e3o formal<\/p>\n<p style=\"text-align: justify;\">Valor: R$ 65 por integrante<\/p>\n<p style=\"text-align: justify;\"><span class=\"news_h3\">EXTRA<\/span><\/p>\n<p style=\"text-align: justify;\">Benef\u00edcio de Supera\u00e7\u00e3o da Extrema Pobreza: para fam\u00edlias que n\u00e3o superaram o valor da linha de extrema pobreza (R$ 100) ap\u00f3s receber um ou os dois benef\u00edcios anteriores. N\u00e3o h\u00e1 limita\u00e7\u00f5es relacionadas ao n\u00famero integrantes<\/p>\n<p style=\"text-align: justify;\">Valor: ser\u00e1 calculado por integrante e pago no limite de um benef\u00edcio por fam\u00edlia benefici\u00e1ria<\/p>\n<p style=\"text-align: justify;\"><span class=\"news_bold news_h3\">BENEF\u00cdCIOS COMPLEMENTARES<\/span> &#8211; Ser\u00e3o pagos com os benef\u00edcios b\u00e1sicos<\/p>\n<p style=\"text-align: justify;\"><span class=\"news_bold\">Aux\u00edlio Esporte Escolar: <\/span>destinado a estudantes com idades entre 12 e 17 anos incompletos que sejam integrantes de fam\u00edlias benefici\u00e1rias do Aux\u00edlio Brasil e que se destacarem em competi\u00e7\u00f5es oficiais do sistema de jogos escolares brasileiros<\/p>\n<p style=\"text-align: justify;\">Valor: 12 parcelas mensais de R$ 100 + R$ 1.000 em parcela \u00fanica, por fam\u00edlia<\/p>\n<p style=\"text-align: justify;\"><span class=\"news_bold\">Bolsa de Inicia\u00e7\u00e3o Cient\u00edfica J\u00fanior:<\/span> para estudantes com bom desempenho em competi\u00e7\u00f5es acad\u00eamicas e cient\u00edficas e que sejam benefici\u00e1rios do Aux\u00edlio Brasil. N\u00e3o h\u00e1 n\u00famero m\u00e1ximo de benefici\u00e1rios por fam\u00edlia<\/p>\n<p style=\"text-align: justify;\">Valor: 12 parcelas mensais de R$ 100 + R$ 1.000 em parcela \u00fanica, por fam\u00edlia<\/p>\n<p style=\"text-align: justify;\"><span class=\"news_bold\">Aux\u00edlio Crian\u00e7a Cidad\u00e3:<\/span> para o respons\u00e1vel por fam\u00edlia com crian\u00e7as at\u00e9 48 meses incompletos que consiga trabalho, mas n\u00e3o encontre vaga em creches p\u00fablicas ou privadas da rede conveniada. ) limite por n\u00facleo familiar ainda ser\u00e1 regulamentado<\/p>\n<p style=\"text-align: justify;\">Valor:<br \/>&#8211; R$ 200, para as fam\u00edlias que tenham crian\u00e7as matriculadas em turno parcial<br \/>&#8211; R$ 300, para as fam\u00edlias que tenham crian\u00e7as matriculadas em turno integral<\/p>\n<p style=\"text-align: justify;\"><span class=\"news_bold\">Aux\u00edlio Inclus\u00e3o Produtiva Rural:<\/span> pago aos agricultores familiares inscritos no Cadastro \u00danico. Esse benef\u00edcio \u00e9 limitado a um por pessoa e por fam\u00edlia.<\/p>\n<p style=\"text-align: justify;\">Valor: R$ 200 por m\u00eas, por at\u00e9 36 meses<\/p>\n<p style=\"text-align: justify;\"><span class=\"news_bold\">Aux\u00edlio Inclus\u00e3o Produtiva Urbana:<\/span> para quem estiver na folha de pagamento do Aux\u00edlio Brasil e comprovar v\u00ednculo empregat\u00edcio. Limitado a um por pessoa e por fam\u00edlia.<\/p>\n<p style=\"text-align: justify;\">Valor: R$ 200 por m\u00eas, a partir do m\u00eas seguinte \u00e0 comprova\u00e7\u00e3o do v\u00ednculo de emprego formal<\/p>\n<p style=\"text-align: justify;\"><span class=\"news_h3\">COMO RECEBER O AUX\u00cdLIO BRASIL<\/span><\/p>\n<p style=\"text-align: justify;\">Fam\u00edlias em condi\u00e7\u00e3o de extrema pobreza (renda mensal de at\u00e9 R$ 100 por pessoa) Fam\u00edlias em condi\u00e7\u00e3o de pobreza (renda mensal at\u00e9 R$ 200 por pessoa, segundo o padr\u00e3o atual do governo) com gestantes ou pessoas com idade at\u00e9 21 anos .<\/p>\n<p style=\"text-align: justify;\"><span class=\"news_bold\">\u00c9 PRECISO ESTAR CADASTRADO NO CAD\u00daNICO E COM AS INFORMA\u00c7\u00d5ES ATUALIZADAS<\/span><\/p>\n<ul style=\"text-align: justify;\">\n<li>Para se inscrever no Cadastro \u00danico, \u00e9 preciso que uma pessoa da fam\u00edlia se responsabilize por prestar as informa\u00e7\u00f5es de todos os membros da casa para o entrevistador<\/li>\n<li>Essa pessoa, chamada de Respons\u00e1vel pela Unidade Familiar (RF), deve ter pelo menos 16 anos, ter CPF ou t\u00edtulo eleitor, e, preferencialmente, ser mulher<\/li>\n<li>O cadastro \u00e9 feito normalmente nas prefeituras, no Cras (Centro de Refer\u00eancia de Assist\u00eancia Social), ou em um posto de atendimento do Cadastro \u00danico e do Programa Bolsa Fam\u00edlia<br \/>Apresente, pelo menos, um documento para cada pessoa da fam\u00edlia, dentre os seguintes:<br \/>&#8211; Certid\u00e3o de nascimento<br \/>&#8211; Certid\u00e3o de casamento<br \/>&#8211; CPF<br \/>&#8211; RG<br \/>&#8211; Carteira de trabalho<br \/>&#8211; T\u00edtulo de eleitor Registro Administrativo de Nascimento Ind\u00edgena (Rani), se a pessoa for ind\u00edgena<\/li>\n<\/ul>\n<p style=\"text-align: justify;\"><span class=\"news_bold\">Como ser\u00e1 o pagamento<\/span><\/p>\n<ul>\n<li style=\"text-align: justify;\">O pagamento do novo aux\u00edlio come\u00e7a nesta quarta, 17 de novembro de 2021, e, se aprovado pelo Congresso, ir\u00e1 at\u00e9 dezembro de 2022<\/li>\n<li style=\"text-align: justify;\">Fam\u00edlias que recebem o Bolsa Fam\u00edlia ter\u00e3o aumento de 17,84% no valor m\u00e9dio, que passou a ser de R$ 217,18 mensais<\/li>\n<li style=\"text-align: justify;\">O valor ser\u00e1 pago do mesmo modo que, atualmente, \u00e9 liberado o Bolsa Fam\u00edlia<\/li>\n<\/ul>\n<\/div>\n<\/div>\n<p>Fonte: <a href=\"https:\/\/www.noticiasaominuto.com.br\/brasil\/1860813\/auxilio-brasil-sera-pago-nesta-quarta-17-saiba-baixar-o-aplicativo\">Noticias ao Minuto<\/a><\/p>\n<\/div>\n\n","protected":false},"excerpt":{"rendered":"<p>A Caixa informou que o aplicativo Aux\u00edlio Brasil j\u00e1 pode ser baixado no celular \u00a0 \u00a0 S\u00c3O PAULO, SP (FOLHARPESS) &#8211; Os pagamentos do Aux\u00edlio Brasil, novo programa social do governo federal, come\u00e7am nesta quarta-feira (17) e seguir\u00e3o o calend\u00e1rio habitual do Bolsa Fam\u00edlia. Os saques poder\u00e3o ser realizados com o cart\u00e3o Bolsa Fam\u00edlia, at\u00e9<a class=\"moretag\" href=\"http:\/\/sindiquimicabr.com.br\/index.php\/2021\/11\/16\/auxilio-brasil-sera-pago-nesta-quarta-17-saiba-baixar-o-aplicativo\/\"> [&#8230;]<\/a><\/p>\n","protected":false},"author":2,"featured_media":12418,"comment_status":"closed","ping_status":"closed","sticky":false,"template":"","format":"standard","meta":[],"categories":[2],"tags":[],"_links":{"self":[{"href":"http:\/\/sindiquimicabr.com.br\/index.php\/wp-json\/wp\/v2\/posts\/12417"}],"collection":[{"href":"http:\/\/sindiquimicabr.com.br\/index.php\/wp-json\/wp\/v2\/posts"}],"about":[{"href":"http:\/\/sindiquimicabr.com.br\/index.php\/wp-json\/wp\/v2\/types\/post"}],"author":[{"embeddable":true,"href":"http:\/\/sindiquimicabr.com.br\/index.php\/wp-json\/wp\/v2\/users\/2"}],"replies":[{"embeddable":true,"href":"http:\/\/sindiquimicabr.com.br\/index.php\/wp-json\/wp\/v2\/comments?post=12417"}],"version-history":[{"count":3,"href":"http:\/\/sindiquimicabr.com.br\/index.php\/wp-json\/wp\/v2\/posts\/12417\/revisions"}],"predecessor-version":[{"id":12421,"href":"http:\/\/sindiquimicabr.com.br\/index.php\/wp-json\/wp\/v2\/posts\/12417\/revisions\/12421"}],"wp:featuredmedia":[{"embeddable":true,"href":"http:\/\/sindiquimicabr.com.br\/index.php\/wp-json\/wp\/v2\/media\/12418"}],"wp:attachment":[{"href":"http:\/\/sindiquimicabr.com.br\/index.php\/wp-json\/wp\/v2\/media?parent=12417"}],"wp:term":[{"taxonomy":"category","embeddable":true,"href":"http:\/\/sindiquimicabr.com.br\/index.php\/wp-json\/wp\/v2\/categories?post=12417"},{"taxonomy":"post_tag","embeddable":true,"href":"http:\/\/sindiquimicabr.com.br\/index.php\/wp-json\/wp\/v2\/tags?post=12417"}],"curies":[{"name":"wp","href":"https:\/\/api.w.org\/{rel}","templated":true}]}}