{"id":12428,"date":"2021-11-18T13:11:34","date_gmt":"2021-11-18T13:11:34","guid":{"rendered":"http:\/\/sindiquimicabr.com.br\/?p=12428"},"modified":"2021-11-18T13:11:36","modified_gmt":"2021-11-18T13:11:36","slug":"reajuste-de-servidor-tiraria-verba-de-emendas-e-promessas-de-bolsonaro-na-area-social","status":"publish","type":"post","link":"http:\/\/sindiquimicabr.com.br\/index.php\/2021\/11\/18\/reajuste-de-servidor-tiraria-verba-de-emendas-e-promessas-de-bolsonaro-na-area-social\/","title":{"rendered":"Reajuste de servidor tiraria verba de emendas e promessas de Bolsonaro na \u00e1rea social"},"content":{"rendered":"<h4 class=\"news-subheadline\">Um reajuste para policiais, que deve custar menos de R$ 1 bilh\u00e3o, ainda poder\u00e1 ser encaixado no espa\u00e7o a ser aberto com a PEC (Proposta de Emenda \u00e0 Constitui\u00e7\u00e3o) que limita gastos com precat\u00f3rios -d\u00edvidas do governo reconhecidas pela Justi\u00e7a e sem possibilidade de recurso<\/h4>\n<div class=\"news-main-image \"><picture><source srcset=\"https:\/\/media-manager.noticiasaominuto.com.br\/640\/naom_61653b53495b5.jpg\" media=\"(max-width: 640px)\"><source srcset=\"https:\/\/media-manager.noticiasaominuto.com.br\/960\/naom_61653b53495b5.jpg\" media=\"(max-width: 960px)\"><img decoding=\"async\" class=\"img-responsive \" src=\"https:\/\/media-manager.noticiasaominuto.com.br\/1920\/naom_61653b53495b5.jpg\" alt=\"Reajuste de servidor tiraria verba de emendas e promessas de Bolsonaro na \u00e1rea social\"> <\/picture><\/div>\n<div class=\"row\">\n<div class=\"col-lg-12 col-md-12 col-sm-6 col-xs-6\">\n<p class=\"news-main-image-copyright text-left\">\n<\/div>\n<\/div>\n<div class=\"row news-info-container no-margin\">\n<div class=\"col-lg-6 col-md-6 col-sm-6 hidden-xs no-padding\">\n<div class=\"news-social\"><\/div>\n<\/div>\n<\/div>\n<div class=\"row news-main-text-container\">\n<div class=\"col-lg-12 col-md-12 col-sm-12 col-xs-12\">\n<div class=\"news-main-text\">\n<p style=\"text-align: justify;\"><span class=\"news_capital_letter\">(<\/span>FOLHAPRESS) &#8211; Sem espa\u00e7o para elevar ainda mais as despesas em ano eleitoral, membros do Congresso que discutem o Or\u00e7amento de 2022 dizem que, se o governo insistir num amplo reajuste a servidores, a verba para emendas parlamentares e para outras promessas do presidente Jair Bolsonaro na \u00e1rea social dever\u00e1 ser cortada.<\/p>\n<p style=\"text-align: justify;\">Um reajuste para policiais, que deve custar menos de R$ 1 bilh\u00e3o, ainda poder\u00e1 ser encaixado no espa\u00e7o a ser aberto com a PEC (Proposta de Emenda \u00e0 Constitui\u00e7\u00e3o) que limita gastos com precat\u00f3rios -d\u00edvidas do governo reconhecidas pela Justi\u00e7a e sem possibilidade de recurso.<\/p>\n<p style=\"text-align: justify;\">No entanto, t\u00e9cnicos do governo e parlamentares afirmam que um aumento linear para todo o funcionalismo n\u00e3o caber\u00e1 no Or\u00e7amento mesmo se a proposta for aprovada.<\/p>\n<p style=\"text-align: justify;\">Um reajuste amplo tem impacto significativo sobre as contas federais. Para cada ponto percentual de aumento aos quase 600 mil servidores, a despesa anual do governo \u00e9 ampliada em aproximadamente R$ 3 bilh\u00f5es.<\/p>\n<p style=\"text-align: justify;\">Uma corre\u00e7\u00e3o salarial de 5%, por exemplo, geraria um custo anual permanente de R$ 15 bilh\u00f5es. Portanto, se o governo optar por conceder o reajuste, ser\u00e1 necess\u00e1rio cortar gastos em outras \u00e1reas.<\/p>\n<p style=\"text-align: justify;\">No entanto, a maior parte dos cerca de R$ 90 bilh\u00f5es que ser\u00e3o abertos nas contas com a eventual aprova\u00e7\u00e3o da PEC j\u00e1 est\u00e1 comprometida pela amplia\u00e7\u00e3o do Aux\u00edlio Brasil e o crescimento de despesas obrigat\u00f3rias, como os benef\u00edcios previdenci\u00e1rios.<\/p>\n<p style=\"text-align: justify;\">Um dos alvos de corte poderia ser a conta das emendas parlamentares, verbas p\u00fablicas direcionadas a obras e projetos indicados por deputados e senadores. O problema \u00e9 que a libera\u00e7\u00e3o desses recursos \u00e9 parte das negocia\u00e7\u00f5es para que o governo ven\u00e7a resist\u00eancias e consiga aprovar a PEC no Congresso.<\/p>\n<p style=\"text-align: justify;\">Governistas reconhecem que o Pal\u00e1cio do Planalto precisar\u00e1 conceder um reajuste a servidores no pr\u00f3ximo ano, mas querem preservar recursos para emendas.<\/p>\n<p style=\"text-align: justify;\">At\u00e9 o fim da semana passada, os c\u00e1lculos indicavam o valor de R$ 7 bilh\u00f5es para emendas n\u00e3o impositivas (como as emendas de relator, usadas em negocia\u00e7\u00f5es pol\u00edticas), apesar de l\u00edderes partid\u00e1rios terem defendido o patamar de R$ 16 bilh\u00f5es. Mas, se houver reajuste para o funcionalismo p\u00fablico federal, essa verba teria que ser ainda mais reduzida.<\/p>\n<p style=\"text-align: justify;\">Outra possibilidade seria cortar despesas relacionadas a promessas de Bolsonaro e que seriam acomodadas dentro dos recursos liberados pela PEC. Entre elas, est\u00e1 o aux\u00edlio a caminhoneiros e o aux\u00edlio-g\u00e1s.<\/p>\n<p style=\"text-align: justify;\">Al\u00e9m de ampliar o valor do Aux\u00edlio Brasil, substituto do Bolsa Fam\u00edlia, para R$ 400, o presidente quer pagar um subs\u00eddio no valor do botij\u00e3o de g\u00e1s para fam\u00edlias de baixa renda e quer conceder a chamada &#8220;bolsa diesel&#8221; -Bolsonaro prometeu que lan\u00e7aria um programa de R$ 400 por m\u00eas a cerca de 750 mil caminhoneiros.<\/p>\n<p style=\"text-align: justify;\">Portanto, quase todo esse dinheiro a ser liberado com a PEC j\u00e1 est\u00e1 endere\u00e7ado a propostas patrocinadas por Bolsonaro, que quer se fortalecer para a disputa \u00e0 reelei\u00e7\u00e3o.<\/p>\n<p style=\"text-align: justify;\">O presidente, por\u00e9m, acrescentou mais um item a essa lista: o reajuste salarial de servidores. Isso n\u00e3o est\u00e1 na conta de distribui\u00e7\u00e3o da verba a ser liberada no Or\u00e7amento de 2022.<\/p>\n<p style=\"text-align: justify;\">Logo ap\u00f3s a fala de Bolsonaro, membros do Congresso, incluindo o l\u00edder do governo Fernando Bezerra (MDB-PE), reagiram \u00e0 proposta de reajuste salarial mencionada pelo chefe do Executivo. Argumentaram que a PEC dos Precat\u00f3rios tem o prop\u00f3sito de abrir espa\u00e7o para o pagamento de um programa social e n\u00e3o para conceder benesses em ano eleitoral.<\/p>\n<p style=\"text-align: justify;\">&#8220;Tem demanda de refor\u00e7ar investimento em \u00e1reas sens\u00edveis, importantes, como habita\u00e7\u00e3o, estradas, recursos h\u00eddricos, irriga\u00e7\u00e3o. E tem certamente a demanda que parte dos servidores p\u00fablicos federais de reajuste de sal\u00e1rio&#8221;, disse Bezerra. Essas obras geralmente s\u00e3o financiadas com emendas parlamentares.<\/p>\n<p style=\"text-align: justify;\">&#8220;Mas acho que o cobertor est\u00e1 muito curto e acredito que todo esfor\u00e7o que estamos fazendo agora n\u00e3o \u00e9 para atender reajuste de servidores. O esfor\u00e7o que estamos fazendo agora \u00e9 para atender os mais pobres do Brasil que est\u00e3o sofrendo&#8221;, concluiu Bezerra, que \u00e9 relator da PEC.<\/p>\n<p style=\"text-align: justify;\">Nos dois \u00faltimos dias, o presidente Jair Bolsonaro repetiu que gostaria de usar o espa\u00e7o aberto no Or\u00e7amento, com a eventual aprova\u00e7\u00e3o da PEC dos Precat\u00f3rios, para conceder reajuste para o funcionalismo p\u00fablico.<\/p>\n<p style=\"text-align: justify;\">O chefe do Executivo est\u00e1 longe de Bras\u00edlia, em viagem ao Oriente M\u00e9dio. Bolsonaro disse que os aumentos salariais seriam para todos os servidores federais, &#8220;sem exce\u00e7\u00e3o&#8221;.<\/p>\n<p style=\"text-align: justify;\">&#8220;A infla\u00e7\u00e3o chegou a dois d\u00edgitos. Conversei com o [ministro da Economia] Paulo Guedes, e em passando a PEC dos Precat\u00f3rios, tem que ter um pequeno espa\u00e7o para dar algum reajuste. N\u00e3o \u00e9 o que eles [servidores] merecem, mas \u00e9 o que n\u00f3s podemos dar&#8221;, afirmou.<\/p>\n<p style=\"text-align: justify;\">Nesta quarta, o secret\u00e1rio de Pol\u00edtica Econ\u00f4mica, Adolfo Sachsida, afirmou que usar o espa\u00e7o gerado pela PEC para elevar sal\u00e1rios de servidores vai tirar recursos de outras pol\u00edticas p\u00fablicas.<\/p>\n<p style=\"text-align: justify;\">Ele lembrou as demandas sociais da pandemia e que os servidores p\u00fablicos n\u00e3o tiveram perda de emprego ou corte de sal\u00e1rios como foi observado na iniciativa privada.<\/p>\n<p style=\"text-align: justify;\">&#8220;Se existe uma demanda democr\u00e1tica e leg\u00edtima da sociedade para darmos aumento para os servidores, o que faremos? Temos que mostrar que gasto ser\u00e1 reduzido. A beleza do teto de gastos \u00e9 essa&#8221;, disse Sachsida.<\/p>\n<p style=\"text-align: justify;\">A PEC dos Precat\u00f3rios dribla a regra constitucional do teto de gastos e cria um limite anual para pagamento de senten\u00e7as judiciais (jogando o excedente para os anos seguintes).<\/p>\n<p style=\"text-align: justify;\">Sem conseguir construir uma proposta de consenso, o governo decidiu buscar apoio nas principais bancadas do Senado para aprovar a PEC. No entanto, dever\u00e1 precisar ceder com algumas emendas, como duas propostas pelo MDB, o que vai resultar inevitavelmente na volta da proposta para uma nova vota\u00e7\u00e3o na C\u00e2mara dos Deputados.<\/p>\n<p style=\"text-align: justify;\">Para evitar um eventual atraso, o relator quer votar a proposta no plen\u00e1rio do Senado at\u00e9 30 de novembro. Como &#8220;plano B&#8221;, o Pal\u00e1cio do Planalto deve deixar j\u00e1 pronta uma MP (medida provis\u00f3ria) que libera dinheiro para bancar os R$ 400 do Aux\u00edlio Brasil de dezembro de 2021 at\u00e9 o fim de 2022.<\/p>\n<p style=\"text-align: justify;\">Bezerra tentou um acordo com os senadores Alessandro Vieira (Cidadania-SE), Jos\u00e9 An\u00edbal (PSDB-SP) e Oriovisto Guimar\u00e3es (Podemos-PR). No entanto, ap\u00f3s encontro na tarde desta quarta, os dois lados sa\u00edram com discursos e defendendo suas propostas, completamente opostas.<\/p>\n<p style=\"text-align: justify;\">Os tr\u00eas senadores decidiram unificar suas propostas em uma PEC alternativa, na qual retiram R$ 89 bilh\u00f5es em d\u00edvidas de precat\u00f3rio do teto de gastos em 2022. Os parlamentares explicam que seria uma medida &#8220;excepcional&#8221; para o per\u00edodo atual.<\/p>\n<p style=\"text-align: justify;\">Do montante que abriria em espa\u00e7o no or\u00e7amento, R$ 64 bilh\u00f5es seriam destinados exclusivamente ao novo programa social do governo, o Aux\u00edlio Brasil. A proposta inviabiliza o uso desse espa\u00e7o em reajuste salarial.<\/p>\n<p style=\"text-align: justify;\">O governo decidiu ent\u00e3o angariar apoio para a PEC 23 aprovada na C\u00e2mara dos Deputados, no lugar de negociar uma solu\u00e7\u00e3o de consenso. Bezerra j\u00e1 conta com o apoio de importantes bancadas, como o MDB e PSD -embora essa ainda v\u00e1 se reunir na ter\u00e7a-feira para fechar quest\u00e3o.<\/p>\n<\/div>\n<\/div>\n<p>Fonte: <a href=\"https:\/\/www.noticiasaominuto.com.br\/economia\/1861406\/reajuste-de-servidor-tiraria-verba-de-emendas-e-promessas-de-bolsonaro-na-area-social\">Noticias ao Minuto<\/a><\/p>\n<\/div>\n","protected":false},"excerpt":{"rendered":"<p>Um reajuste para policiais, que deve custar menos de R$ 1 bilh\u00e3o, ainda poder\u00e1 ser encaixado no espa\u00e7o a ser aberto com a PEC (Proposta de Emenda \u00e0 Constitui\u00e7\u00e3o) que limita gastos com precat\u00f3rios -d\u00edvidas do governo reconhecidas pela Justi\u00e7a e sem possibilidade de recurso (FOLHAPRESS) &#8211; Sem espa\u00e7o para elevar ainda mais as despesas<a class=\"moretag\" href=\"http:\/\/sindiquimicabr.com.br\/index.php\/2021\/11\/18\/reajuste-de-servidor-tiraria-verba-de-emendas-e-promessas-de-bolsonaro-na-area-social\/\"> [&#8230;]<\/a><\/p>\n","protected":false},"author":2,"featured_media":12429,"comment_status":"closed","ping_status":"closed","sticky":false,"template":"","format":"standard","meta":[],"categories":[9],"tags":[],"_links":{"self":[{"href":"http:\/\/sindiquimicabr.com.br\/index.php\/wp-json\/wp\/v2\/posts\/12428"}],"collection":[{"href":"http:\/\/sindiquimicabr.com.br\/index.php\/wp-json\/wp\/v2\/posts"}],"about":[{"href":"http:\/\/sindiquimicabr.com.br\/index.php\/wp-json\/wp\/v2\/types\/post"}],"author":[{"embeddable":true,"href":"http:\/\/sindiquimicabr.com.br\/index.php\/wp-json\/wp\/v2\/users\/2"}],"replies":[{"embeddable":true,"href":"http:\/\/sindiquimicabr.com.br\/index.php\/wp-json\/wp\/v2\/comments?post=12428"}],"version-history":[{"count":1,"href":"http:\/\/sindiquimicabr.com.br\/index.php\/wp-json\/wp\/v2\/posts\/12428\/revisions"}],"predecessor-version":[{"id":12430,"href":"http:\/\/sindiquimicabr.com.br\/index.php\/wp-json\/wp\/v2\/posts\/12428\/revisions\/12430"}],"wp:featuredmedia":[{"embeddable":true,"href":"http:\/\/sindiquimicabr.com.br\/index.php\/wp-json\/wp\/v2\/media\/12429"}],"wp:attachment":[{"href":"http:\/\/sindiquimicabr.com.br\/index.php\/wp-json\/wp\/v2\/media?parent=12428"}],"wp:term":[{"taxonomy":"category","embeddable":true,"href":"http:\/\/sindiquimicabr.com.br\/index.php\/wp-json\/wp\/v2\/categories?post=12428"},{"taxonomy":"post_tag","embeddable":true,"href":"http:\/\/sindiquimicabr.com.br\/index.php\/wp-json\/wp\/v2\/tags?post=12428"}],"curies":[{"name":"wp","href":"https:\/\/api.w.org\/{rel}","templated":true}]}}