{"id":12434,"date":"2021-11-18T13:21:16","date_gmt":"2021-11-18T13:21:16","guid":{"rendered":"http:\/\/sindiquimicabr.com.br\/?p=12434"},"modified":"2021-11-18T13:21:18","modified_gmt":"2021-11-18T13:21:18","slug":"sem-alcolumbre-senadores-pressionam-por-sabatina-de-mendonca-e-ameacam-parar-atividades","status":"publish","type":"post","link":"http:\/\/sindiquimicabr.com.br\/index.php\/2021\/11\/18\/sem-alcolumbre-senadores-pressionam-por-sabatina-de-mendonca-e-ameacam-parar-atividades\/","title":{"rendered":"Sem Alcolumbre, senadores pressionam por sabatina de Mendon\u00e7a e amea\u00e7am parar atividades"},"content":{"rendered":"<h4 class=\"news-subheadline\">Um requerimento pedindo o agendamento da an\u00e1lise de Mendon\u00e7a chegou a ser apresentado, mas n\u00e3o foi colocado em vota\u00e7\u00e3o<\/h4>\n<div class=\"news-main-image \"><picture><source srcset=\"https:\/\/media-manager.noticiasaominuto.com.br\/640\/naom_5fe5ac3abf3fa.jpg\" media=\"(max-width: 640px)\"><source srcset=\"https:\/\/media-manager.noticiasaominuto.com.br\/960\/naom_5fe5ac3abf3fa.jpg\" media=\"(max-width: 960px)\"><img decoding=\"async\" class=\"img-responsive \" src=\"https:\/\/media-manager.noticiasaominuto.com.br\/1920\/naom_5fe5ac3abf3fa.jpg\" alt=\"Sem Alcolumbre, senadores pressionam por sabatina de Mendon\u00e7a e amea\u00e7am parar atividades\"> <\/picture><\/div>\n<div class=\"row\">\n<div class=\"col-lg-12 col-md-12 col-sm-6 col-xs-6\"><\/div>\n<\/div>\n<div class=\"row news-info-container no-margin\">\n<div class=\"col-lg-6 col-md-6 col-sm-6 hidden-xs no-padding\">\n<div class=\"news-social\"><\/div>\n<\/div>\n<\/div>\n<div class=\"row news-main-text-container\">\n<div class=\"col-lg-12 col-md-12 col-sm-12 col-xs-12\">\n<div class=\"news-main-text\">\n<p style=\"text-align: justify;\"><span class=\"news_capital_letter\">B<\/span>RAS\u00cdLIA, DF (FOLHAPRESS) &#8211; Senadores membros da CCJ (Comiss\u00e3o de Constitui\u00e7\u00e3o e Justi\u00e7a) aproveitaram a aus\u00eancia do presidente da comiss\u00e3o, Davi Alcolumbre (DEM-AP), para pressionar pela marca\u00e7\u00e3o da sabatina do ex-ministro Andr\u00e9 Mendon\u00e7a para uma vaga no Supremo Tribunal Federal. Um requerimento pedindo o agendamento da an\u00e1lise de Mendon\u00e7a chegou a ser apresentado, mas n\u00e3o foi colocado em vota\u00e7\u00e3o.<\/p>\n<p style=\"text-align: justify;\">Por outro lado, membros da comiss\u00e3o afirmam ter agora a garantia do presidente do Senado, Rodrigo Pacheco (PSD-MG), que a sabatina ser\u00e1 no dia 30. E amea\u00e7am paralisar as atividades se isso n\u00e3o se concretizar.<\/p>\n<p style=\"text-align: justify;\">As amea\u00e7as de paralisa\u00e7\u00e3o continuaram durante a sess\u00e3o plen\u00e1ria, com os senadores pressionando Pacheco para a realiza\u00e7\u00e3o da sabatina. O presidente do Senado, ent\u00e3o, afirmou pela primeira vez publicamente que cobrou pessoalmente Alcolumbre a an\u00e1lise do nome de Mendon\u00e7a.<\/p>\n<p style=\"text-align: justify;\">&#8220;Eu fiz essa solicita\u00e7\u00e3o ao presidente Davi Alcolumbre, presidente da Comiss\u00e3o de Constitui\u00e7\u00e3o e Justi\u00e7a, que, nesse esfor\u00e7o concentrado dos dias 30 de novembro, 1\u00b0 e 2 de dezembro, haja a sabatina de todos aqueles nomes que est\u00e3o pendentes na Comiss\u00e3o de Constitui\u00e7\u00e3o e Justi\u00e7a&#8221;, disse Pacheco, respondendo a questionamentos se ele havia se engajado na cobran\u00e7a a Alcolumbre ou se apenas havia passado uma orienta\u00e7\u00e3o gen\u00e9rica a todos os presidentes de comiss\u00f5es.<\/p>\n<p style=\"text-align: justify;\">&#8220;Portanto, h\u00e1, sim, uma fala minha ao presidente Davi Alcolumbre nesse sentido de que possa haver a sabatina de todos ali indicados na CCJ, inclusive a indica\u00e7\u00e3o do Ministro Andr\u00e9 Mendon\u00e7a&#8221;, completou.<\/p>\n<p style=\"text-align: justify;\">Mendon\u00e7a foi indicado para a vaga pelo presidente Jair Bolsonaro em julho deste ano. No entanto, desde ent\u00e3o, a an\u00e1lise de seu nome permanece na gaveta da comiss\u00e3o, com Alcolumbre se recusando a marcar a sabatina.<\/p>\n<p style=\"text-align: justify;\">O senador pelo Amap\u00e1 vem contrariando at\u00e9 mesmo o aliado e presidente da Casa, Rodrigo Pacheco (PSD-MG) que agendou um esfor\u00e7o concentrado para a vota\u00e7\u00e3o de indica\u00e7\u00f5es e disse ter &#8220;convic\u00e7\u00e3o&#8221; que todos os nomes na fila ser\u00e3o analisados.<\/p>\n<p style=\"text-align: justify;\">Alcolumbre faltou \u00e0 sess\u00e3o nesta quarta-feira (17) pois est\u00e1 em viagem. Ele chegou a participar de um mesmo evento com Pachefco em Lisboa, Portugal.<\/p>\n<p style=\"text-align: justify;\">Na sua aus\u00eancia, senadores aproveitaram para pressionar o vice, Antonio Anastasia (PSD-MG). Durante todo o tempo de dura\u00e7\u00e3o da sess\u00e3o -1 hora e 25 minutos- 11 senadores usaram os seus tempos de fala para pedir o agendamento da sabatina de Andr\u00e9 Mendon\u00e7a. A CCJ tem 27 membros, sendo que 18 parlamentares participaram da sess\u00e3o.<\/p>\n<p style=\"text-align: justify;\">Pediram o agendamento da sabatina do indicado de Bolsonaro os senadores Eduardo Braga (MDB-AM), Fernando Bezerra (MDB-PE), Carlos Viana (PSD-MG), Carlos Portinho (PL-RJ), Jorginho Mello (PL-SC), Nelsinho Trad (PSD-MS), \u00c1lvaro Dias (Podemos-PR), Lasier Martins (Podemos-RS), Luiz do Carmo (MDB-GO), Esperidi\u00e3o Amin (PP-SC) e Jorge Kajuru (Podemos-GO).<\/p>\n<p style=\"text-align: justify;\">Braga, Trad e Nelsinho Trad s\u00e3o respectivamente os l\u00edderes das tr\u00eas maiores bancadas do Senado, respectivamente o MDB, PSD e Podemos.<\/p>\n<p style=\"text-align: justify;\">Os senadores apresentaram um requerimento para que a sabatina de Mendon\u00e7a fosse agendada para o dia 23 deste m\u00eas, sendo recusado por Antonio Anastasia, que presidia a sess\u00e3o.<\/p>\n<p style=\"text-align: justify;\">&#8220;Vossa Excel\u00eancia tem a autoridade de presidente neste momento, e n\u00f3s estamos invocando o regimento para convocar uma reuni\u00e3o extraordin\u00e1ria no pr\u00f3ximo dia 23, a fim de que o senhor doutor Andr\u00e9 Mendon\u00e7a possa ser sabatinado, cumprindo o rito que \u00e9 tradi\u00e7\u00e3o nesta Casa&#8221;, afirmou \u00c1lvaro Dias, que chamou de &#8220;leni\u00eancia&#8221; e &#8220;irresponsabilidade&#8221; o n\u00e3o agendamento da sabatina.<\/p>\n<p style=\"text-align: justify;\">Anastasia respondeu que concordava com o pleito dos senadores e que gostaria de ver a sabatina realizada. No entanto, afirmou que enfrentava &#8220;limita\u00e7\u00f5es formais&#8221; que o impediam de tomar a decis\u00e3o.<\/p>\n<p style=\"text-align: justify;\">&#8220;Eu, pessoalmente, reiterarei a ele [Alcolumbre], que retorna do exterior salvo engano amanh\u00e3, esse clamor un\u00e2nime que observo aqui na Comiss\u00e3o, como tamb\u00e9m levarei ao presidente Rodrigo Pacheco&#8221;, afirmou.<\/p>\n<p style=\"text-align: justify;\">&#8220;Eu, portanto, me somarei a essas solicita\u00e7\u00f5es para que a mat\u00e9ria avance, mas pe\u00e7o a vossa excel\u00eancias que compreendam as limita\u00e7\u00f5es formais e de compet\u00eancia que tenho nesse momento, que \u00e9 t\u00e3o somente a presid\u00eancia eventual para dirigir os trabalhos, e n\u00e3o para a condu\u00e7\u00e3o formal de delibera\u00e7\u00e3o desta comiss\u00e3o&#8221;, completou.<\/p>\n<p style=\"text-align: justify;\">Ap\u00f3s o di\u00e1logo, no entanto, Dias voltou a se pronunciar, afirmando ter uma garantia do presidente do Senado de que a sabatina ser\u00e1 realizada no \u00faltimo dia do m\u00eas.<\/p>\n<p style=\"text-align: justify;\">&#8220;Estamos sendo informados que Pacheco assegura que no dia 30 teremos a sabatina. Se n\u00e3o deliberarmos sobre a mat\u00e9ria no prazo estabelecido, n\u00e3o deliberaremos sobre mat\u00e9ria nenhuma e vamos paralisar os trabalhos da Casa&#8221;, afirmou.<\/p>\n<p style=\"text-align: justify;\">Em sua fala durante a sess\u00e3o do Senado, no entanto, Pacheco repetiu que espera que os presidentes de comiss\u00f5es realizem as sabatinas que est\u00e3o pendentes, mas n\u00e3o comentou o suposto compromisso para que a sess\u00e3o de an\u00e1lise do nome de Mendon\u00e7a aconte\u00e7a no dia 30.<\/p>\n<p style=\"text-align: justify;\">Outros senadores criticaram duramente Alcolumbre por engavetar a an\u00e1lise do nome de Mendon\u00e7a. Esperidi\u00e3o Amin afirmou que o presidente da CCJ \u00e9 um &#8220;desertor do regimento&#8221;.<\/p>\n<p style=\"text-align: justify;\">Durante a sess\u00e3o plen\u00e1ria, senadores cobraram duramente de Pacheco uma posi\u00e7\u00e3o mais firme em rela\u00e7\u00e3o \u00e0 postura de Davi Alcolumbre. Lasier Martins (Podemos-RS) apresentou um requerimento no qual pede que a presid\u00eancia do Senado, por garantia, marque uma data para a vota\u00e7\u00e3o em plen\u00e1rio da indica\u00e7\u00e3o de Mendon\u00e7a -passo posterior \u00e0 sabatina e vota\u00e7\u00e3o na CCJ. A medida seria para aumentar a press\u00e3o sobre Alcolumbre. Se ele n\u00e3o realizasse a sabatina, ent\u00e3o o requerimento pede que a an\u00e1lise da indica\u00e7\u00e3o seja feita exclusivamente pelo plen\u00e1rio.<\/p>\n<p style=\"text-align: justify;\">Carlos Viana ent\u00e3o voltou a repetir a amea\u00e7a de paralisa\u00e7\u00e3o das atividades do Senado, argumentando que os senadores poderiam adotar uma obstru\u00e7\u00e3o generalizada da pauta.<\/p>\n<p style=\"text-align: justify;\">Pacheco listou uma s\u00e9rie de vota\u00e7\u00f5es importantes que foram realizadas em sua gest\u00e3o e disse que o &#8220;Senado n\u00e3o se resume a uma indica\u00e7\u00e3o ao Supremo Tribunal Federal&#8221;.<\/p>\n<p style=\"text-align: justify;\">Mendon\u00e7a \u00e9 o candidato &#8220;terrivelmente evang\u00e9lico&#8221; que o presidente Jair Bolsonaro prometeu indicar ao STF.<\/p>\n<p style=\"text-align: justify;\">Nos bastidores, comenta-se que Alcolumbre est\u00e1 segurando a indica\u00e7\u00e3o pois busca que ela seja substitu\u00edda pelo nome do atual procurador-geral da Rep\u00fablica, Augusto Aras.<\/p>\n<p style=\"text-align: justify;\">Al\u00e9m disso, o senador amapaense entrou em rota de colis\u00e3o com o Pal\u00e1cio do Planalto, ap\u00f3s perder o controle sobre a distribui\u00e7\u00e3o de emendas.<\/p>\n<p style=\"text-align: justify;\">Rodrigo Pacheco anunciou um esfor\u00e7o concentrado para a sabatina e vota\u00e7\u00e3o da indica\u00e7\u00e3o de autoridades, que ser\u00e1 realizado nos dias 30 deste m\u00eas, 1 e 2 de dezembro. Por diversas vezes, o presidente do Senado repetiu ter &#8220;convic\u00e7\u00e3o&#8221; que a fila de nomes ser\u00e1 zerada durante esse per\u00edodo.<\/p>\n<p style=\"text-align: justify;\">Alcolumbre tem indicado a outros senadores que o agendamento do esfor\u00e7o concentrado n\u00e3o ter\u00e1 efeitos pr\u00e1ticos sobre a sabatina de Mendon\u00e7a. Afirma que uma semana n\u00e3o ser\u00e1 suficiente para realizar todas as an\u00e1lises pendentes e que ele n\u00e3o pretende acelerar as que precedem.<\/p>\n<p style=\"text-align: justify;\">O presidente da CCJ e ex-presidente do Senado ainda afirma que apenas a sabatina de Mendon\u00e7a deve durar de seis a oito horas, o que consumiria um dia inteiro de sess\u00e3o. Um interlocutor relata que ele brincou afirmando que apenas Alcolumbre pretende usar umas &#8220;quatro horas&#8221; com questionamentos.<\/p>\n<p style=\"text-align: justify;\">Aliados de Alcolumbre dizem que o senador reclama dos ataques que vem sofrendo, com a divulga\u00e7\u00e3o de informa\u00e7\u00f5es falsas.<\/p>\n<\/div>\n<\/div>\n<p>Fonte:<a href=\"https:\/\/www.noticiasaominuto.com.br\/politica\/1861335\/sem-alcolumbre-senadores-pressionam-por-sabatina-de-mendonca-e-ameacam-parar-atividades\"> Noticias ao Minuto<\/a><\/p>\n<\/div>\n","protected":false},"excerpt":{"rendered":"<p>Um requerimento pedindo o agendamento da an\u00e1lise de Mendon\u00e7a chegou a ser apresentado, mas n\u00e3o foi colocado em vota\u00e7\u00e3o BRAS\u00cdLIA, DF (FOLHAPRESS) &#8211; Senadores membros da CCJ (Comiss\u00e3o de Constitui\u00e7\u00e3o e Justi\u00e7a) aproveitaram a aus\u00eancia do presidente da comiss\u00e3o, Davi Alcolumbre (DEM-AP), para pressionar pela marca\u00e7\u00e3o da sabatina do ex-ministro Andr\u00e9 Mendon\u00e7a para uma vaga<a class=\"moretag\" href=\"http:\/\/sindiquimicabr.com.br\/index.php\/2021\/11\/18\/sem-alcolumbre-senadores-pressionam-por-sabatina-de-mendonca-e-ameacam-parar-atividades\/\"> [&#8230;]<\/a><\/p>\n","protected":false},"author":2,"featured_media":12435,"comment_status":"closed","ping_status":"closed","sticky":false,"template":"","format":"standard","meta":[],"categories":[10],"tags":[],"_links":{"self":[{"href":"http:\/\/sindiquimicabr.com.br\/index.php\/wp-json\/wp\/v2\/posts\/12434"}],"collection":[{"href":"http:\/\/sindiquimicabr.com.br\/index.php\/wp-json\/wp\/v2\/posts"}],"about":[{"href":"http:\/\/sindiquimicabr.com.br\/index.php\/wp-json\/wp\/v2\/types\/post"}],"author":[{"embeddable":true,"href":"http:\/\/sindiquimicabr.com.br\/index.php\/wp-json\/wp\/v2\/users\/2"}],"replies":[{"embeddable":true,"href":"http:\/\/sindiquimicabr.com.br\/index.php\/wp-json\/wp\/v2\/comments?post=12434"}],"version-history":[{"count":1,"href":"http:\/\/sindiquimicabr.com.br\/index.php\/wp-json\/wp\/v2\/posts\/12434\/revisions"}],"predecessor-version":[{"id":12436,"href":"http:\/\/sindiquimicabr.com.br\/index.php\/wp-json\/wp\/v2\/posts\/12434\/revisions\/12436"}],"wp:featuredmedia":[{"embeddable":true,"href":"http:\/\/sindiquimicabr.com.br\/index.php\/wp-json\/wp\/v2\/media\/12435"}],"wp:attachment":[{"href":"http:\/\/sindiquimicabr.com.br\/index.php\/wp-json\/wp\/v2\/media?parent=12434"}],"wp:term":[{"taxonomy":"category","embeddable":true,"href":"http:\/\/sindiquimicabr.com.br\/index.php\/wp-json\/wp\/v2\/categories?post=12434"},{"taxonomy":"post_tag","embeddable":true,"href":"http:\/\/sindiquimicabr.com.br\/index.php\/wp-json\/wp\/v2\/tags?post=12434"}],"curies":[{"name":"wp","href":"https:\/\/api.w.org\/{rel}","templated":true}]}}