{"id":12437,"date":"2021-11-18T13:24:51","date_gmt":"2021-11-18T13:24:51","guid":{"rendered":"http:\/\/sindiquimicabr.com.br\/?p=12437"},"modified":"2021-11-18T13:24:53","modified_gmt":"2021-11-18T13:24:53","slug":"campanha-de-mega-vacinacao-contra-covid-19-comeca-neste-sabado","status":"publish","type":"post","link":"http:\/\/sindiquimicabr.com.br\/index.php\/2021\/11\/18\/campanha-de-mega-vacinacao-contra-covid-19-comeca-neste-sabado\/","title":{"rendered":"Campanha de Mega Vacina\u00e7\u00e3o contra covid-19 come\u00e7a neste s\u00e1bado"},"content":{"rendered":"<h4 class=\"news-subheadline\">O ministro Marcelo Queiroga participar\u00e1 da iniciativa no Rio, que ocorrer\u00e1 na Cidade das Artes<\/h4>\n<div class=\"news-main-image \"><picture><source srcset=\"https:\/\/media-manager.noticiasaominuto.com.br\/640\/naom_607d5a45d519e.jpg\" media=\"(max-width: 640px)\" \/><source srcset=\"https:\/\/media-manager.noticiasaominuto.com.br\/960\/naom_607d5a45d519e.jpg\" media=\"(max-width: 960px)\" \/><img decoding=\"async\" class=\"img-responsive \" src=\"https:\/\/media-manager.noticiasaominuto.com.br\/1920\/naom_607d5a45d519e.jpg\" alt=\"Campanha de Mega Vacina\u00e7\u00e3o contra covid-19 come\u00e7a neste s\u00e1bado\" \/> <\/picture><\/div>\n<div class=\"row\">\n<div class=\"col-lg-12 col-md-12 col-sm-6 col-xs-6\"><\/div>\n<\/div>\n<div class=\"row news-main-text-container\">\n<div class=\"col-lg-12 col-md-12 col-sm-12 col-xs-12\">\n<div class=\"news-main-text\">\n<p style=\"text-align: justify;\"><span class=\"news_capital_letter\">C<\/span>ome\u00e7a neste s\u00e1bado (20), a campanha nacional de Mega Vacina\u00e7\u00e3o contra a covid-19. Para promover a a\u00e7\u00e3o, o Minist\u00e9rio da Sa\u00fade vai promover eventos simult\u00e2neos nas cidades do Rio de Janeiro, S\u00e3o Paulo, Manaus, Curitiba e Salvador. O ministro Marcelo Queiroga participar\u00e1 da iniciativa no Rio, que ocorrer\u00e1 na Cidade das Artes.<\/p>\n<p style=\"text-align: justify;\">A inten\u00e7\u00e3o \u00e9 incentivar a popula\u00e7\u00e3o a voltar aos postos de vacina\u00e7\u00e3o para tomar a segunda dose ou a dose de refor\u00e7o. A campanha tem como slogam &#8220;Prote\u00e7\u00e3o pela medade n\u00e3o \u00e9 prote\u00e7\u00e3o&#8221; e vai at\u00e9 26 de novembro. Neste per\u00edodo, os postos de vacina\u00e7\u00e3o em todo pa\u00eds estar\u00e3o preparados para intensificar a imuniza\u00e7\u00e3o da popula\u00e7\u00e3o.<\/p>\n<p style=\"text-align: justify;\">A a\u00e7\u00e3o pretende incentivar que os 21 milh\u00f5es de brasileiros que n\u00e3o tomaram a segunda dose da vacina procurem os postos e completem o ciclo vacinal. A iniciativa tamb\u00e9m pretende atingir as pessoas que est\u00e3o aptas a tomar a dose de refor\u00e7o. Cerca de 9,3 milh\u00f5es de pessoas podem refor\u00e7ar a imunidade contra a doen\u00e7a com uma terceira dose.<\/p>\n<p style=\"text-align: justify;\">\u201cN\u00f3s queremos convidar a todos os brasileiros que n\u00e3o foram tomar a segunda dose, assim como a dose de refor\u00e7o, a procurar as Unidades B\u00e1sicas de Sa\u00fade, salas de vacina\u00e7\u00e3o e as estrat\u00e9gias usadas em cada munic\u00edpio. Essas doses est\u00e3o dispon\u00edveis para a popula\u00e7\u00e3o, que ficar\u00e1 mais protegida e ajudar\u00e1 o Brasil a superar a crise sanit\u00e1ria e dar exemplo com uma das campanhas de vacina\u00e7\u00e3o mais bem-sucedidas do mundo, promovida integralmente pelo Sistema \u00danico de Sa\u00fade\u201d, disse o ministro da Sa\u00fade.<\/p>\n<\/div>\n<\/div>\n<p>Fonte: <a href=\"https:\/\/www.noticiasaominuto.com.br\/ultima-hora\/1861419\/campanha-de-mega-vacinacao-contra-covid-19-comeca-neste-sabado\">Noticias ao Minuto<\/a><\/p>\n<\/div>\n","protected":false},"excerpt":{"rendered":"<p>O ministro Marcelo Queiroga participar\u00e1 da iniciativa no Rio, que ocorrer\u00e1 na Cidade das Artes Come\u00e7a neste s\u00e1bado (20), a campanha nacional de Mega Vacina\u00e7\u00e3o contra a covid-19. Para promover a a\u00e7\u00e3o, o Minist\u00e9rio da Sa\u00fade vai promover eventos simult\u00e2neos nas cidades do Rio de Janeiro, S\u00e3o Paulo, Manaus, Curitiba e Salvador. O ministro Marcelo<a class=\"moretag\" href=\"http:\/\/sindiquimicabr.com.br\/index.php\/2021\/11\/18\/campanha-de-mega-vacinacao-contra-covid-19-comeca-neste-sabado\/\"> [&#8230;]<\/a><\/p>\n","protected":false},"author":2,"featured_media":12438,"comment_status":"closed","ping_status":"closed","sticky":false,"template":"","format":"standard","meta":[],"categories":[9],"tags":[],"_links":{"self":[{"href":"http:\/\/sindiquimicabr.com.br\/index.php\/wp-json\/wp\/v2\/posts\/12437"}],"collection":[{"href":"http:\/\/sindiquimicabr.com.br\/index.php\/wp-json\/wp\/v2\/posts"}],"about":[{"href":"http:\/\/sindiquimicabr.com.br\/index.php\/wp-json\/wp\/v2\/types\/post"}],"author":[{"embeddable":true,"href":"http:\/\/sindiquimicabr.com.br\/index.php\/wp-json\/wp\/v2\/users\/2"}],"replies":[{"embeddable":true,"href":"http:\/\/sindiquimicabr.com.br\/index.php\/wp-json\/wp\/v2\/comments?post=12437"}],"version-history":[{"count":1,"href":"http:\/\/sindiquimicabr.com.br\/index.php\/wp-json\/wp\/v2\/posts\/12437\/revisions"}],"predecessor-version":[{"id":12439,"href":"http:\/\/sindiquimicabr.com.br\/index.php\/wp-json\/wp\/v2\/posts\/12437\/revisions\/12439"}],"wp:featuredmedia":[{"embeddable":true,"href":"http:\/\/sindiquimicabr.com.br\/index.php\/wp-json\/wp\/v2\/media\/12438"}],"wp:attachment":[{"href":"http:\/\/sindiquimicabr.com.br\/index.php\/wp-json\/wp\/v2\/media?parent=12437"}],"wp:term":[{"taxonomy":"category","embeddable":true,"href":"http:\/\/sindiquimicabr.com.br\/index.php\/wp-json\/wp\/v2\/categories?post=12437"},{"taxonomy":"post_tag","embeddable":true,"href":"http:\/\/sindiquimicabr.com.br\/index.php\/wp-json\/wp\/v2\/tags?post=12437"}],"curies":[{"name":"wp","href":"https:\/\/api.w.org\/{rel}","templated":true}]}}