{"id":12453,"date":"2021-11-22T17:32:46","date_gmt":"2021-11-22T17:32:46","guid":{"rendered":"http:\/\/sindiquimicabr.com.br\/?p=12453"},"modified":"2021-11-22T17:32:48","modified_gmt":"2021-11-22T17:32:48","slug":"projecao-para-taxa-selic-no-fim-do-ciclo-sobe-de-1125-para-1150-no-focus","status":"publish","type":"post","link":"http:\/\/sindiquimicabr.com.br\/index.php\/2021\/11\/22\/projecao-para-taxa-selic-no-fim-do-ciclo-sobe-de-1125-para-1150-no-focus\/","title":{"rendered":"Proje\u00e7\u00e3o para taxa Selic no fim do ciclo sobe de 11,25% para 11,50% no Focus"},"content":{"rendered":"<h4 class=\"news-subheadline\">A mediana da pesquisa aponta para o t\u00e9rmino do ciclo em mar\u00e7o, em 11,50%, de 11,25% h\u00e1 uma semana<\/h4>\n<div class=\"news-main-image \"><picture><source srcset=\"https:\/\/media-manager.noticiasaominuto.com.br\/640\/naom_5f7dbfac49591.jpg\" media=\"(max-width: 640px)\" \/><source srcset=\"https:\/\/media-manager.noticiasaominuto.com.br\/960\/naom_5f7dbfac49591.jpg\" media=\"(max-width: 960px)\" \/><img decoding=\"async\" class=\"img-responsive \" src=\"https:\/\/media-manager.noticiasaominuto.com.br\/1920\/naom_5f7dbfac49591.jpg\" alt=\"Proje\u00e7\u00e3o para taxa Selic no fim do ciclo sobe de 11,25% para 11,50% no Focus\" \/> <\/picture><\/div>\n<div class=\"row\">\n<div class=\"col-lg-12 col-md-12 col-sm-6 col-xs-6\"><\/div>\n<\/div>\n<div class=\"row news-info-container no-margin\">\n<div class=\"col-lg-6 col-md-6 col-sm-6 hidden-xs no-padding\">\n<div class=\"news-social\"><\/div>\n<\/div>\n<\/div>\n<div class=\"row news-main-text-container\">\n<div class=\"col-lg-12 col-md-12 col-sm-12 col-xs-12\">\n<div class=\"news-main-text\">\n<p style=\"text-align: justify;\"><span class=\"news_capital_letter\">D<\/span>iante de uma infla\u00e7\u00e3o que n\u00e3o para de subir e pode ficar fora da meta por dois anos seguidos, os analistas do mercado financeiro voltaram a aumentar a proje\u00e7\u00e3o para a taxa Selic no fim do ciclo de aperto monet\u00e1rio, conforme o Sistema de Expectativas de Mercado, coletado pelo Banco Central.<\/p>\n<p style=\"text-align: justify;\">A mediana da pesquisa aponta para o t\u00e9rmino do ciclo em mar\u00e7o, em 11,50%, de 11,25% h\u00e1 uma semana. A alta final seria de 0,75 ponto porcentual, depois de dois aumentos de 1,50 ponto porcentual, para 9,25% em dezembro e 10,75% em fevereiro &#8211; ante 10,50% na semana anterior.<\/p>\n<p style=\"text-align: justify;\">Os analistas, por\u00e9m, esperam redu\u00e7\u00e3o da taxa em outubro do ano que vem, terminando 2022 em 11,25%, de 11,00% h\u00e1 uma semana.<\/p>\n<p style=\"text-align: justify;\">No Boletim Focus divulgado nesta segunda-feira, a estimativa para o IPCA, o \u00edndice de infla\u00e7\u00e3o oficial, de 2021 alcan\u00e7ou dois d\u00edgitos (10,12%) ap\u00f3s 33 semanas de eleva\u00e7\u00e3o consecutiva, ou mais de 7 meses, desde abril. A \u00faltima vez que o IPCA anual superou 10% foi em 2015 (10,67%).<\/p>\n<p style=\"text-align: justify;\">Para 2022, alvo da pol\u00edtica monet\u00e1ria, o IPCA tamb\u00e9m continuou subindo, de 4,79% para 4,96%, na cola do teto da meta do ano que vem (5,00%), sinalizando alto risco de rompimento da meta pelo segundo ano consecutivo.<\/p>\n<p style=\"text-align: justify;\">Considerando somente as proje\u00e7\u00f5es atualizadas nos \u00faltimos 5 dias \u00fateis, a mediana j\u00e1 se situa na banda superior do objetivo a ser perseguido pelo BC, de 5,00%<\/p>\n<\/div>\n<\/div>\n<p>Fonte: <a href=\"https:\/\/www.noticiasaominuto.com.br\/economia\/1862529\/projecao-para-taxa-selic-no-fim-do-ciclo-sobe-de-11-25-para-11-50-no-focus\">Noticias ao Minuto<\/a><\/p>\n<\/div>\n","protected":false},"excerpt":{"rendered":"<p>A mediana da pesquisa aponta para o t\u00e9rmino do ciclo em mar\u00e7o, em 11,50%, de 11,25% h\u00e1 uma semana Diante de uma infla\u00e7\u00e3o que n\u00e3o para de subir e pode ficar fora da meta por dois anos seguidos, os analistas do mercado financeiro voltaram a aumentar a proje\u00e7\u00e3o para a taxa Selic no fim do<a class=\"moretag\" href=\"http:\/\/sindiquimicabr.com.br\/index.php\/2021\/11\/22\/projecao-para-taxa-selic-no-fim-do-ciclo-sobe-de-1125-para-1150-no-focus\/\"> [&#8230;]<\/a><\/p>\n","protected":false},"author":2,"featured_media":12454,"comment_status":"closed","ping_status":"closed","sticky":false,"template":"","format":"standard","meta":[],"categories":[9],"tags":[],"_links":{"self":[{"href":"http:\/\/sindiquimicabr.com.br\/index.php\/wp-json\/wp\/v2\/posts\/12453"}],"collection":[{"href":"http:\/\/sindiquimicabr.com.br\/index.php\/wp-json\/wp\/v2\/posts"}],"about":[{"href":"http:\/\/sindiquimicabr.com.br\/index.php\/wp-json\/wp\/v2\/types\/post"}],"author":[{"embeddable":true,"href":"http:\/\/sindiquimicabr.com.br\/index.php\/wp-json\/wp\/v2\/users\/2"}],"replies":[{"embeddable":true,"href":"http:\/\/sindiquimicabr.com.br\/index.php\/wp-json\/wp\/v2\/comments?post=12453"}],"version-history":[{"count":1,"href":"http:\/\/sindiquimicabr.com.br\/index.php\/wp-json\/wp\/v2\/posts\/12453\/revisions"}],"predecessor-version":[{"id":12455,"href":"http:\/\/sindiquimicabr.com.br\/index.php\/wp-json\/wp\/v2\/posts\/12453\/revisions\/12455"}],"wp:featuredmedia":[{"embeddable":true,"href":"http:\/\/sindiquimicabr.com.br\/index.php\/wp-json\/wp\/v2\/media\/12454"}],"wp:attachment":[{"href":"http:\/\/sindiquimicabr.com.br\/index.php\/wp-json\/wp\/v2\/media?parent=12453"}],"wp:term":[{"taxonomy":"category","embeddable":true,"href":"http:\/\/sindiquimicabr.com.br\/index.php\/wp-json\/wp\/v2\/categories?post=12453"},{"taxonomy":"post_tag","embeddable":true,"href":"http:\/\/sindiquimicabr.com.br\/index.php\/wp-json\/wp\/v2\/tags?post=12453"}],"curies":[{"name":"wp","href":"https:\/\/api.w.org\/{rel}","templated":true}]}}