{"id":12473,"date":"2021-11-23T11:31:29","date_gmt":"2021-11-23T11:31:29","guid":{"rendered":"http:\/\/sindiquimicabr.com.br\/?p=12473"},"modified":"2021-11-23T11:38:11","modified_gmt":"2021-11-23T11:38:11","slug":"brasil-precisa-comprar-mais-220-milhoes-de-doses-para-garantir-vacinacao-em-2022","status":"publish","type":"post","link":"http:\/\/sindiquimicabr.com.br\/index.php\/2021\/11\/23\/brasil-precisa-comprar-mais-220-milhoes-de-doses-para-garantir-vacinacao-em-2022\/","title":{"rendered":"Brasil precisa comprar mais 220 milh\u00f5es de doses para garantir vacina\u00e7\u00e3o em 2022"},"content":{"rendered":"<h4 class=\"news-subheadline\">O investimento estimado \u00e9 de R$ 11 bilh\u00f5es<\/h4>\n<div class=\"news-main-image \"><picture><source srcset=\"https:\/\/media-manager.noticiasaominuto.com.br\/640\/naom_615fe50123261.jpg\" media=\"(max-width: 640px)\" \/><source srcset=\"https:\/\/media-manager.noticiasaominuto.com.br\/960\/naom_615fe50123261.jpg\" media=\"(max-width: 960px)\" \/><img decoding=\"async\" class=\"img-responsive \" src=\"https:\/\/media-manager.noticiasaominuto.com.br\/1920\/naom_615fe50123261.jpg\" alt=\"Brasil precisa comprar mais 220 milh\u00f5es de doses para garantir vacina\u00e7\u00e3o em 2022\" \/> <\/picture><\/div>\n<div class=\"row\">\n<div class=\"col-lg-12 col-md-12 col-sm-6 col-xs-6\">\n<p class=\"news-main-image-copyright text-left\">\n<\/div>\n<\/div>\n<div class=\"row news-main-text-container\">\n<div class=\"col-lg-12 col-md-12 col-sm-12 col-xs-12\">\n<div class=\"news-main-text\">\n<p style=\"text-align: justify;\"><span class=\"news_capital_letter\">B<\/span>RAS\u00cdLIA, DF (FOLHAPRESS) &#8211; O Minist\u00e9rio da Sa\u00fade prev\u00ea a compra de 220 milh\u00f5es de doses de vacinas contra a Covid-19 para a campanha de imuniza\u00e7\u00e3o de 2022. O investimento estimado \u00e9 de R$ 11 bilh\u00f5es.<\/p>\n<p style=\"text-align: justify;\">H\u00e1 ainda previs\u00e3o de sobra de 134 milh\u00f5es de doses de 2021. Ao todo, portanto, o plano envolve 354 milh\u00f5es de doses, mas a pasta estima que ser\u00e3o necess\u00e1rios 340 milh\u00f5es de vacinas \u2013ou seja, h\u00e1 uma margem de 14 milh\u00f5es\u2013 no pr\u00f3ximo ano para ampliar a dose de refor\u00e7o para toda a popula\u00e7\u00e3o.<\/p>\n<p style=\"text-align: justify;\">O governo priorizou os imunizantes da Pfizer e da AstraZeneca para o pr\u00f3ximo ano. Segundo a pasta, os contratos para a aquisi\u00e7\u00e3o de vacinas est\u00e3o em fase final de celebra\u00e7\u00e3o.<\/p>\n<p style=\"text-align: justify;\">O contrato com a farmac\u00eautica Pfizer prev\u00ea a entrega de 100 milh\u00f5es de doses ao longo de 2022, com op\u00e7\u00e3o de compra de mais 50 milh\u00f5es.<\/p>\n<p style=\"text-align: justify;\">Um segundo contrato prev\u00ea tamb\u00e9m a aquisi\u00e7\u00e3o de 120 milh\u00f5es de vacinas AstraZeneca da Fiocruz (Funda\u00e7\u00e3o Oswaldo Cruz), com op\u00e7\u00e3o de compra de outros 60 milh\u00f5es de doses.<\/p>\n<p style=\"text-align: justify;\">O Minist\u00e9rio da Sa\u00fade pediu \u00e0 equipe do ministro Paulo Guedes (Economia) o aumento de R$ 1,4 bilh\u00e3o no or\u00e7amento de 2021 para garantir a compra de 100 milh\u00f5es de vacinas da Pfizer para a campanha de 2022.<\/p>\n<p style=\"text-align: justify;\">O recurso extra, que deve ficar dentro do teto de gastos \u2013regra que limita o aumento das despesas p\u00fablicas\u2013, seria usado para pagar antecipadamente 20% do contrato de R$ 7 bilh\u00f5es com a Pfizer, uma imposi\u00e7\u00e3o da farmac\u00eautica na negocia\u00e7\u00e3o pelas doses.<\/p>\n<p style=\"text-align: justify;\">A Pfizer disse, em nota, que n\u00e3o comenta detalhes das negocia\u00e7\u00f5es que mant\u00e9m com o governo. Tamb\u00e9m procurada, a Fiocruz n\u00e3o havia respondido at\u00e9 a conclus\u00e3o desta reportagem.<br \/>\nMesmo com os recursos pendentes, a pasta n\u00e3o fez altera\u00e7\u00e3o nos planos de compras para a imuniza\u00e7\u00e3o contra a Covid no pr\u00f3ximo ano, anunciados desde o dia 8 de novembro.<\/p>\n<p style=\"text-align: justify;\">A previs\u00e3o \u00e9 distribuir apenas uma dose de refor\u00e7o no p\u00fablico de 12 a 59 anos de idade, e uma dose por semestre para a popula\u00e7\u00e3o com mais de 60 anos de idade e imunossuprimidos.<\/p>\n<p style=\"text-align: justify;\">O minist\u00e9rio tamb\u00e9m planeja vacinar crian\u00e7as contra o novo coronav\u00edrus no pr\u00f3ximo ano. A previs\u00e3o \u00e9 que 70 milh\u00f5es de doses sejam destinadas ao p\u00fablico infantil.<\/p>\n<p style=\"text-align: justify;\">&#8220;A poss\u00edvel necessidade de aplica\u00e7\u00e3o de mais doses de vacinas Covid-19 ainda \u00e9 estudada pelo corpo t\u00e9cnico da pasta&#8221;, disse o Minist\u00e9rio da Sa\u00fade, em nota.<\/p>\n<p style=\"text-align: justify;\">A etapa de imuniza\u00e7\u00e3o que envolve os mais jovens depende de aval da Anvisa (Ag\u00eancia Nacional de Vigil\u00e2ncia Sanit\u00e1ria). A ag\u00eancia recebeu recentemente pedido da Pfizer para imuniza\u00e7\u00e3o do grupo de 5 a 11 anos de idade.<\/p>\n<p style=\"text-align: justify;\">O Instituto Butantan, respons\u00e1vel no Brasil pela produ\u00e7\u00e3o da Coronavac, teve pedido negado em agosto para vacinar crian\u00e7as e adolescentes de 3 a 17 anos. Desde ent\u00e3o o processo est\u00e1 emperrado, sem a apresenta\u00e7\u00e3o formal de um novo pedido de uso pelo instituto paulista.<\/p>\n<p style=\"text-align: justify;\">Na semana passada, o ministro Marcelo Queiroga (Sa\u00fade) afirmou que h\u00e1 doses garantidas para o pr\u00f3ximo ano. &#8220;Em rela\u00e7\u00e3o a 2022 n\u00f3s estamos completamente seguros, ao contr\u00e1rio do que se diz que o minist\u00e9rio n\u00e3o planeja, se o minist\u00e9rio n\u00e3o planejasse n\u00e3o estaria na situa\u00e7\u00e3o que estamos aqui&#8221;, disse.<\/p>\n<p style=\"text-align: justify;\">Em an\u00fancio feito na \u00faltima ter\u00e7a-feira (16), o Minist\u00e9rio da Sa\u00fade liberou a dose de refor\u00e7o da vacina contra Covid para todas as pessoas com 18 anos ou mais. A aplica\u00e7\u00e3o da nova inje\u00e7\u00e3o ser\u00e1 realizada cinco meses ap\u00f3s o esquema vacinal b\u00e1sico para todos os adultos.<\/p>\n<p style=\"text-align: justify;\">A secret\u00e1ria extraordin\u00e1ria de Enfrentamento da Covid-19 do Minist\u00e9rio da Sa\u00fade, Rosana Leite de Melo, afirmou que as doses de refor\u00e7o das vacinas contra o novo coronav\u00edrus devem ajudar a barrar uma nova onda da pandemia no Brasil.<\/p>\n<p style=\"text-align: justify;\">Segundo Melo, o pa\u00eds dificilmente chegar\u00e1 a um cen\u00e1rio de aumento de casos e mortes, como ocorre hoje na Europa, com a amplia\u00e7\u00e3o da imuniza\u00e7\u00e3o.<\/p>\n<p style=\"text-align: justify;\">A orienta\u00e7\u00e3o \u00e9 que o refor\u00e7o seja aplicado, preferencialmente, com a vacina da Pfizer. Na falta desse imunizante, pode ser aplicada a AstraZeneca ou a Janssen.<\/p>\n<p style=\"text-align: justify;\">Para as pessoas que j\u00e1 tomaram uma vacina heter\u00f3loga entre a primeira e segunda dose \u2013ou seja, produtos de fabricantes diferentes\u2013, a vacina da Pfizer \u00e9 que deve ser aplicada.<\/p>\n<p style=\"text-align: justify;\">A decis\u00e3o foi tomada ap\u00f3s os resultados preliminares de um estudo da Universidade de Oxford sobre a dose de refor\u00e7o, encomendado pelo Minist\u00e9rio da Sa\u00fade, mostrarem que o esquema heter\u00f3logo aumenta significativamente a imunidade.<\/p>\n<p style=\"text-align: justify;\">&#8220;A vacina a ser utilizada para a dose de refor\u00e7o dever\u00e1 ser, preferencialmente, da plataforma de RNA mensageiro (Pfizer\/Wyeth) ou, de maneira alternativa, vacina de vetor viral (Janssen ou AstraZeneca), independentemente do esquema vacinal prim\u00e1rio&#8221;, afirmou nota t\u00e9cnica do minist\u00e9rio.<\/p>\n<p style=\"text-align: justify;\">O an\u00fancio da aplica\u00e7\u00e3o de uma segunda dose e de dose de refor\u00e7o da vacina da Janssen para a Covid-19, tamb\u00e9m feito pelo Minist\u00e9rio da Sa\u00fade no dia 16, pegou de surpresa gestores de sa\u00fade, a Anvisa e at\u00e9 o laborat\u00f3rio produtor da vacina.<\/p>\n<p style=\"text-align: justify;\">Segundo o an\u00fancio da pasta, o imunizante, que vinha sendo usado em dose \u00fanica, agora passa para o regime de duas aplica\u00e7\u00f5es, como j\u00e1 ocorre com as inje\u00e7\u00f5es da Pfizer, AstraZeneca e Coronavac.<\/p>\n<p style=\"text-align: justify;\">A segunda dose deve ser aplicada dois meses ap\u00f3s a primeira na popula\u00e7\u00e3o adulta. J\u00e1 a dose de refor\u00e7o deve ser usada ap\u00f3s cinco meses do esquema prim\u00e1rio completo. A recomenda\u00e7\u00e3o \u00e9 que seja com imunizante diferente, preferencialmente da Pfizer.<\/p>\n<\/div>\n<p>Fonte: <a href=\"https:\/\/www.noticiasaominuto.com.br\/brasil\/1862759\/brasil-precisa-comprar-mais-220-milhoes-de-doses-para-garantir-vacinacao-em-2022\">Noticias ao Minuto<\/a><\/p>\n<\/div>\n<\/div>\n","protected":false},"excerpt":{"rendered":"<p>O investimento estimado \u00e9 de R$ 11 bilh\u00f5es BRAS\u00cdLIA, DF (FOLHAPRESS) &#8211; O Minist\u00e9rio da Sa\u00fade prev\u00ea a compra de 220 milh\u00f5es de doses de vacinas contra a Covid-19 para a campanha de imuniza\u00e7\u00e3o de 2022. O investimento estimado \u00e9 de R$ 11 bilh\u00f5es. H\u00e1 ainda previs\u00e3o de sobra de 134 milh\u00f5es de doses de<a class=\"moretag\" href=\"http:\/\/sindiquimicabr.com.br\/index.php\/2021\/11\/23\/brasil-precisa-comprar-mais-220-milhoes-de-doses-para-garantir-vacinacao-em-2022\/\"> [&#8230;]<\/a><\/p>\n","protected":false},"author":2,"featured_media":12476,"comment_status":"closed","ping_status":"closed","sticky":false,"template":"","format":"standard","meta":[],"categories":[10],"tags":[],"_links":{"self":[{"href":"http:\/\/sindiquimicabr.com.br\/index.php\/wp-json\/wp\/v2\/posts\/12473"}],"collection":[{"href":"http:\/\/sindiquimicabr.com.br\/index.php\/wp-json\/wp\/v2\/posts"}],"about":[{"href":"http:\/\/sindiquimicabr.com.br\/index.php\/wp-json\/wp\/v2\/types\/post"}],"author":[{"embeddable":true,"href":"http:\/\/sindiquimicabr.com.br\/index.php\/wp-json\/wp\/v2\/users\/2"}],"replies":[{"embeddable":true,"href":"http:\/\/sindiquimicabr.com.br\/index.php\/wp-json\/wp\/v2\/comments?post=12473"}],"version-history":[{"count":1,"href":"http:\/\/sindiquimicabr.com.br\/index.php\/wp-json\/wp\/v2\/posts\/12473\/revisions"}],"predecessor-version":[{"id":12477,"href":"http:\/\/sindiquimicabr.com.br\/index.php\/wp-json\/wp\/v2\/posts\/12473\/revisions\/12477"}],"wp:featuredmedia":[{"embeddable":true,"href":"http:\/\/sindiquimicabr.com.br\/index.php\/wp-json\/wp\/v2\/media\/12476"}],"wp:attachment":[{"href":"http:\/\/sindiquimicabr.com.br\/index.php\/wp-json\/wp\/v2\/media?parent=12473"}],"wp:term":[{"taxonomy":"category","embeddable":true,"href":"http:\/\/sindiquimicabr.com.br\/index.php\/wp-json\/wp\/v2\/categories?post=12473"},{"taxonomy":"post_tag","embeddable":true,"href":"http:\/\/sindiquimicabr.com.br\/index.php\/wp-json\/wp\/v2\/tags?post=12473"}],"curies":[{"name":"wp","href":"https:\/\/api.w.org\/{rel}","templated":true}]}}