{"id":12496,"date":"2021-11-24T11:26:24","date_gmt":"2021-11-24T11:26:24","guid":{"rendered":"http:\/\/sindiquimicabr.com.br\/?p=12496"},"modified":"2021-11-24T11:39:32","modified_gmt":"2021-11-24T11:39:32","slug":"brasil-notifica-398-mortes-por-covid-19-em-24-horas-media-movel-e-de-245","status":"publish","type":"post","link":"http:\/\/sindiquimicabr.com.br\/index.php\/2021\/11\/24\/brasil-notifica-398-mortes-por-covid-19-em-24-horas-media-movel-e-de-245\/","title":{"rendered":"Brasil notifica 398 mortes por covid-19 em 24 horas; m\u00e9dia m\u00f3vel \u00e9 de 245"},"content":{"rendered":"<h4 class=\"news-subheadline\" style=\"text-align: justify;\">A m\u00e9dia m\u00f3vel semanal, que elimina as distor\u00e7\u00f5es entre dias \u00fateis e fim de semana, \u00e9 de 245<\/h4>\n<p style=\"text-align: justify;\"><a href=\"http:\/\/sindiquimicabr.com.br\/wp\/wp-content\/uploads\/2021\/11\/Brasil-notifica-398-mortes.jpg\"><img decoding=\"async\" loading=\"lazy\" class=\"alignleft size-full wp-image-12499\" src=\"http:\/\/sindiquimicabr.com.br\/wp\/wp-content\/uploads\/2021\/11\/Brasil-notifica-398-mortes.jpg\" alt=\"\" width=\"825\" height=\"459\" srcset=\"http:\/\/sindiquimicabr.com.br\/wp\/wp-content\/uploads\/2021\/11\/Brasil-notifica-398-mortes.jpg 825w, http:\/\/sindiquimicabr.com.br\/wp\/wp-content\/uploads\/2021\/11\/Brasil-notifica-398-mortes-300x167.jpg 300w, http:\/\/sindiquimicabr.com.br\/wp\/wp-content\/uploads\/2021\/11\/Brasil-notifica-398-mortes-768x427.jpg 768w\" sizes=\"(max-width: 825px) 100vw, 825px\" \/><\/a><\/p>\n<p style=\"text-align: justify;\"><span class=\"news_capital_letter\">O<\/span> Brasil registrou 398 mortes por covid-19 nesta ter\u00e7a-feira, 23. No total acumulado, j\u00e1 s\u00e3o 613,2 mil \u00f3bitos notificados desde o in\u00edcio da pandemia. A m\u00e9dia m\u00f3vel semanal, que elimina as distor\u00e7\u00f5es entre dias \u00fateis e fim de semana, \u00e9 de 245.<\/p>\n<p style=\"text-align: justify;\">N\u00e3o houve registro de \u00f3bitos pela infec\u00e7\u00e3o nos Estados do Acre, do Amap\u00e1 e de Sergipe, de acordo com os dados do cons\u00f3rcio de ve\u00edculos de imprensa.<\/p>\n<p style=\"text-align: justify;\">No intervalo de 24 horas, os novos casos notificados da doen\u00e7a ficaram em 19.842. O Pa\u00eds chegou a pouco mais de 22 milh\u00f5es de casos desde mar\u00e7o de 2020, quando come\u00e7aram a ser contabilizados. A m\u00e9dia m\u00f3vel de casos nos \u00faltimos sete dias \u00e9 de 10.634.<\/p>\n<p style=\"text-align: justify;\">Os dados di\u00e1rios s\u00e3o reunidos pelo cons\u00f3rcio de ve\u00edculos de imprensa, que \u00e9 formado por <strong>Estad\u00e3o<\/strong>, <em>g1<\/em>, <em>O Globo<\/em>, <em>Extra<\/em>, <em>Folha<\/em> e <em>UOL<\/em>, em parceria com 27 secretarias estaduais de Sa\u00fade, em balan\u00e7o divulgado \u00e0s 20 horas.<\/p>\n<p style=\"text-align: justify;\">O balan\u00e7o de \u00f3bitos e de casos \u00e9 resultado da parceria entre os seis meios de comunica\u00e7\u00e3o que passaram a trabalhar, desde 8 de junho do ano passado, de forma colaborativa para reunir as informa\u00e7\u00f5es necess\u00e1rias nos 26 Estados e no Distrito Federal. A iniciativa in\u00e9dita \u00e9 uma resposta \u00e0 decis\u00e3o do governo Bolsonaro de restringir o acesso a dados sobre a pandemia, mas foi mantida ap\u00f3s os registros governamentais continuarem a ser divulgados.<\/p>\n<p style=\"text-align: justify;\">Fonte: <a href=\"https:\/\/www.noticiasaominuto.com.br\/ultima-hora\/1863019\/brasil-notifica-398-mortes-por-covid-19-em-24-horas-media-movel-e-de-245\" target=\"_blank\" rel=\"noopener\">Not\u00edcias ao Minuto<\/a><\/p>\n","protected":false},"excerpt":{"rendered":"<p>A m\u00e9dia m\u00f3vel semanal, que elimina as distor\u00e7\u00f5es entre dias \u00fateis e fim de semana, \u00e9 de 245 O Brasil registrou 398 mortes por covid-19 nesta ter\u00e7a-feira, 23. No total acumulado, j\u00e1 s\u00e3o 613,2 mil \u00f3bitos notificados desde o in\u00edcio da pandemia. A m\u00e9dia m\u00f3vel semanal, que elimina as distor\u00e7\u00f5es entre dias \u00fateis e fim<a class=\"moretag\" href=\"http:\/\/sindiquimicabr.com.br\/index.php\/2021\/11\/24\/brasil-notifica-398-mortes-por-covid-19-em-24-horas-media-movel-e-de-245\/\"> [&#8230;]<\/a><\/p>\n","protected":false},"author":2,"featured_media":12499,"comment_status":"closed","ping_status":"closed","sticky":false,"template":"","format":"standard","meta":[],"categories":[10],"tags":[],"_links":{"self":[{"href":"http:\/\/sindiquimicabr.com.br\/index.php\/wp-json\/wp\/v2\/posts\/12496"}],"collection":[{"href":"http:\/\/sindiquimicabr.com.br\/index.php\/wp-json\/wp\/v2\/posts"}],"about":[{"href":"http:\/\/sindiquimicabr.com.br\/index.php\/wp-json\/wp\/v2\/types\/post"}],"author":[{"embeddable":true,"href":"http:\/\/sindiquimicabr.com.br\/index.php\/wp-json\/wp\/v2\/users\/2"}],"replies":[{"embeddable":true,"href":"http:\/\/sindiquimicabr.com.br\/index.php\/wp-json\/wp\/v2\/comments?post=12496"}],"version-history":[{"count":2,"href":"http:\/\/sindiquimicabr.com.br\/index.php\/wp-json\/wp\/v2\/posts\/12496\/revisions"}],"predecessor-version":[{"id":12500,"href":"http:\/\/sindiquimicabr.com.br\/index.php\/wp-json\/wp\/v2\/posts\/12496\/revisions\/12500"}],"wp:featuredmedia":[{"embeddable":true,"href":"http:\/\/sindiquimicabr.com.br\/index.php\/wp-json\/wp\/v2\/media\/12499"}],"wp:attachment":[{"href":"http:\/\/sindiquimicabr.com.br\/index.php\/wp-json\/wp\/v2\/media?parent=12496"}],"wp:term":[{"taxonomy":"category","embeddable":true,"href":"http:\/\/sindiquimicabr.com.br\/index.php\/wp-json\/wp\/v2\/categories?post=12496"},{"taxonomy":"post_tag","embeddable":true,"href":"http:\/\/sindiquimicabr.com.br\/index.php\/wp-json\/wp\/v2\/tags?post=12496"}],"curies":[{"name":"wp","href":"https:\/\/api.w.org\/{rel}","templated":true}]}}