{"id":12525,"date":"2021-11-25T11:08:29","date_gmt":"2021-11-25T11:08:29","guid":{"rendered":"http:\/\/sindiquimicabr.com.br\/?p=12525"},"modified":"2021-11-25T11:21:09","modified_gmt":"2021-11-25T11:21:09","slug":"mundo-esta-entrando-em-quarta-onda-de-covid-19-diz-diretora-da-oms","status":"publish","type":"post","link":"http:\/\/sindiquimicabr.com.br\/index.php\/2021\/11\/25\/mundo-esta-entrando-em-quarta-onda-de-covid-19-diz-diretora-da-oms\/","title":{"rendered":"Mundo est\u00e1 entrando em quarta onda de covid-19, diz diretora da OMS"},"content":{"rendered":"<h4 class=\"news-subheadline\" style=\"text-align: justify;\">A m\u00e9dica n\u00e3o fez previs\u00f5es espec\u00edficas para o Brasil, que tem assistido nas \u00faltimas semanas a uma queda sustentada de interna\u00e7\u00f5es e mortes, al\u00e9m de ver avan\u00e7o significativo na vacina\u00e7\u00e3o. Comentou, por\u00e9m, que a realiza\u00e7\u00e3o do Carnaval pode ser &#8220;extremamente prop\u00edcia para o aumento da transmiss\u00e3o comunit\u00e1ria&#8221; no Pa\u00eds<\/h4>\n<p style=\"text-align: justify;\"><a href=\"http:\/\/sindiquimicabr.com.br\/wp\/wp-content\/uploads\/2021\/11\/Mundo-esta-entrando-em-quarta-onda-de-covid-19-diz-diretora-da-OMS.jpg\"><img decoding=\"async\" loading=\"lazy\" class=\"alignleft size-full wp-image-12528\" src=\"http:\/\/sindiquimicabr.com.br\/wp\/wp-content\/uploads\/2021\/11\/Mundo-esta-entrando-em-quarta-onda-de-covid-19-diz-diretora-da-OMS.jpg\" alt=\"\" width=\"1920\" height=\"1080\" srcset=\"http:\/\/sindiquimicabr.com.br\/wp\/wp-content\/uploads\/2021\/11\/Mundo-esta-entrando-em-quarta-onda-de-covid-19-diz-diretora-da-OMS.jpg 1920w, http:\/\/sindiquimicabr.com.br\/wp\/wp-content\/uploads\/2021\/11\/Mundo-esta-entrando-em-quarta-onda-de-covid-19-diz-diretora-da-OMS-300x169.jpg 300w, http:\/\/sindiquimicabr.com.br\/wp\/wp-content\/uploads\/2021\/11\/Mundo-esta-entrando-em-quarta-onda-de-covid-19-diz-diretora-da-OMS-1024x576.jpg 1024w, http:\/\/sindiquimicabr.com.br\/wp\/wp-content\/uploads\/2021\/11\/Mundo-esta-entrando-em-quarta-onda-de-covid-19-diz-diretora-da-OMS-768x432.jpg 768w, http:\/\/sindiquimicabr.com.br\/wp\/wp-content\/uploads\/2021\/11\/Mundo-esta-entrando-em-quarta-onda-de-covid-19-diz-diretora-da-OMS-1536x864.jpg 1536w\" sizes=\"(max-width: 1920px) 100vw, 1920px\" \/><\/a><\/p>\n<p style=\"text-align: justify;\"><span class=\"news_capital_letter\">A<\/span> diretora-geral adjunta de acesso a medicamentos e produtos farmac\u00eauticos da Organiza\u00e7\u00e3o Mundial da Sa\u00fade (OMS), a m\u00e9dica brasileira Mari\u00e2ngela Sim\u00e3o, disse no come\u00e7o da semana, que o mundo est\u00e1 entrando em uma quarta onda da pandemia de covid-19. A declara\u00e7\u00e3o foi dada na confer\u00eancia de abertura de um evento realizado pela Associa\u00e7\u00e3o Brasileira de Sa\u00fade Coletiva (Abrasco).<\/p>\n<p style=\"text-align: justify;\">&#8220;O mundo, na verdade, est\u00e1 entrando em uma quarta onda, mas as regi\u00f5es tiveram comportamento diferente em rela\u00e7\u00e3o \u00e0 pandemia&#8221;, apontou Mari\u00e2ngela. &#8220;Na regi\u00e3o das Am\u00e9ricas, h\u00e1 uma transmiss\u00e3o comunit\u00e1ria continuada, com pequenos picos, enquanto a Europa est\u00e1 entrando de novo em uma ressurg\u00eancia de casos&#8221;, explicou.<\/p>\n<p style=\"text-align: justify;\">A m\u00e9dica n\u00e3o fez previs\u00f5es espec\u00edficas para o Brasil, que tem assistido nas \u00faltimas semanas a uma queda sustentada de interna\u00e7\u00f5es e mortes, al\u00e9m de ver avan\u00e7o significativo na vacina\u00e7\u00e3o. Comentou, por\u00e9m, que a realiza\u00e7\u00e3o do Carnaval pode ser &#8220;extremamente prop\u00edcia para o aumento da transmiss\u00e3o comunit\u00e1ria&#8221; no Pa\u00eds.<\/p>\n<p style=\"text-align: justify;\">O aumento no n\u00famero de casos de covid-19 tem levado pa\u00edses a ampliar o cerco contra n\u00e3o imunizados &#8211; a \u00c1ustria, por exemplo, imp\u00f4s um lockdown espec\u00edfico contra esse grupo. A estrat\u00e9gia visa a evitar o surgimento de novas cepas, como a Delta, identificada originalmente na \u00cdndia e depois respons\u00e1vel por acelerar o cont\u00e1gio em diversas regi\u00f5es do planeta.<\/p>\n<p style=\"text-align: justify;\">&#8220;A OMS tem o entendimento neste momento que \u00e9 prov\u00e1vel que a gente tenha uma transmiss\u00e3o continuada do v\u00edrus por conta das variantes&#8221;, disse a diretora. Segundo se observa nas curvas epid\u00eamicas, a m\u00e9dica destacou que h\u00e1 pa\u00edses com ondas repetidas, outros com transmiss\u00e3o cont\u00ednua e h\u00e1 ainda aqueles que tiveram um controle n\u00e3o sustentado no in\u00edcio da pandemia e que agora t\u00eam picos agudos de contamina\u00e7\u00e3o.<\/p>\n<p style=\"text-align: justify;\">Entre os fatores que continuam influenciando na transmiss\u00e3o do Sars-Cov-2, Mari\u00e2ngela destacou quatro pontos. O primeiro s\u00e3o as variantes mais transmiss\u00edveis, como a Delta. Atualmente, conforme mapeamento gen\u00e9tico realizado pelo Instituto Todos pela Sa\u00fade (ITpS), a Delta corresponde a mais de 97% das variantes em circula\u00e7\u00e3o no Pa\u00eds.<\/p>\n<p style=\"text-align: justify;\">O segundo aspecto \u00e9 o fato de grande parte da popula\u00e7\u00e3o seguir sem acesso \u00e0s vacinas. Dados da OMS apontam que menos de 5% das pessoas de pa\u00edses de baixa renda &#8211; grande parte na \u00c1frica e na \u00c1sia &#8211; receberam ao menos uma dose de vacina anticovid, mesmo com mais de 7,5 bilh\u00f5es de doses tendo sido aplicadas no mundo. &#8220;A inequidade no acesso \u00e0 vacina \u00e9 o maior desafio \u00e9tico do nosso tempo&#8221;, disse Mari\u00e2ngela.<\/p>\n<p style=\"text-align: justify;\">Por fim, o terceiro e quarto fatores seriam o aumento das intera\u00e7\u00f5es sociais, com o fim das medidas de isolamento, e ainda a desinforma\u00e7\u00e3o em rela\u00e7\u00e3o \u00e0s formas de lidar com o v\u00edrus. &#8220;A mensagem correta, no momento certo, em formato adequado, vinda da pessoa certa (&#8230;) pode auxiliar muito&#8221;, apontou a m\u00e9dica.<\/p>\n<p style=\"text-align: justify;\">Entre domingo e segunda, conforme apontou Mari\u00e2ngela, foram confirmados mais de 440 mil casos em todo mundo e um total de 6,7 mil \u00f3bitos. Com isso, o planeta chegou a 255 milh\u00f5es de diagn\u00f3sticos positivos da doen\u00e7a e j\u00e1 contabiliza 5,1 milh\u00f5es de v\u00edtimas. &#8220;\u00c9 claro que isso reflete uma enorme subnotifica\u00e7\u00e3o em v\u00e1rios continentes&#8221;, disse a diretora da OMS.<\/p>\n<p style=\"text-align: justify;\"><strong>Futuro da pandemia<\/strong><\/p>\n<p style=\"text-align: justify;\">Sobre os poss\u00edveis cen\u00e1rios para o futuro, Mari\u00e2ngela destacou o papel das vacinas e disse que, mesmo n\u00e3o tendo impacto significativo na transmiss\u00e3o, elas &#8220;diminuem a severidade da doen\u00e7a e a mortalidade&#8221;. &#8220;A gente j\u00e1 tem dados robustos, como do Reino Unido, que mostram uma dissocia\u00e7\u00e3o de casos e \u00f3bitos, por conta da vacina\u00e7\u00e3o&#8221;, destacou.<\/p>\n<p style=\"text-align: justify;\">A diretora da OMS apontou que, pelo que se observa pelas informa\u00e7\u00f5es de hoje, havendo altos n\u00edveis de imunidade populacional em todos os pa\u00edses, a mortalidade pela doen\u00e7a poder\u00e1 reduzir significativamente. Os surtos de contamina\u00e7\u00e3o pela doen\u00e7a, acrescentou, at\u00e9 podem continuar acontecendo entre grupos suscet\u00edveis, como os n\u00e3o vacinados, mas para este caso \u00e9 necess\u00e1rio intensificar o processo de conscientiza\u00e7\u00e3o.<\/p>\n<p style=\"text-align: justify;\">Mari\u00e2ngela refor\u00e7ou ainda que &#8220;a vacina\u00e7\u00e3o sozinha n\u00e3o consegue conter transmiss\u00e3o&#8221;, o que torna tamb\u00e9m importante o monitoramento cont\u00ednuo da situa\u00e7\u00e3o epidemiol\u00f3gica e a ado\u00e7\u00e3o de medidas.<\/p>\n<p style=\"text-align: justify;\">&#8220;Me preocupa bastante quando vejo no Brasil a discuss\u00e3o sobre o Carnaval, \u00e9 uma condi\u00e7\u00e3o extremamente prop\u00edcia para o aumento da transmiss\u00e3o comunit\u00e1ria. Precisamos planejar as a\u00e7\u00f5es para 2022&#8221;, disse a diretora da OMS.<\/p>\n<p style=\"text-align: justify;\">Segundo Mari\u00e2ngela, um outro ponto \u00e9 que h\u00e1 uma &#8220;associa\u00e7\u00e3o forte&#8221; entre a cobertura vacinal e o uso de m\u00e1scaras, o que tamb\u00e9m acaba sendo um fator de aten\u00e7\u00e3o at\u00e9 para pa\u00edses cuja vacina\u00e7\u00e3o avan\u00e7ou. &#8220;Quanto maior \u00e9 a cobertura vacinal, menor \u00e9 o uso de m\u00e1scaras&#8221;, destacou.<\/p>\n<p style=\"text-align: justify;\">Fonte: <a href=\"https:\/\/www.noticiasaominuto.com.br\/ultima-hora\/1862883\/mundo-esta-entrando-em-quarta-onda-de-covid-19-diz-diretora-da-oms\" target=\"_blank\" rel=\"noopener\">Not\u00edcias ao Minuto<\/a><\/p>\n","protected":false},"excerpt":{"rendered":"<p>A m\u00e9dica n\u00e3o fez previs\u00f5es espec\u00edficas para o Brasil, que tem assistido nas \u00faltimas semanas a uma queda sustentada de interna\u00e7\u00f5es e mortes, al\u00e9m de ver avan\u00e7o significativo na vacina\u00e7\u00e3o. Comentou, por\u00e9m, que a realiza\u00e7\u00e3o do Carnaval pode ser &#8220;extremamente prop\u00edcia para o aumento da transmiss\u00e3o comunit\u00e1ria&#8221; no Pa\u00eds A diretora-geral adjunta de acesso a<a class=\"moretag\" href=\"http:\/\/sindiquimicabr.com.br\/index.php\/2021\/11\/25\/mundo-esta-entrando-em-quarta-onda-de-covid-19-diz-diretora-da-oms\/\"> [&#8230;]<\/a><\/p>\n","protected":false},"author":2,"featured_media":12528,"comment_status":"closed","ping_status":"closed","sticky":false,"template":"","format":"standard","meta":[],"categories":[10],"tags":[],"_links":{"self":[{"href":"http:\/\/sindiquimicabr.com.br\/index.php\/wp-json\/wp\/v2\/posts\/12525"}],"collection":[{"href":"http:\/\/sindiquimicabr.com.br\/index.php\/wp-json\/wp\/v2\/posts"}],"about":[{"href":"http:\/\/sindiquimicabr.com.br\/index.php\/wp-json\/wp\/v2\/types\/post"}],"author":[{"embeddable":true,"href":"http:\/\/sindiquimicabr.com.br\/index.php\/wp-json\/wp\/v2\/users\/2"}],"replies":[{"embeddable":true,"href":"http:\/\/sindiquimicabr.com.br\/index.php\/wp-json\/wp\/v2\/comments?post=12525"}],"version-history":[{"count":2,"href":"http:\/\/sindiquimicabr.com.br\/index.php\/wp-json\/wp\/v2\/posts\/12525\/revisions"}],"predecessor-version":[{"id":12529,"href":"http:\/\/sindiquimicabr.com.br\/index.php\/wp-json\/wp\/v2\/posts\/12525\/revisions\/12529"}],"wp:featuredmedia":[{"embeddable":true,"href":"http:\/\/sindiquimicabr.com.br\/index.php\/wp-json\/wp\/v2\/media\/12528"}],"wp:attachment":[{"href":"http:\/\/sindiquimicabr.com.br\/index.php\/wp-json\/wp\/v2\/media?parent=12525"}],"wp:term":[{"taxonomy":"category","embeddable":true,"href":"http:\/\/sindiquimicabr.com.br\/index.php\/wp-json\/wp\/v2\/categories?post=12525"},{"taxonomy":"post_tag","embeddable":true,"href":"http:\/\/sindiquimicabr.com.br\/index.php\/wp-json\/wp\/v2\/tags?post=12525"}],"curies":[{"name":"wp","href":"https:\/\/api.w.org\/{rel}","templated":true}]}}