{"id":12532,"date":"2021-11-25T11:17:00","date_gmt":"2021-11-25T11:17:00","guid":{"rendered":"http:\/\/sindiquimicabr.com.br\/?p=12532"},"modified":"2021-11-25T11:39:57","modified_gmt":"2021-11-25T11:39:57","slug":"guedes-diz-a-empresarios-que-mercado-deve-evitar-posicao-infantil-sobre-teto-de-gastos","status":"publish","type":"post","link":"http:\/\/sindiquimicabr.com.br\/index.php\/2021\/11\/25\/guedes-diz-a-empresarios-que-mercado-deve-evitar-posicao-infantil-sobre-teto-de-gastos\/","title":{"rendered":"Guedes diz a empres\u00e1rios que mercado deve evitar &#8216;posi\u00e7\u00e3o infantil&#8217; sobre teto de gastos"},"content":{"rendered":"<h4 class=\"news-subheadline\">Ele afirmou que o pa\u00eds chegar\u00e1 ao ano eleitoral com um d\u00e9ficit maior do que o deste ano, mas considerou o movimento completamente compreens\u00edvel diante das demandas da classe pol\u00edtica<\/h4>\n<div class=\"news-main-image \"><picture><source srcset=\"https:\/\/media-manager.noticiasaominuto.com.br\/640\/naom_611f84921fbc9.jpg\" media=\"(max-width: 640px)\"><source srcset=\"https:\/\/media-manager.noticiasaominuto.com.br\/960\/naom_611f84921fbc9.jpg\" media=\"(max-width: 960px)\"><img decoding=\"async\" class=\"img-responsive \" src=\"https:\/\/media-manager.noticiasaominuto.com.br\/1920\/naom_611f84921fbc9.jpg\" alt=\"Guedes diz a empres\u00e1rios que mercado deve evitar 'posi\u00e7\u00e3o infantil' sobre teto de gastos\"> <\/picture><\/div>\n<div class=\"row\">\n<div class=\"col-lg-12 col-md-12 col-sm-6 col-xs-6\">\n<p class=\"news-main-image-copyright text-left\">\n<\/div>\n<\/div>\n<div class=\"row news-main-text-container\">\n<div class=\"col-lg-12 col-md-12 col-sm-12 col-xs-12\">\n<div class=\"news-main-text\">\n<p style=\"text-align: justify;\"><span class=\"news_capital_letter\">B<\/span>RAS\u00cdLIA, DF (FOLHAPRESS) &#8211; O ministro Paulo Guedes (Economia) afirmou nesta quarta-feira (24) esperar que o mercado compreenda o governo ap\u00f3s a manobra que dribla o teto de gastos, em vez de ter uma &#8220;posi\u00e7\u00e3o infantil&#8221; sobre o assunto.<\/p>\n<p style=\"text-align: justify;\">Ele afirmou que o pa\u00eds chegar\u00e1 ao ano eleitoral com um d\u00e9ficit maior do que o deste ano, mas considerou o movimento completamente compreens\u00edvel diante das demandas da classe pol\u00edtica.<\/p>\n<p style=\"text-align: justify;\">&#8220;Vamos para a dimens\u00e3o pol\u00edtica e a preocupa\u00e7\u00e3o com o social, [o movimento \u00e9] perfeitamente compreens\u00edvel. Eu espero que os mercados compreendam isso ao inv\u00e9s de ter uma posi\u00e7\u00e3o um pouco mais infantil de que &#8216;o s\u00edmbolo \u00e9 o teto&#8217;, &#8216;o teto ou a morte&#8217;, &#8216;vou pedir demiss\u00e3o hoje porque a classe pol\u00edtica decidiu furar o teto'&#8221;, disse Guedes.<\/p>\n<p style=\"text-align: justify;\">O ministro fez as declara\u00e7\u00f5es durante jantar na sede da CNI (Confedera\u00e7\u00e3o Nacional da Ind\u00fastria) promovido pelo MBC (Movimento Brasil Competitivo). O teto de gastos \u00e9 visto como uma \u00e2ncora para as contas p\u00fablicas e os movimentos do governo geraram rea\u00e7\u00f5es nos mercados de juros, c\u00e2mbio e a\u00e7\u00f5es.<\/p>\n<p style=\"text-align: justify;\">Ap\u00f3s press\u00f5es da classe pol\u00edtica por mais gastos, o governo decidiu incluir na PEC (proposta de emenda \u00e0 Constitui\u00e7\u00e3o) dos Precat\u00f3rios dispositivo para driblar a regra.<\/p>\n<p style=\"text-align: justify;\">A PEC muda o teto de gastos alterando sua regra de corre\u00e7\u00e3o, al\u00e9m de limitar o pagamento de precat\u00f3rios (d\u00edvidas do Estado reconhecidas pela Justi\u00e7a). Quatro membros de sua equipe pediram demiss\u00e3o em meio \u00e0 manobra.<\/p>\n<p style=\"text-align: justify;\">Para Guedes, no entanto, a piora fiscal com a proposta \u00e9 limitada. &#8220;Em vez de 0,5%, o d\u00e9ficit vai ser 1% ou 1,2% [no ano que vem]. Eu acho que o Brasil \u00e9 um pouco maior do que essa polariza\u00e7\u00e3o pol\u00edtica, jogando um peda\u00e7o do governo contra o outro&#8221;, afirmou.<\/p>\n<p style=\"text-align: justify;\">Guedes afirmou que o governo Bolsonaro sairia gastando menos do que quando entrou, mas que &#8220;n\u00e3o v\u00e3o deixar&#8221; isso acontecer -mencionando press\u00f5es por mais gastos, mas dizendo em seguida que as demandas s\u00e3o compreens\u00edveis.<\/p>\n<p style=\"text-align: justify;\">&#8220;Somos o primeiro governo que sai gastando menos do que quando chegou. Naturalmente, n\u00e3o v\u00e3o deixar que a gente fa\u00e7a isso. Tem as press\u00f5es para o outro lado dizendo &#8216;bom, se j\u00e1 arrecadou, tira uma nota mais baixa a\u00ed no fiscal'&#8221;, disse.<\/p>\n<p style=\"text-align: justify;\">&#8220;[S\u00e3o] press\u00f5es pol\u00edticas naturalmente compreens\u00edveis para cicatrizar sequelas para atenuar os impactos da pandemia&#8221;, disse. Ele citou como exemplo o programa Aux\u00edlio Brasil e seu valor maior do que o do antecessor Bolsa Fam\u00edlia.<\/p>\n<p style=\"text-align: justify;\">&#8220;Em vez de terminar o ano com d\u00e9ficit praticamente zero, vamos para as elei\u00e7\u00f5es com d\u00e9ficit um pouco acima ou igual o deste ano. [Em torno de] 1%. Parece razo\u00e1vel&#8221;, afirmou.<\/p>\n<p style=\"text-align: justify;\">Guedes ainda disse que o pa\u00eds est\u00e1 estagnado h\u00e1 anos, e que isso n\u00e3o \u00e9 culpa do atual governo. &#8220;N\u00e3o \u00e9 o governo Bolsonaro que esta estagnando o Brasil, o Brasil estagnou&#8221;, afirmou.<\/p>\n<p style=\"text-align: justify;\">O ministro fez um apelo para que os empres\u00e1rios apoiassem as reformas no Congresso. Disse ainda haver uma ala do governo contr\u00e1ria ao avan\u00e7o delas, por achar que prejudicam o presidente eleitoralmente. Sinalizou tamb\u00e9m que esse entorno teria interesses pol\u00edticos pr\u00f3prios ao sugerir isso.<\/p>\n<p style=\"text-align: justify;\">&#8220;Dentro do governo, tem um entorno tamb\u00e9m que acha que presidente ganha se n\u00e3o fizer reforma&#8221;, disse.<\/p>\n<p style=\"text-align: justify;\">&#8220;Eu acho que \u00e9 o contr\u00e1rio. Avan\u00e7ar com as reformas \u00e9 o sinal de uma administra\u00e7\u00e3o que quer mover o Brasil. Mas tem gente, o cara quer ser eleito&#8230; Bom, deixa para l\u00e1&#8221;, completou.<\/p>\n<p style=\"text-align: justify;\">O ministro n\u00e3o mencionou nomes, mas nos bastidores enfrenta uma batalha com a ala pol\u00edtica do governo, em especial com Onyx Lorenzoni (Trabalho e Previd\u00eancia) \u2013que deve ser candidato ao governo do Rio Grande do Sul em 2022.<\/p>\n<p style=\"text-align: justify;\">Essa ala do governo defende que Bolsonaro gaste mais com programas sociais no \u00faltimo ano de governo e deixe as reformas de lado. O pr\u00f3prio presidente admitiu a dificuldade de aprov\u00e1-las na reta final de sua gest\u00e3o.<\/p>\n<p style=\"text-align: justify;\">A manobra que alterou o c\u00e1lculo do teto de gastos e levou \u00e0 debandada na equipe de Guedes foi a mais recente vit\u00f3ria da ala pol\u00edtica sobre Guedes.<\/p>\n<\/div>\n<\/div>\n<\/div>\n<p>Fonte: <a href=\"https:\/\/www.noticiasaominuto.com.br\/economia\/1863386\/guedes-diz-a-empresarios-que-mercado-deve-evitar-posicao-infantil-sobre-teto-de-gastos\">Noticias ao Minuto<\/a><\/p>\n","protected":false},"excerpt":{"rendered":"<p>Ele afirmou que o pa\u00eds chegar\u00e1 ao ano eleitoral com um d\u00e9ficit maior do que o deste ano, mas considerou o movimento completamente compreens\u00edvel diante das demandas da classe pol\u00edtica BRAS\u00cdLIA, DF (FOLHAPRESS) &#8211; O ministro Paulo Guedes (Economia) afirmou nesta quarta-feira (24) esperar que o mercado compreenda o governo ap\u00f3s a manobra que dribla<a class=\"moretag\" href=\"http:\/\/sindiquimicabr.com.br\/index.php\/2021\/11\/25\/guedes-diz-a-empresarios-que-mercado-deve-evitar-posicao-infantil-sobre-teto-de-gastos\/\"> [&#8230;]<\/a><\/p>\n","protected":false},"author":2,"featured_media":12549,"comment_status":"closed","ping_status":"closed","sticky":false,"template":"","format":"standard","meta":[],"categories":[10],"tags":[],"_links":{"self":[{"href":"http:\/\/sindiquimicabr.com.br\/index.php\/wp-json\/wp\/v2\/posts\/12532"}],"collection":[{"href":"http:\/\/sindiquimicabr.com.br\/index.php\/wp-json\/wp\/v2\/posts"}],"about":[{"href":"http:\/\/sindiquimicabr.com.br\/index.php\/wp-json\/wp\/v2\/types\/post"}],"author":[{"embeddable":true,"href":"http:\/\/sindiquimicabr.com.br\/index.php\/wp-json\/wp\/v2\/users\/2"}],"replies":[{"embeddable":true,"href":"http:\/\/sindiquimicabr.com.br\/index.php\/wp-json\/wp\/v2\/comments?post=12532"}],"version-history":[{"count":1,"href":"http:\/\/sindiquimicabr.com.br\/index.php\/wp-json\/wp\/v2\/posts\/12532\/revisions"}],"predecessor-version":[{"id":12538,"href":"http:\/\/sindiquimicabr.com.br\/index.php\/wp-json\/wp\/v2\/posts\/12532\/revisions\/12538"}],"wp:featuredmedia":[{"embeddable":true,"href":"http:\/\/sindiquimicabr.com.br\/index.php\/wp-json\/wp\/v2\/media\/12549"}],"wp:attachment":[{"href":"http:\/\/sindiquimicabr.com.br\/index.php\/wp-json\/wp\/v2\/media?parent=12532"}],"wp:term":[{"taxonomy":"category","embeddable":true,"href":"http:\/\/sindiquimicabr.com.br\/index.php\/wp-json\/wp\/v2\/categories?post=12532"},{"taxonomy":"post_tag","embeddable":true,"href":"http:\/\/sindiquimicabr.com.br\/index.php\/wp-json\/wp\/v2\/tags?post=12532"}],"curies":[{"name":"wp","href":"https:\/\/api.w.org\/{rel}","templated":true}]}}