{"id":12551,"date":"2021-11-26T11:27:11","date_gmt":"2021-11-26T11:27:11","guid":{"rendered":"http:\/\/sindiquimicabr.com.br\/?p=12551"},"modified":"2021-11-26T13:41:17","modified_gmt":"2021-11-26T13:41:17","slug":"por-mim-nao-teria-carnaval-diz-bolsonaro-em-ataque-a-governadores","status":"publish","type":"post","link":"http:\/\/sindiquimicabr.com.br\/index.php\/2021\/11\/26\/por-mim-nao-teria-carnaval-diz-bolsonaro-em-ataque-a-governadores\/","title":{"rendered":"&#8216;Por mim, n\u00e3o teria Carnaval&#8217;, diz Bolsonaro em ataque a governadores"},"content":{"rendered":"<h4 class=\"news-subheadline\">Apesar de os totais de casos e mortes por Covid-19 estarem em queda no Brasil, especialistas divergem sobre a realiza\u00e7\u00e3o do Carnaval<\/h4>\n<div class=\"news-main-image \"><picture><source srcset=\"https:\/\/media-manager.noticiasaominuto.com.br\/640\/naom_618fc7e424f3b.jpg\" media=\"(max-width: 640px)\"><source srcset=\"https:\/\/media-manager.noticiasaominuto.com.br\/960\/naom_618fc7e424f3b.jpg\" media=\"(max-width: 960px)\"><img decoding=\"async\" class=\"img-responsive \" src=\"https:\/\/media-manager.noticiasaominuto.com.br\/1920\/naom_618fc7e424f3b.jpg\" alt=\"'Por mim, n\u00e3o teria Carnaval', diz Bolsonaro em ataque a governadores\"> <\/picture><\/div>\n<div class=\"row\">\n<div class=\"col-lg-12 col-md-12 col-sm-6 col-xs-6\">\n<p class=\"news-main-image-copyright text-left\">\n<\/div>\n<\/div>\n<div class=\"row news-main-text-container\">\n<div class=\"col-lg-12 col-md-12 col-sm-12 col-xs-12\">\n<div class=\"news-main-text\">\n<p style=\"text-align: justify;\"><span class=\"news_capital_letter\">B<\/span>RAS\u00cdLIA, DF (FOLHAPRESS) &#8211; O presidente Jair Bolsonaro (sem partido) disse nesta quinta-feira (25) ser contr\u00e1rio \u00e0 realiza\u00e7\u00e3o do Carnaval no ano que vem, mas que n\u00e3o cabe a ele decidir.<\/p>\n<p style=\"text-align: justify;\">A celebra\u00e7\u00e3o do feriado tem sido cancelada em alguns munic\u00edpios, em especial no interior paulista, e est\u00e1 incerto em grandes centros carnavalescos, como Salvador, Recife e Olinda.<\/p>\n<p style=\"text-align: justify;\">&#8220;Por mim, n\u00e3o teria Carnaval, mas tem um detalhe, quem decide n\u00e3o sou eu. Segundo o STF, quem decide s\u00e3o governadores e prefeitos&#8221;, afirmou em entrevista \u00e0 r\u00e1dio Sociedade da Bahia, nesta manh\u00e3.<\/p>\n<p style=\"text-align: justify;\">Bolsonaro faz men\u00e7\u00e3o \u00e0 decis\u00e3o da corte do ano passado que garantiu aos gestores estaduais e municipais autonomia para decidir a respeito de medidas no enfrentamento da Covid-19.<\/p>\n<p style=\"text-align: justify;\">O presidente usa de forma equivocada a decis\u00e3o para alegar que ele n\u00e3o teria responsabilidade sobre a gest\u00e3o do combate \u00e0 Covid-19.<\/p>\n<p style=\"text-align: justify;\">Em julho, a conta oficial do STF no Twitter reafirmou que n\u00e3o impediu o governo de atuar. &#8220;O STF n\u00e3o proibiu o governo federal de agir na pandemia! Uma mentira contada mil vezes n\u00e3o vira verdade!&#8221;, afirmou no Twitter.<\/p>\n<p style=\"text-align: justify;\">Apesar de os totais de casos e mortes por Covid-19 estarem em queda no Brasil, especialistas divergem sobre a realiza\u00e7\u00e3o do Carnaval.<\/p>\n<p style=\"text-align: justify;\">Uma ala acredita que cancelar pode evitar poss\u00edveis curvas de cont\u00e1gio e surgimento de novas variantes do coronav\u00edrus.<br \/>\nPor outro lado, h\u00e1 quem defenda que manter os festejos \u00e9 poss\u00edvel, desde que haja protocolos r\u00edgidos, como a exibi\u00e7\u00e3o de comprovantes de vacina\u00e7\u00e3o e o uso de m\u00e1scaras.<\/p>\n<p style=\"text-align: justify;\">Pelo menos 58 munic\u00edpios do interior e do litoral paulista j\u00e1 anunciaram o cancelamento dos eventos p\u00fablicos de Carnaval, desde localidades com menos de 5.000 habitantes, algumas das quais sem novos casos h\u00e1 tr\u00eas semanas, a cidades do porte de Sorocaba e Franca.<\/p>\n<p style=\"text-align: justify;\">A diretora-Geral assistente da Organiza\u00e7\u00e3o Mundial da Sa\u00fade (OMS) para Acesso a Medicamentos, Mari\u00e2ngela Sim\u00e3o, disse na \u00faltima ter\u00e7a-feira que o mundo vive uma quarta onda de casos de Covid-19 e fez um alerta sobre o Carnaval.<\/p>\n<p style=\"text-align: justify;\">Apesar de ter dito ser contr\u00e1rio \u00e0 realiza\u00e7\u00e3o do Carnaval, por causa do v\u00edrus, o presidente criticou, na entrevista \u00e0 r\u00e1dio baiana, medidas de isolamento e disse que, se houver mais lockdown no Pa\u00eds, vai &#8220;quebrar a economia de vez&#8221;.<\/p>\n<\/div>\n<\/div>\n<p>Fonte: <a href=\"https:\/\/www.noticiasaominuto.com.br\/brasil\/1863515\/por-mim-nao-teria-carnaval-diz-jair-bolsonaro\">Noticias ao Minuto<\/a><\/p>\n<\/div>\n","protected":false},"excerpt":{"rendered":"<p>Apesar de os totais de casos e mortes por Covid-19 estarem em queda no Brasil, especialistas divergem sobre a realiza\u00e7\u00e3o do Carnaval BRAS\u00cdLIA, DF (FOLHAPRESS) &#8211; O presidente Jair Bolsonaro (sem partido) disse nesta quinta-feira (25) ser contr\u00e1rio \u00e0 realiza\u00e7\u00e3o do Carnaval no ano que vem, mas que n\u00e3o cabe a ele decidir. A celebra\u00e7\u00e3o<a class=\"moretag\" href=\"http:\/\/sindiquimicabr.com.br\/index.php\/2021\/11\/26\/por-mim-nao-teria-carnaval-diz-bolsonaro-em-ataque-a-governadores\/\"> [&#8230;]<\/a><\/p>\n","protected":false},"author":2,"featured_media":12575,"comment_status":"closed","ping_status":"closed","sticky":false,"template":"","format":"standard","meta":[],"categories":[10],"tags":[],"_links":{"self":[{"href":"http:\/\/sindiquimicabr.com.br\/index.php\/wp-json\/wp\/v2\/posts\/12551"}],"collection":[{"href":"http:\/\/sindiquimicabr.com.br\/index.php\/wp-json\/wp\/v2\/posts"}],"about":[{"href":"http:\/\/sindiquimicabr.com.br\/index.php\/wp-json\/wp\/v2\/types\/post"}],"author":[{"embeddable":true,"href":"http:\/\/sindiquimicabr.com.br\/index.php\/wp-json\/wp\/v2\/users\/2"}],"replies":[{"embeddable":true,"href":"http:\/\/sindiquimicabr.com.br\/index.php\/wp-json\/wp\/v2\/comments?post=12551"}],"version-history":[{"count":2,"href":"http:\/\/sindiquimicabr.com.br\/index.php\/wp-json\/wp\/v2\/posts\/12551\/revisions"}],"predecessor-version":[{"id":12576,"href":"http:\/\/sindiquimicabr.com.br\/index.php\/wp-json\/wp\/v2\/posts\/12551\/revisions\/12576"}],"wp:featuredmedia":[{"embeddable":true,"href":"http:\/\/sindiquimicabr.com.br\/index.php\/wp-json\/wp\/v2\/media\/12575"}],"wp:attachment":[{"href":"http:\/\/sindiquimicabr.com.br\/index.php\/wp-json\/wp\/v2\/media?parent=12551"}],"wp:term":[{"taxonomy":"category","embeddable":true,"href":"http:\/\/sindiquimicabr.com.br\/index.php\/wp-json\/wp\/v2\/categories?post=12551"},{"taxonomy":"post_tag","embeddable":true,"href":"http:\/\/sindiquimicabr.com.br\/index.php\/wp-json\/wp\/v2\/tags?post=12551"}],"curies":[{"name":"wp","href":"https:\/\/api.w.org\/{rel}","templated":true}]}}