{"id":12570,"date":"2021-11-26T12:34:23","date_gmt":"2021-11-26T12:34:23","guid":{"rendered":"http:\/\/sindiquimicabr.com.br\/?p=12570"},"modified":"2021-11-26T13:41:00","modified_gmt":"2021-11-26T13:41:00","slug":"ministerio-da-saude-recomenda-dose-de-reforco-da-janssen","status":"publish","type":"post","link":"http:\/\/sindiquimicabr.com.br\/index.php\/2021\/11\/26\/ministerio-da-saude-recomenda-dose-de-reforco-da-janssen\/","title":{"rendered":"Minist\u00e9rio da Sa\u00fade recomenda dose de refor\u00e7o da Janssen"},"content":{"rendered":"<h4 class=\"news-subheadline\" style=\"text-align: justify;\">A recomenda\u00e7\u00e3o do minist\u00e9rio \u00e9 que seja utilizado a vacina do mesmo fabricante<\/h4>\n<p style=\"text-align: justify;\"><a href=\"http:\/\/sindiquimicabr.com.br\/wp\/wp-content\/uploads\/2021\/11\/Ministerio-da-Saude-anuncia-segunda-dose-da-vacina-da-Janssen-contra-a-covid-1.jpg\"><img decoding=\"async\" loading=\"lazy\" class=\"alignleft size-full wp-image-12573\" src=\"http:\/\/sindiquimicabr.com.br\/wp\/wp-content\/uploads\/2021\/11\/Ministerio-da-Saude-anuncia-segunda-dose-da-vacina-da-Janssen-contra-a-covid-1.jpg\" alt=\"\" width=\"1920\" height=\"1080\" srcset=\"http:\/\/sindiquimicabr.com.br\/wp\/wp-content\/uploads\/2021\/11\/Ministerio-da-Saude-anuncia-segunda-dose-da-vacina-da-Janssen-contra-a-covid-1.jpg 1920w, http:\/\/sindiquimicabr.com.br\/wp\/wp-content\/uploads\/2021\/11\/Ministerio-da-Saude-anuncia-segunda-dose-da-vacina-da-Janssen-contra-a-covid-1-300x169.jpg 300w, http:\/\/sindiquimicabr.com.br\/wp\/wp-content\/uploads\/2021\/11\/Ministerio-da-Saude-anuncia-segunda-dose-da-vacina-da-Janssen-contra-a-covid-1-1024x576.jpg 1024w, http:\/\/sindiquimicabr.com.br\/wp\/wp-content\/uploads\/2021\/11\/Ministerio-da-Saude-anuncia-segunda-dose-da-vacina-da-Janssen-contra-a-covid-1-768x432.jpg 768w, http:\/\/sindiquimicabr.com.br\/wp\/wp-content\/uploads\/2021\/11\/Ministerio-da-Saude-anuncia-segunda-dose-da-vacina-da-Janssen-contra-a-covid-1-1536x864.jpg 1536w\" sizes=\"(max-width: 1920px) 100vw, 1920px\" \/><\/a><\/p>\n<p style=\"text-align: justify;\"><span class=\"news_capital_letter\">O<\/span> Minist\u00e9rio da Sa\u00fade divulgou uma nota t\u00e9cnica na noite dessa quinta-feira (25)\u00a0 em que orienta que os 4 milh\u00f5es de brasileiros que se vacinaram com o imunizante da Janssen tomem uma dose de refor\u00e7o entre dois e seis meses ap\u00f3s a primeira aplica\u00e7\u00e3o. A recomenda\u00e7\u00e3o do minist\u00e9rio \u00e9 que seja utilizado a vacina do mesmo fabricante.<\/p>\n<p style=\"text-align: justify;\">Segundo a nota, a orienta\u00e7\u00e3o foi baseada em estudos cient\u00edficos que mostram aumento significativo na imunidade ap\u00f3s a aplica\u00e7\u00e3o de mais uma dose da vacina, principalmente com intervalo mais longo, de seis meses.<\/p>\n<p style=\"text-align: justify;\">Se a dose de refor\u00e7o, segundo estudos, for aplicada com um intervalo de seis meses, os n\u00edveis de anticorpos aumentam nove vezes ap\u00f3s uma semana com a imuniza\u00e7\u00e3o da Janssen. Esse \u00edndice segue aumentando em at\u00e9 12 vezes quatro semanas ap\u00f3s a aplica\u00e7\u00e3o do refor\u00e7o.<\/p>\n<div class=\"teads-adCall\" style=\"text-align: justify;\"><\/div>\n<div class=\"teads-adCall\" style=\"text-align: justify;\"><\/div>\n<p style=\"text-align: justify;\">A nota t\u00e9cnica citou uma pesquisa norte-americana que demonstrou que a dose de refor\u00e7o, quando aplicada com um intervalo m\u00ednimo de dois meses, fornece at\u00e9 94% de prote\u00e7\u00e3o contra a covid-19. Com dose \u00fanica do imunizante, o \u00edndice \u00e9 de 75%. O estudo tamb\u00e9m demonstrou que os n\u00edveis de anticorpos aumentaram de quatro a seis vezes com a dose de refor\u00e7o.<\/p>\n<p style=\"text-align: justify;\">Os resultados \u00a0embasaram o Centro de Controle e Preven\u00e7\u00e3o de Doen\u00e7as (CDC, em ingl\u00eas) a tamb\u00e9m recomendar a dose de refor\u00e7o da Janssen.<\/p>\n<p style=\"text-align: justify;\">No caso de mulheres que se vacinaram com a Janssen e que estejam gr\u00e1vidas, a recomenda\u00e7\u00e3o \u00e9 que a dose de refor\u00e7o seja feita com a vacina da Pfizer.<\/p>\n<p style=\"text-align: justify;\">O Brasil recebeu, at\u00e9 agora, 6,6 milh\u00f5es de doses de vacinas da Janssen. No momento, cerca de 2 milh\u00f5es de doses est\u00e3o em an\u00e1lise do Instituto Nacional de Controle de Qualidade em Sa\u00fade (INCQS).<\/p>\n<p style=\"text-align: justify;\">Segundo o Minist\u00e9rio da Sa\u00fade, a previs\u00e3o do laborat\u00f3rio \u00e9 que mais 2,8 milh\u00f5es de doses sejam entregues no come\u00e7o de dezembro e o restante at\u00e9 o fim do m\u00eas. &#8220;Esses quantitativos s\u00e3o suficientes para a aplica\u00e7\u00e3o do refor\u00e7o de quem se vacinou com a Janssen dentro do intervalo recomendado de at\u00e9 seis meses&#8221;, informou o minist\u00e9rio em nota.<\/p>\n<p style=\"text-align: justify;\">Fonte: <a href=\"https:\/\/www.noticiasaominuto.com.br\/ultima-hora\/1863787\/ministerio-da-saude-recomenda-dose-de-reforco-da-janssen\" target=\"_blank\" rel=\"noopener\">Not\u00edcias ao Minuto<\/a><\/p>\n","protected":false},"excerpt":{"rendered":"<p>A recomenda\u00e7\u00e3o do minist\u00e9rio \u00e9 que seja utilizado a vacina do mesmo fabricante O Minist\u00e9rio da Sa\u00fade divulgou uma nota t\u00e9cnica na noite dessa quinta-feira (25)\u00a0 em que orienta que os 4 milh\u00f5es de brasileiros que se vacinaram com o imunizante da Janssen tomem uma dose de refor\u00e7o entre dois e seis meses ap\u00f3s a<a class=\"moretag\" href=\"http:\/\/sindiquimicabr.com.br\/index.php\/2021\/11\/26\/ministerio-da-saude-recomenda-dose-de-reforco-da-janssen\/\"> [&#8230;]<\/a><\/p>\n","protected":false},"author":2,"featured_media":12573,"comment_status":"closed","ping_status":"closed","sticky":false,"template":"","format":"standard","meta":[],"categories":[2],"tags":[],"_links":{"self":[{"href":"http:\/\/sindiquimicabr.com.br\/index.php\/wp-json\/wp\/v2\/posts\/12570"}],"collection":[{"href":"http:\/\/sindiquimicabr.com.br\/index.php\/wp-json\/wp\/v2\/posts"}],"about":[{"href":"http:\/\/sindiquimicabr.com.br\/index.php\/wp-json\/wp\/v2\/types\/post"}],"author":[{"embeddable":true,"href":"http:\/\/sindiquimicabr.com.br\/index.php\/wp-json\/wp\/v2\/users\/2"}],"replies":[{"embeddable":true,"href":"http:\/\/sindiquimicabr.com.br\/index.php\/wp-json\/wp\/v2\/comments?post=12570"}],"version-history":[{"count":2,"href":"http:\/\/sindiquimicabr.com.br\/index.php\/wp-json\/wp\/v2\/posts\/12570\/revisions"}],"predecessor-version":[{"id":12574,"href":"http:\/\/sindiquimicabr.com.br\/index.php\/wp-json\/wp\/v2\/posts\/12570\/revisions\/12574"}],"wp:featuredmedia":[{"embeddable":true,"href":"http:\/\/sindiquimicabr.com.br\/index.php\/wp-json\/wp\/v2\/media\/12573"}],"wp:attachment":[{"href":"http:\/\/sindiquimicabr.com.br\/index.php\/wp-json\/wp\/v2\/media?parent=12570"}],"wp:term":[{"taxonomy":"category","embeddable":true,"href":"http:\/\/sindiquimicabr.com.br\/index.php\/wp-json\/wp\/v2\/categories?post=12570"},{"taxonomy":"post_tag","embeddable":true,"href":"http:\/\/sindiquimicabr.com.br\/index.php\/wp-json\/wp\/v2\/tags?post=12570"}],"curies":[{"name":"wp","href":"https:\/\/api.w.org\/{rel}","templated":true}]}}