{"id":12583,"date":"2021-11-29T11:13:44","date_gmt":"2021-11-29T11:13:44","guid":{"rendered":"http:\/\/sindiquimicabr.com.br\/?p=12583"},"modified":"2021-11-29T11:16:16","modified_gmt":"2021-11-29T11:16:16","slug":"omicron-representa-um-risco-global-muito-elevado-adverte-a-oms","status":"publish","type":"post","link":"http:\/\/sindiquimicabr.com.br\/index.php\/2021\/11\/29\/omicron-representa-um-risco-global-muito-elevado-adverte-a-oms\/","title":{"rendered":"\u00d4micron representa um risco global &#8220;muito elevado&#8221;, adverte a OMS"},"content":{"rendered":"<h4 class=\"news-subheadline\" style=\"text-align: justify;\">A organiza\u00e7\u00e3o das Na\u00e7\u00f5es Unidas sublinha que os surtos desta variante podem ter &#8220;consequ\u00eancias graves&#8221; em algumas regi\u00f5es.<\/h4>\n<p style=\"text-align: justify;\"><a href=\"http:\/\/sindiquimicabr.com.br\/wp\/wp-content\/uploads\/2021\/11\/Omicron-representa-um-risco-global-muito-elevado-adverte-a-OMS.jpg\"><img decoding=\"async\" loading=\"lazy\" class=\"alignleft size-full wp-image-12588\" src=\"http:\/\/sindiquimicabr.com.br\/wp\/wp-content\/uploads\/2021\/11\/Omicron-representa-um-risco-global-muito-elevado-adverte-a-OMS.jpg\" alt=\"\" width=\"1920\" height=\"1080\" srcset=\"http:\/\/sindiquimicabr.com.br\/wp\/wp-content\/uploads\/2021\/11\/Omicron-representa-um-risco-global-muito-elevado-adverte-a-OMS.jpg 1920w, http:\/\/sindiquimicabr.com.br\/wp\/wp-content\/uploads\/2021\/11\/Omicron-representa-um-risco-global-muito-elevado-adverte-a-OMS-300x169.jpg 300w, http:\/\/sindiquimicabr.com.br\/wp\/wp-content\/uploads\/2021\/11\/Omicron-representa-um-risco-global-muito-elevado-adverte-a-OMS-1024x576.jpg 1024w, http:\/\/sindiquimicabr.com.br\/wp\/wp-content\/uploads\/2021\/11\/Omicron-representa-um-risco-global-muito-elevado-adverte-a-OMS-768x432.jpg 768w, http:\/\/sindiquimicabr.com.br\/wp\/wp-content\/uploads\/2021\/11\/Omicron-representa-um-risco-global-muito-elevado-adverte-a-OMS-1536x864.jpg 1536w\" sizes=\"(max-width: 1920px) 100vw, 1920px\" \/><\/a><\/p>\n<p style=\"text-align: justify;\"><span class=\"news_capital_letter\">A<\/span> Organiza\u00e7\u00e3o Mundial da Sa\u00fade (OMS) declarou, nesta segunda-feira, 29, que o risco global relacionado \u00e0 variante \u00d4micron do coronav\u00edrus \u00e9 &#8220;muito alto&#8221;, dadas as possibilidades de que a cepa escape \u00e0 prote\u00e7\u00e3o das vacinas dispon\u00edveis e tenha &#8220;vantagens&#8221; na transmissibilidade. &#8220;Dependendo dessas caracter\u00edsticas, pode haver surtos futuros de covid-19, que podem ter consequ\u00eancias graves, dependendo de uma s\u00e9rie de fatores, incluindo os lugares onde esses picos podem ocorrer&#8221;, explicou a entidade, em relat\u00f3rio t\u00e9cnico.<\/p>\n<p style=\"text-align: justify;\">A OMS ressaltou que a cepa, caracterizada como &#8220;variante de preocupa\u00e7\u00e3o&#8221; na sexta-feira, tem at\u00e9 36 muta\u00e7\u00f5es na prote\u00edna S (&#8220;spike&#8221; ou esp\u00edcula), usada pelo v\u00edrus como ve\u00edculo de liga\u00e7\u00e3o com as c\u00e9lulas humanas. Segundo a Organiza\u00e7\u00e3o, essa caracter\u00edstica \u00e9 &#8220;preocupante&#8221; porque tem potencial de reduzir a efic\u00e1cia dos imunizantes.<\/p>\n<p style=\"text-align: justify;\">O organismo sanit\u00e1rio, contudo, destaca que ainda h\u00e1 incertezas em rela\u00e7\u00e3o \u00e0 efetividade das vacinas, o n\u00edvel de transmissibilidade da variante e a capacidade dela de causar casos graves da covid-19.<\/p>\n<p style=\"text-align: justify;\">A OMS exorta a comunidade internacional a acelerar a campanha de vacina\u00e7\u00e3o, especialmente entre os grupos mais vulner\u00e1veis, e preparem os sistemas de sa\u00fade.<\/p>\n<p style=\"text-align: justify;\">&#8220;O uso de m\u00e1scaras, distanciamento f\u00edsico, ventila\u00e7\u00e3o do espa\u00e7o interno, preven\u00e7\u00e3o de multid\u00e3o e higiene das m\u00e3os continuam fundamentais para reduzir a transmiss\u00e3o do SARS CoV-2, mesmo com o surgimento da variante \u00d4micron&#8221;, reitera a OMS.<\/p>\n<p style=\"text-align: justify;\">Fonte: <a href=\"https:\/\/www.noticiasaominuto.com.br\/mundo\/1864464\/omicron-representa-um-risco-global-muito-elevado-adverte-a-oms\" target=\"_blank\" rel=\"noopener\">Not\u00edcias ao Minuto<\/a><\/p>\n","protected":false},"excerpt":{"rendered":"<p>A organiza\u00e7\u00e3o das Na\u00e7\u00f5es Unidas sublinha que os surtos desta variante podem ter &#8220;consequ\u00eancias graves&#8221; em algumas regi\u00f5es. A Organiza\u00e7\u00e3o Mundial da Sa\u00fade (OMS) declarou, nesta segunda-feira, 29, que o risco global relacionado \u00e0 variante \u00d4micron do coronav\u00edrus \u00e9 &#8220;muito alto&#8221;, dadas as possibilidades de que a cepa escape \u00e0 prote\u00e7\u00e3o das vacinas dispon\u00edveis e<a class=\"moretag\" href=\"http:\/\/sindiquimicabr.com.br\/index.php\/2021\/11\/29\/omicron-representa-um-risco-global-muito-elevado-adverte-a-oms\/\"> [&#8230;]<\/a><\/p>\n","protected":false},"author":2,"featured_media":12588,"comment_status":"closed","ping_status":"closed","sticky":false,"template":"","format":"standard","meta":[],"categories":[9],"tags":[],"_links":{"self":[{"href":"http:\/\/sindiquimicabr.com.br\/index.php\/wp-json\/wp\/v2\/posts\/12583"}],"collection":[{"href":"http:\/\/sindiquimicabr.com.br\/index.php\/wp-json\/wp\/v2\/posts"}],"about":[{"href":"http:\/\/sindiquimicabr.com.br\/index.php\/wp-json\/wp\/v2\/types\/post"}],"author":[{"embeddable":true,"href":"http:\/\/sindiquimicabr.com.br\/index.php\/wp-json\/wp\/v2\/users\/2"}],"replies":[{"embeddable":true,"href":"http:\/\/sindiquimicabr.com.br\/index.php\/wp-json\/wp\/v2\/comments?post=12583"}],"version-history":[{"count":2,"href":"http:\/\/sindiquimicabr.com.br\/index.php\/wp-json\/wp\/v2\/posts\/12583\/revisions"}],"predecessor-version":[{"id":12589,"href":"http:\/\/sindiquimicabr.com.br\/index.php\/wp-json\/wp\/v2\/posts\/12583\/revisions\/12589"}],"wp:featuredmedia":[{"embeddable":true,"href":"http:\/\/sindiquimicabr.com.br\/index.php\/wp-json\/wp\/v2\/media\/12588"}],"wp:attachment":[{"href":"http:\/\/sindiquimicabr.com.br\/index.php\/wp-json\/wp\/v2\/media?parent=12583"}],"wp:term":[{"taxonomy":"category","embeddable":true,"href":"http:\/\/sindiquimicabr.com.br\/index.php\/wp-json\/wp\/v2\/categories?post=12583"},{"taxonomy":"post_tag","embeddable":true,"href":"http:\/\/sindiquimicabr.com.br\/index.php\/wp-json\/wp\/v2\/tags?post=12583"}],"curies":[{"name":"wp","href":"https:\/\/api.w.org\/{rel}","templated":true}]}}