{"id":12609,"date":"2021-11-30T11:22:11","date_gmt":"2021-11-30T11:22:11","guid":{"rendered":"http:\/\/sindiquimicabr.com.br\/?p=12609"},"modified":"2021-11-30T11:22:48","modified_gmt":"2021-11-30T11:22:48","slug":"com-variante-e-nova-onda-na-europa-cidades-cancelam-festas-de-reveillon","status":"publish","type":"post","link":"http:\/\/sindiquimicabr.com.br\/index.php\/2021\/11\/30\/com-variante-e-nova-onda-na-europa-cidades-cancelam-festas-de-reveillon\/","title":{"rendered":"Com variante e nova onda na Europa, cidades cancelam festas de r\u00e9veillon"},"content":{"rendered":"<h4 class=\"news-subheadline\">A descoberta da nova cepa do v\u00edrus impulsionou os planos de evitar aglomera\u00e7\u00f5es, que j\u00e1 ocorriam ao longo do m\u00eas &#8211; mais de 70 munic\u00edpios paulistas j\u00e1 haviam desistido do carnaval, entre elas S\u00e3o Luiz do Paraitinga. Guaruj\u00e1 entrou na lista ontem<\/h4>\n<div class=\"news-main-image \"><picture><source srcset=\"https:\/\/media-manager.noticiasaominuto.com.br\/640\/naom_61a607a8d9da8.jpg\" media=\"(max-width: 640px)\"><source srcset=\"https:\/\/media-manager.noticiasaominuto.com.br\/960\/naom_61a607a8d9da8.jpg\" media=\"(max-width: 960px)\"><img decoding=\"async\" class=\"img-responsive \" src=\"https:\/\/media-manager.noticiasaominuto.com.br\/1920\/naom_61a607a8d9da8.jpg\" alt=\"Com variante e nova onda na Europa, cidades cancelam festas de r\u00e9veillon\"> <\/picture><\/div>\n<div class=\"row\">\n<div class=\"col-lg-12 col-md-12 col-sm-6 col-xs-6\">\n<p class=\"news-main-image-copyright text-left\">\n<\/div>\n<\/div>\n<div class=\"row news-main-text-container\">\n<div class=\"col-lg-12 col-md-12 col-sm-12 col-xs-12\">\n<div class=\"news-main-text\">\n<p style=\"text-align: justify;\"><span class=\"news_capital_letter\">C<\/span>om a quarta onda da covid-19 na Europa e o avan\u00e7o da variante \u00d4micron, governos t\u00eam cancelado festas de r\u00e9veillon pelo Brasil. Salvador, Fortaleza, Florian\u00f3polis, Jo\u00e3o Pessoa e Belo Horizonte s\u00e3o exemplos de cidades que cancelaram eventos p\u00fablicos de ano-novo. A descoberta da nova cepa do v\u00edrus impulsionou os planos de evitar aglomera\u00e7\u00f5es, que j\u00e1 ocorriam ao longo do m\u00eas &#8211; mais de 70 munic\u00edpios paulistas j\u00e1 haviam desistido do carnaval, entre elas S\u00e3o Luiz do Paraitinga. Guaruj\u00e1 entrou na lista ontem.<\/p>\n<p style=\"text-align: justify;\">A Organiza\u00e7\u00e3o Mundial da Sa\u00fade (OMS) enviou aos governos ontem alerta em que aponta risco global &#8220;muito alto&#8221; da \u00d4micron. Mas destacou haver poucas evid\u00eancias concretas sobre se a nova cepa \u00e9 mais transmiss\u00edvel ou escapa das vacinas. No Brasil, h\u00e1 dois casos suspeitos em investiga\u00e7\u00e3o: um homem vindo da \u00c1frica do Sul, que chegou em Guarulhos, e uma mulher vinda do Congo, que buscou atendimento m\u00e9dico em Belo Horizonte.<\/p>\n<p style=\"text-align: justify;\">&#8220;Diante da chegada de uma nova variante do coronav\u00edrus e do aumento de casos na Europa, estou tomando a decis\u00e3o de cancelar o Virada Salvador deste ano&#8221;, escreveu o prefeito soteropolitano, Bruno Reis (DEM), nas redes sociais. O evento costuma reunir mais de 250 mil pessoas. Reis prev\u00ea adiar ao m\u00e1ximo a decis\u00e3o sobre o carnaval &#8211; ele quer bater o martelo com o governador baiano, Rui Costa (PT). Pressionado por empres\u00e1rios do setor, Costa j\u00e1 sinalizou cautela. &#8220;Pa\u00edses est\u00e3o fechando cidades quando aparecem cinco casos&#8221;, disse, no dia 18.<\/p>\n<p style=\"text-align: justify;\">Na sexta, o governo do Cear\u00e1 informou o cancelamento da tradicional Festa da Virada, na Praia de Iracema, em Fortaleza. &#8220;At\u00e9 chegamos a considerar a possibilidade de realizar nossa tradicional festa da virada, se a situa\u00e7\u00e3o permitisse&#8221;, disse o prefeito Jos\u00e9 Sarto (PDT). &#8220;O cen\u00e1rio internacional \u00e9 preocupante.&#8221;<\/p>\n<p style=\"text-align: justify;\">Florian\u00f3polis vai ter queima de fogos, mas n\u00e3o shows musicais. Por outro lado, a capital catarinense prev\u00ea festividades natalinas, com p\u00fablico. O Estado suspendeu a exig\u00eancia de m\u00e1scaras em local aberto desde a semana passada.<\/p>\n<p style=\"text-align: justify;\">Jo\u00e3o Pessoa cancelou a festa, mas o acesso \u00e0s praias est\u00e1 liberado. Belo Horizonte disse n\u00e3o planejar festa p\u00fablica de r\u00e9veillon. Guaruj\u00e1, que j\u00e1 havia cancelado a virada, decidiu ontem suspender o carnaval.<\/p>\n<p style=\"text-align: justify;\"><strong>MAIS ESTADOS<\/strong><\/p>\n<p style=\"text-align: justify;\">A Prefeitura de S\u00e3o Paulo informou, em nota, que &#8220;o r\u00e9veillon (na Avenida Paulista) j\u00e1 est\u00e1 sendo planejado e a realiza\u00e7\u00e3o do evento est\u00e1 condicionada ao quadro epidemiol\u00f3gico&#8221;. Afirmou ainda que, na primeira semana de dezembro, ser\u00e3o apresentados dados para guiar a decis\u00e3o sobre o uso de m\u00e1scara ao ar livre. Na semana passada, o Estado disse prever o fim da exig\u00eancia no dia 11, mas as prefeituras podem ser mais restritivas.<\/p>\n<p style=\"text-align: justify;\">A decis\u00e3o sobre o carnaval do paulistano tamb\u00e9m continua em aberto. Ontem, a Prefeitura informou ter aprovado 440 blocos de rua, mas a confirma\u00e7\u00e3o do evento s\u00f3 deve ocorrer no fim deste m\u00eas.<\/p>\n<p style=\"text-align: justify;\">No Rio, o secret\u00e1rio estadual da Sa\u00fade, Alexandre Chieppe, afirmou que a nova variante &#8220;em nada altera o plano do Estado&#8221;. Os planos de carnaval e r\u00e9veillon, assim como o acesso de turistas, est\u00e3o mantidos at\u00e9 que, porventura, seja identificado &#8220;algum fato novo ou informa\u00e7\u00e3o de risco&#8221;.<\/p>\n<p style=\"text-align: justify;\">Paulo Ziulkoski, presidente da Confedera\u00e7\u00e3o Nacional dos Munic\u00edpios (CNM) diz que, com ou sem \u00d4micron, &#8220;todos que puderem suspender aglomera\u00e7\u00f5es&#8221; devem adotar a medida. &#8220;N\u00e3o podemos baixar a guarda&#8221;, defende. Levantamento da CNM, feito de 16 a 19 de novembro, aponta que, de 2.362 gestores ouvidos, 97,8% pretendiam continuar com a m\u00e1scara obrigat\u00f3ria em locais privados e 88,6% disseram mant\u00ea-la em espa\u00e7os p\u00fablicos. (Colaboraram Bruno Luiz e Sofia Aguiar)<\/p>\n<p style=\"text-align: justify;\">As informa\u00e7\u00f5es s\u00e3o do jornal <strong>O Estado de S. Paulo.<\/strong><\/p>\n<\/div>\n<\/div>\n<p>Fonte: <a href=\"https:\/\/www.noticiasaominuto.com.br\/ultima-hora\/1864766\/com-variante-e-nova-onda-na-europa-cidades-cancelam-festas-de-reveillon\">Noticias ao Minuto<\/a><\/p>\n<\/div>\n","protected":false},"excerpt":{"rendered":"<p>A descoberta da nova cepa do v\u00edrus impulsionou os planos de evitar aglomera\u00e7\u00f5es, que j\u00e1 ocorriam ao longo do m\u00eas &#8211; mais de 70 munic\u00edpios paulistas j\u00e1 haviam desistido do carnaval, entre elas S\u00e3o Luiz do Paraitinga. Guaruj\u00e1 entrou na lista ontem Com a quarta onda da covid-19 na Europa e o avan\u00e7o da variante<a class=\"moretag\" href=\"http:\/\/sindiquimicabr.com.br\/index.php\/2021\/11\/30\/com-variante-e-nova-onda-na-europa-cidades-cancelam-festas-de-reveillon\/\"> [&#8230;]<\/a><\/p>\n","protected":false},"author":2,"featured_media":12610,"comment_status":"closed","ping_status":"closed","sticky":false,"template":"","format":"standard","meta":[],"categories":[10],"tags":[],"_links":{"self":[{"href":"http:\/\/sindiquimicabr.com.br\/index.php\/wp-json\/wp\/v2\/posts\/12609"}],"collection":[{"href":"http:\/\/sindiquimicabr.com.br\/index.php\/wp-json\/wp\/v2\/posts"}],"about":[{"href":"http:\/\/sindiquimicabr.com.br\/index.php\/wp-json\/wp\/v2\/types\/post"}],"author":[{"embeddable":true,"href":"http:\/\/sindiquimicabr.com.br\/index.php\/wp-json\/wp\/v2\/users\/2"}],"replies":[{"embeddable":true,"href":"http:\/\/sindiquimicabr.com.br\/index.php\/wp-json\/wp\/v2\/comments?post=12609"}],"version-history":[{"count":1,"href":"http:\/\/sindiquimicabr.com.br\/index.php\/wp-json\/wp\/v2\/posts\/12609\/revisions"}],"predecessor-version":[{"id":12611,"href":"http:\/\/sindiquimicabr.com.br\/index.php\/wp-json\/wp\/v2\/posts\/12609\/revisions\/12611"}],"wp:featuredmedia":[{"embeddable":true,"href":"http:\/\/sindiquimicabr.com.br\/index.php\/wp-json\/wp\/v2\/media\/12610"}],"wp:attachment":[{"href":"http:\/\/sindiquimicabr.com.br\/index.php\/wp-json\/wp\/v2\/media?parent=12609"}],"wp:term":[{"taxonomy":"category","embeddable":true,"href":"http:\/\/sindiquimicabr.com.br\/index.php\/wp-json\/wp\/v2\/categories?post=12609"},{"taxonomy":"post_tag","embeddable":true,"href":"http:\/\/sindiquimicabr.com.br\/index.php\/wp-json\/wp\/v2\/tags?post=12609"}],"curies":[{"name":"wp","href":"https:\/\/api.w.org\/{rel}","templated":true}]}}