{"id":12629,"date":"2021-11-30T12:03:42","date_gmt":"2021-11-30T12:03:42","guid":{"rendered":"http:\/\/sindiquimicabr.com.br\/?p=12629"},"modified":"2021-11-30T12:19:54","modified_gmt":"2021-11-30T12:19:54","slug":"governador-do-rio-viaja-hoje-para-brasilia-para-falar-sobre-nova-variante-do-coronavirus","status":"publish","type":"post","link":"http:\/\/sindiquimicabr.com.br\/index.php\/2021\/11\/30\/governador-do-rio-viaja-hoje-para-brasilia-para-falar-sobre-nova-variante-do-coronavirus\/","title":{"rendered":"Governador do Rio viaja hoje para Bras\u00edlia para falar sobre nova variante do coronav\u00edrus"},"content":{"rendered":"<p><img decoding=\"async\" loading=\"lazy\" class=\"alignleft\" src=\"https:\/\/extra.globo.com\/incoming\/25298636-e8b-a55\/w640h360-PROP\/xinfochpdpict000095829330.jpg.pagespeed.ic.EvOkw7bdSz.jpg\" alt=\"Castro quer que haja precau\u00e7\u00f5es\" width=\"640\" height=\"360\" \/><\/p>\n<p style=\"text-align: justify;\">As autoridades do Rio <strong>come\u00e7am a se preparar para enfrentar uma eventual chegada da variante \u00d4micron <\/strong>do coronav\u00edrus. A Secretaria estadual de Sa\u00fade (SES) anunciou ontem que far\u00e1 o sequenciamento gen\u00f4mico de amostras de pessoas vindas de outros pa\u00edses que apresentarem sintomas de Covid-19. J\u00e1 a prefeitura estuda uma medida para que hot\u00e9is exijam o \u201cpassaporte da vacina\u201d de todos os h\u00f3spedes. O governador <strong>Cl\u00e1udio Castro viaja hoje<\/strong> para discutir o assunto com autoridades de Bras\u00edlia.<\/p>\n<p style=\"text-align: justify;\">At\u00e9 agora, nenhum caso suspeito da nova cepa foi identificado no Rio. Segundo o secret\u00e1rio estadual de Sa\u00fade, Alexandre Chieppe, todos os munic\u00edpios fluminenses receberiam ontem a orienta\u00e7\u00e3o de monitorar viajantes que venham a procurar atendimento na rede de sa\u00fade com sintomas de Covid-19. Se algum paciente com esse perfil for identificado, ele ter\u00e1 sua amostra colhida e enviada para a Rede Corona-\u00d4mica, estudo respons\u00e1vel pela maior parte das an\u00e1lises de sequenciamento gen\u00e9tico do SARS-Cov-2 no Rio.<\/p>\n<p style=\"text-align: justify;\">\u2014 A nossa busca acontecer\u00e1 pela rede de sa\u00fade. Qualquer pessoa com sintomas que tenha vindo de fora ser\u00e1 testada \u2014 diz Chieppe: \u2014 O Minist\u00e9rio da Sa\u00fade j\u00e1 definiu os voos impossibilitados de vir para o Brasil. No Rio, faremos o monitoramento gen\u00e9tico.<\/p>\n<p style=\"text-align: justify;\">O secret\u00e1rio diz ainda que aguarda mais dados sobre a \u00d4micron para tra\u00e7ar proje\u00e7\u00f5es para o seu poss\u00edvel impacto no panorama epidemiol\u00f3gico do Rio:<\/p>\n<p style=\"text-align: justify;\">\u2014 Ainda h\u00e1 muitas incertezas sobre essa nova variante. N\u00e3o sabemos se ela tem capacidade de se disseminar num pa\u00eds com a taxa de vacina\u00e7\u00e3o t\u00e3o alta como a do Brasil. O que sabemos \u00e9 que no estado ainda n\u00e3o vimos nada de diferente em rela\u00e7\u00e3o \u00e0 Covid-19. Os indicadores est\u00e3o muito tranquilos; a taxa de ocupa\u00e7\u00e3o dos hospitais est\u00e1 em 7%.<\/p>\n<p style=\"text-align: justify;\">Ao analisar os n\u00fameros da pandemia na capital, o comit\u00ea cient\u00edfico da prefeitura deu o aval para a realiza\u00e7\u00e3o do rev\u00e9illon.<\/p>\n<p style=\"text-align: justify;\">\u2014 O ideal seria ter a exig\u00eancia para o comprovante vacinal no desembarque no pa\u00eds. Mas o governo federal n\u00e3o implementou essa medida ainda \u2014 diz infectologista Alberto Chebabo, da Universidade Federal do Rio de Janeiro e membro do comit\u00ea.<\/p>\n<p style=\"text-align: justify;\">Uma nova reuni\u00e3o do comit\u00ea est\u00e1 marcada para o dia 20 de dezembro, quando v\u00e3o discutir o cen\u00e1rio epidemiol\u00f3gico a poucos da virada do ano. A data pode ser antecipada caso a situa\u00e7\u00e3o mude.<\/p>\n<p style=\"text-align: justify;\">Eduardo Paes foi ontem \u00e0s redes sociais para dizer que o planejamento das festas est\u00e1 mantido, mas os n\u00fameros da pandemia \u00e9 que v\u00e3o ditar os rumos dos eventos. Ele fez ainda um apelo \u00e0 popula\u00e7\u00e3o para que n\u00e3o deixe de se vacinar. Todos acima de 12 anos j\u00e1 deveriam ter completado o esquema vacinal na capital, e quem tem 59 anos j\u00e1 pode tomar a terceira dose esta semana. No entanto, aqueles que receberam a dose \u00fanica da Janssen h\u00e1 mais de cinco meses tiveram dificuldades ontem para receber o refor\u00e7o com a Pfizer porque muitos postos n\u00e3o sabiam da orienta\u00e7\u00e3o da Secretaria municipal de Sa\u00fade. O \u00f3rg\u00e3o informou que o problema de comunica\u00e7\u00e3o j\u00e1 foi solucionado. J\u00e1 Cl\u00e1udio Castro disse que est\u00e1 conversando com os prefeitos fluminenses sobre o rev\u00e9illon para tomar uma decis\u00e3o em conjunto com os munic\u00edpios.<\/p>\n<p style=\"text-align: justify;\">\u2014 N\u00e3o \u00e9 hora de falar de carnaval. A hora \u00e9 de olhar para o r\u00e9veillon. Na fotografia de hoje, n\u00e3o h\u00e1 desespero (para evitar a festa). Vou a Bras\u00edlia para entender o que eles est\u00e3o pensando. O Rio \u00e9 a porta de entrada para o pa\u00eds. O meu estado \u00e9 primeiro a ser impactado por qualquer nova cepa. Temos que estar bem preparado para isso \u2014 destacou.<\/p>\n<p style=\"text-align: justify;\">Com a amea\u00e7a da variante da \u00c1frica, que j\u00e1 chegou a cinco continentes, o Estado do Rio decidiu manter o uso de m\u00e1scaras em locais fechados:<\/p>\n<p style=\"text-align: justify;\">\u2014 Estamos olhando para a cepa, que preocupa, e por hora n\u00e3o h\u00e1 sinaliza\u00e7\u00f5es dos t\u00e9cnicos para debater novas flexibiliza\u00e7\u00f5es.<\/p>\n<p style=\"text-align: justify;\">\n<p>Fonte: <a href=\"https:\/\/extra.globo.com\/noticias\/coronavirus\/governador-do-rio-viaja-hoje-para-brasilia-para-falar-sobre-nova-variante-do-coronavirus-rv1-1-25298637.html\">Extra<\/a><\/p>\n","protected":false},"excerpt":{"rendered":"<p>As autoridades do Rio come\u00e7am a se preparar para enfrentar uma eventual chegada da variante \u00d4micron do coronav\u00edrus. A Secretaria estadual de Sa\u00fade (SES) anunciou ontem que far\u00e1 o sequenciamento gen\u00f4mico de amostras de pessoas vindas de outros pa\u00edses que apresentarem sintomas de Covid-19. J\u00e1 a prefeitura estuda uma medida para que hot\u00e9is exijam o<a class=\"moretag\" href=\"http:\/\/sindiquimicabr.com.br\/index.php\/2021\/11\/30\/governador-do-rio-viaja-hoje-para-brasilia-para-falar-sobre-nova-variante-do-coronavirus\/\"> [&#8230;]<\/a><\/p>\n","protected":false},"author":2,"featured_media":12630,"comment_status":"closed","ping_status":"closed","sticky":false,"template":"","format":"standard","meta":[],"categories":[2],"tags":[],"_links":{"self":[{"href":"http:\/\/sindiquimicabr.com.br\/index.php\/wp-json\/wp\/v2\/posts\/12629"}],"collection":[{"href":"http:\/\/sindiquimicabr.com.br\/index.php\/wp-json\/wp\/v2\/posts"}],"about":[{"href":"http:\/\/sindiquimicabr.com.br\/index.php\/wp-json\/wp\/v2\/types\/post"}],"author":[{"embeddable":true,"href":"http:\/\/sindiquimicabr.com.br\/index.php\/wp-json\/wp\/v2\/users\/2"}],"replies":[{"embeddable":true,"href":"http:\/\/sindiquimicabr.com.br\/index.php\/wp-json\/wp\/v2\/comments?post=12629"}],"version-history":[{"count":2,"href":"http:\/\/sindiquimicabr.com.br\/index.php\/wp-json\/wp\/v2\/posts\/12629\/revisions"}],"predecessor-version":[{"id":12632,"href":"http:\/\/sindiquimicabr.com.br\/index.php\/wp-json\/wp\/v2\/posts\/12629\/revisions\/12632"}],"wp:featuredmedia":[{"embeddable":true,"href":"http:\/\/sindiquimicabr.com.br\/index.php\/wp-json\/wp\/v2\/media\/12630"}],"wp:attachment":[{"href":"http:\/\/sindiquimicabr.com.br\/index.php\/wp-json\/wp\/v2\/media?parent=12629"}],"wp:term":[{"taxonomy":"category","embeddable":true,"href":"http:\/\/sindiquimicabr.com.br\/index.php\/wp-json\/wp\/v2\/categories?post=12629"},{"taxonomy":"post_tag","embeddable":true,"href":"http:\/\/sindiquimicabr.com.br\/index.php\/wp-json\/wp\/v2\/tags?post=12629"}],"curies":[{"name":"wp","href":"https:\/\/api.w.org\/{rel}","templated":true}]}}