{"id":12640,"date":"2021-12-01T11:15:59","date_gmt":"2021-12-01T11:15:59","guid":{"rendered":"http:\/\/sindiquimicabr.com.br\/?p=12640"},"modified":"2021-12-01T11:18:51","modified_gmt":"2021-12-01T11:18:51","slug":"anvisa-anuncia-2-casos-de-variante-omicron-no-brasil","status":"publish","type":"post","link":"http:\/\/sindiquimicabr.com.br\/index.php\/2021\/12\/01\/anvisa-anuncia-2-casos-de-variante-omicron-no-brasil\/","title":{"rendered":"Anvisa anuncia 2 casos de variante \u00f4micron no Brasil"},"content":{"rendered":"<h4 class=\"news-subheadline\" style=\"text-align: justify;\">A entrada do passageiro no Brasil ocorreu antes da notifica\u00e7\u00e3o mundial sobre a identifica\u00e7\u00e3o da nova variante, que foi relatada pela primeira vez \u00e0 OMS (Organiza\u00e7\u00e3o Mundial da Sa\u00fade) pela \u00c1frica do Sul no dia 25, quinta passada<\/h4>\n<p style=\"text-align: justify;\"><a href=\"http:\/\/sindiquimicabr.com.br\/wp\/wp-content\/uploads\/2021\/12\/Anvisa-anuncia-2-casos-de-variante-omicron-no-Brasil.jpg\"><img decoding=\"async\" loading=\"lazy\" class=\"alignleft size-full wp-image-12642\" src=\"http:\/\/sindiquimicabr.com.br\/wp\/wp-content\/uploads\/2021\/12\/Anvisa-anuncia-2-casos-de-variante-omicron-no-Brasil.jpg\" alt=\"\" width=\"1920\" height=\"1080\" srcset=\"http:\/\/sindiquimicabr.com.br\/wp\/wp-content\/uploads\/2021\/12\/Anvisa-anuncia-2-casos-de-variante-omicron-no-Brasil.jpg 1920w, http:\/\/sindiquimicabr.com.br\/wp\/wp-content\/uploads\/2021\/12\/Anvisa-anuncia-2-casos-de-variante-omicron-no-Brasil-300x169.jpg 300w, http:\/\/sindiquimicabr.com.br\/wp\/wp-content\/uploads\/2021\/12\/Anvisa-anuncia-2-casos-de-variante-omicron-no-Brasil-1024x576.jpg 1024w, http:\/\/sindiquimicabr.com.br\/wp\/wp-content\/uploads\/2021\/12\/Anvisa-anuncia-2-casos-de-variante-omicron-no-Brasil-768x432.jpg 768w, http:\/\/sindiquimicabr.com.br\/wp\/wp-content\/uploads\/2021\/12\/Anvisa-anuncia-2-casos-de-variante-omicron-no-Brasil-1536x864.jpg 1536w\" sizes=\"(max-width: 1920px) 100vw, 1920px\" \/><\/a><\/p>\n<p style=\"text-align: justify;\"><span class=\"news_capital_letter\">B<\/span>RAS\u00cdLIA, DF (FOLHAPRESS) &#8211; A Anvisa (Ag\u00eancia Nacional de Vigil\u00e2ncia Sanit\u00e1ria) anunciou na tarde desta ter\u00e7a-feira (30) que a variante \u00f4micron foi identificada no Brasil.<\/p>\n<p style=\"text-align: justify;\">A ag\u00eancia reguladora federal afirmou que as amostras coletadas de dois brasileiros que preliminarmente receberam resultado positivo para a nova cepa da Covid passar\u00e1 por uma nova an\u00e1lise laboratorial.<br \/>\nO procedimento ser\u00e1 adotado para confirmar o diagn\u00f3stico para a variante \u00f4micron do novo coronav\u00edrus. Os primeiros resultados foram notificados pelo laborat\u00f3rio Albert Einstein, em S\u00e3o Paulo.<\/p>\n<p style=\"text-align: justify;\">De acordo com os protocolos nacionais, o material foi ent\u00e3o enviado ao Instituto Adolfo Lutz, em S\u00e3o Paulo, para fins de confirma\u00e7\u00e3o do sequenciamento gen\u00e9tico do v\u00edrus.<\/p>\n<p style=\"text-align: justify;\">Os exames s\u00e3o de um homem brasileiro, de 41 anos, que vive na \u00c1frica do Sul -pa\u00eds onde a \u00f4micron foi identificada pela primeira vez- e de sua mulher, de 37 anos.<\/p>\n<p style=\"text-align: justify;\">De acordo com a Secretaria Municipal da Sa\u00fade da capital paulista, o casal est\u00e1 em acompanhamento domiciliar. Eles est\u00e3o em visita ao Brasil.<\/p>\n<p style=\"text-align: justify;\">Segundo informa\u00e7\u00f5es da Anvisa, o passageiro desembarcou em Guarulhos no dia 23 de novembro, vindo da \u00c1frica do Sul, com teste RT-PCR negativo.<\/p>\n<p style=\"text-align: justify;\">Para se preparar para a viagem de volta, no entanto, ele procurou uma unidade do laborat\u00f3rio do hospital Albert Einstein, localizado no terminal, no dia 25 de novembro, na companhia da mulher.<\/p>\n<p style=\"text-align: justify;\">Nos testes daquele dia, ambos receberam diagn\u00f3stico positivo para a Covid-19. O resultado ent\u00e3o foi notificado ao Cievs-SP (Centro de Informa\u00e7\u00f5es Estrat\u00e9gicas em Vigil\u00e2ncia em Sa\u00fade de S\u00e3o Paulo), um \u00f3rg\u00e3o estadual.<\/p>\n<p style=\"text-align: justify;\">Diante dos resultados positivos, o Albert Einstein adotou a iniciativa de realizar o sequenciamento gen\u00e9tico das amostras.<\/p>\n<p style=\"text-align: justify;\">O laborat\u00f3rio notificou a Anvisa nesta segunda-feira (29) sobre os resultados positivos dos testes. No mesmo dia foi dado in\u00edcio dos procedimentos para sequenciamento gen\u00e9tico.<\/p>\n<p style=\"text-align: justify;\">Nesta ter\u00e7a, o Albert Einstein ent\u00e3o informou \u00e0 ag\u00eancia federal que, nas an\u00e1lises pr\u00e9vias, foi constatada a variante \u00f4micron.<\/p>\n<p style=\"text-align: justify;\">A Anvisa enviou nesta ter\u00e7a of\u00edcio ao Minist\u00e9rio da Sa\u00fade e \u00e0s secretarias de Sa\u00fade estadual e municipal de S\u00e3o Paulo sobre o resultado para ado\u00e7\u00e3o de medidas sanit\u00e1rias.<\/p>\n<p style=\"text-align: justify;\">&#8220;Diante da identifica\u00e7\u00e3o e testagem com resultado positivo para Covid-19, a Rede Cievs, ligada ao Minist\u00e9rio da Sa\u00fade, deve monitorar os casos de acordo com o sistema de vigil\u00e2ncia vigente no Brasil, para avalia\u00e7\u00e3o das condi\u00e7\u00f5es de sa\u00fade e direcionamento dos indiv\u00edduos aos servi\u00e7os de aten\u00e7\u00e3o \u00e0 sa\u00fade, bem como para ado\u00e7\u00e3o das medidas de preven\u00e7\u00e3o e controle da Covid-19&#8221;, disse a Anvisa, em nota.<\/p>\n<p style=\"text-align: justify;\">&#8220;O casal cumpre o isolamento social recomendado pela Vigil\u00e2ncia em Sa\u00fade e n\u00e3o apresenta sintomas da doen\u00e7a&#8221;, disse a Secretaria Municipal da Sa\u00fade de S\u00e3o Paulo, em nota. Funcion\u00e1rios do \u00f3rg\u00e3o foram \u00e0 resid\u00eancia onde est\u00e1 o casal nesta ter\u00e7a.<\/p>\n<p style=\"text-align: justify;\">De acordo com a nota, o \u00f3rg\u00e3o &#8220;apura os poss\u00edveis contatos de ambos para que seja poss\u00edvel fazer imediatamente o rastreamento e o monitoramento de todos, al\u00e9m de comprovar a situa\u00e7\u00e3o vacinal da fam\u00edlia&#8221;.<\/p>\n<p style=\"text-align: justify;\">A entrada do passageiro no Brasil ocorreu antes da notifica\u00e7\u00e3o mundial sobre a identifica\u00e7\u00e3o da nova variante, que foi relatada pela primeira vez \u00e0 OMS (Organiza\u00e7\u00e3o Mundial da Sa\u00fade) pela \u00c1frica do Sul no dia 25, quinta passada.<\/p>\n<p style=\"text-align: justify;\">A entrada tamb\u00e9m foi anterior \u00e0 edi\u00e7\u00e3o da portaria interministerial do governo federal, no s\u00e1bado (27), que pro\u00edbe a entrada no Brasil de quem esteve, nos \u00faltimos 14 dias, em seis pa\u00edses africanos: \u00c1frica do Sul, Botsuana, Suazil\u00e2ndia (Eswatini), Lesoto, Nam\u00edbia e Zimb\u00e1bue.\u200b<\/p>\n<p style=\"text-align: justify;\">Ainda nesta ter\u00e7a, o governo Jair Bolsonaro adiou decis\u00e3o sobre ampliar a lista de pa\u00edses sob restri\u00e7\u00e3o por causa da variante \u00f4micron. A Anvisa pediu restri\u00e7\u00f5es tamb\u00e9m a Angola, Malawi, Mo\u00e7ambique e Z\u00e2mbia.<\/p>\n<p style=\"text-align: justify;\">Em reuni\u00e3o na Casa Civil, no Pal\u00e1cio do Planalto, representantes do governo pediram mais dados \u00e0 Anvisa para decidir se atender\u00e3o o pleito do \u00f3rg\u00e3o regulador.<\/p>\n<p style=\"text-align: justify;\">Tamb\u00e9m n\u00e3o houve avan\u00e7o no debate sobre cobran\u00e7a de certificado de vacina\u00e7\u00e3o de quem chega ao Brasil. A Anvisa pede desde o dia 12 a aprova\u00e7\u00e3o do passaporte vacinal. N\u00e3o h\u00e1 nova reuni\u00e3o agendada para tratar dos temas.<\/p>\n<p style=\"text-align: justify;\">Enquanto isso, al\u00e9m desses dois registros de S\u00e3o Paulo, ainda est\u00e3o em an\u00e1lise no Brasil ao menos outros dois casos de viajantes com passagem pela \u00c1frica do Sul nos \u00faltimos dias.<\/p>\n<p style=\"text-align: justify;\">A Secretaria da Sa\u00fade do Distrito Federal monitora um homem que testou positivo para a Covid-19.<\/p>\n<p style=\"text-align: justify;\">O homem, na faixa et\u00e1ria de 40 a 49 anos, j\u00e1 recebeu tr\u00eas doses de vacina contra Covid. Ele permanece assintom\u00e1tico e est\u00e1 em isolamento domiciliar desde a chegada \u00e0 capital federal.<\/p>\n<p style=\"text-align: justify;\">Segundo a pasta, ele desembarcou em Guarulhos no dia 27 de novembro, com posterior voo para Bras\u00edlia.<\/p>\n<p style=\"text-align: justify;\">O voo que ele pegou na \u00c1frica do Sul foi o mesmo em que estava outro caso confirmado de Covid-19 identificado em S\u00e3o Paulo e encaminhado para sequenciamento gen\u00e9tico da amostra.<\/p>\n<p style=\"text-align: justify;\">Trata-se tamb\u00e9m de um homem com esquema vacinal completo. Ele estaria assintom\u00e1tico, segundo relatos, fazendo isolamento em casa, em Guarulhos.<\/p>\n<p style=\"text-align: justify;\">&#8220;O passageiro com origem da Eti\u00f3pia n\u00e3o apresentava sintomas e, por ter visitado a \u00c1frica do Sul, buscou a testagem no aeroporto de Guarulhos. Ele reside na cidade hom\u00f4nima, onde segue em isolamento desde o desembarque e \u00e9 monitorado pela vigil\u00e2ncia do munic\u00edpio&#8221;, afirmou o governo de S\u00e3o Paulo, em nota.<\/p>\n<p style=\"text-align: justify;\">Fonte: <a href=\"https:\/\/www.noticiasaominuto.com.br\/brasil\/1864974\/anvisa-anuncia-2-casos-de-variante-omicron-no-brasil\" target=\"_blank\" rel=\"noopener\">Not\u00edcias ao Minuto<\/a><\/p>\n","protected":false},"excerpt":{"rendered":"<p>A entrada do passageiro no Brasil ocorreu antes da notifica\u00e7\u00e3o mundial sobre a identifica\u00e7\u00e3o da nova variante, que foi relatada pela primeira vez \u00e0 OMS (Organiza\u00e7\u00e3o Mundial da Sa\u00fade) pela \u00c1frica do Sul no dia 25, quinta passada BRAS\u00cdLIA, DF (FOLHAPRESS) &#8211; A Anvisa (Ag\u00eancia Nacional de Vigil\u00e2ncia Sanit\u00e1ria) anunciou na tarde desta ter\u00e7a-feira (30)<a class=\"moretag\" href=\"http:\/\/sindiquimicabr.com.br\/index.php\/2021\/12\/01\/anvisa-anuncia-2-casos-de-variante-omicron-no-brasil\/\"> [&#8230;]<\/a><\/p>\n","protected":false},"author":2,"featured_media":12642,"comment_status":"closed","ping_status":"closed","sticky":false,"template":"","format":"standard","meta":[],"categories":[9],"tags":[],"_links":{"self":[{"href":"http:\/\/sindiquimicabr.com.br\/index.php\/wp-json\/wp\/v2\/posts\/12640"}],"collection":[{"href":"http:\/\/sindiquimicabr.com.br\/index.php\/wp-json\/wp\/v2\/posts"}],"about":[{"href":"http:\/\/sindiquimicabr.com.br\/index.php\/wp-json\/wp\/v2\/types\/post"}],"author":[{"embeddable":true,"href":"http:\/\/sindiquimicabr.com.br\/index.php\/wp-json\/wp\/v2\/users\/2"}],"replies":[{"embeddable":true,"href":"http:\/\/sindiquimicabr.com.br\/index.php\/wp-json\/wp\/v2\/comments?post=12640"}],"version-history":[{"count":3,"href":"http:\/\/sindiquimicabr.com.br\/index.php\/wp-json\/wp\/v2\/posts\/12640\/revisions"}],"predecessor-version":[{"id":12648,"href":"http:\/\/sindiquimicabr.com.br\/index.php\/wp-json\/wp\/v2\/posts\/12640\/revisions\/12648"}],"wp:featuredmedia":[{"embeddable":true,"href":"http:\/\/sindiquimicabr.com.br\/index.php\/wp-json\/wp\/v2\/media\/12642"}],"wp:attachment":[{"href":"http:\/\/sindiquimicabr.com.br\/index.php\/wp-json\/wp\/v2\/media?parent=12640"}],"wp:term":[{"taxonomy":"category","embeddable":true,"href":"http:\/\/sindiquimicabr.com.br\/index.php\/wp-json\/wp\/v2\/categories?post=12640"},{"taxonomy":"post_tag","embeddable":true,"href":"http:\/\/sindiquimicabr.com.br\/index.php\/wp-json\/wp\/v2\/tags?post=12640"}],"curies":[{"name":"wp","href":"https:\/\/api.w.org\/{rel}","templated":true}]}}