{"id":12651,"date":"2021-12-01T11:23:55","date_gmt":"2021-12-01T11:23:55","guid":{"rendered":"http:\/\/sindiquimicabr.com.br\/?p=12651"},"modified":"2021-12-01T11:24:56","modified_gmt":"2021-12-01T11:24:56","slug":"stf-mantem-foro-especial-de-flavio-bolsonaro-e-anula-provas-no-caso-rachadinha","status":"publish","type":"post","link":"http:\/\/sindiquimicabr.com.br\/index.php\/2021\/12\/01\/stf-mantem-foro-especial-de-flavio-bolsonaro-e-anula-provas-no-caso-rachadinha\/","title":{"rendered":"STF mant\u00e9m foro especial de Fl\u00e1vio Bolsonaro e anula provas no caso &#8216;rachadinha&#8217;"},"content":{"rendered":"<h4 class=\"news-subheadline\">A corte avalizou, por 3 votos a 1, a decis\u00e3o de junho do ano passado de retirar a investiga\u00e7\u00e3o das m\u00e3os do juiz de primeira inst\u00e2ncia Fl\u00e1vio Itabaiana<\/h4>\n<p><a href=\"http:\/\/sindiquimicabr.com.br\/wp\/wp-content\/uploads\/2021\/12\/STF.jpg\"><img decoding=\"async\" loading=\"lazy\" class=\"alignleft size-full wp-image-12653\" src=\"http:\/\/sindiquimicabr.com.br\/wp\/wp-content\/uploads\/2021\/12\/STF.jpg\" alt=\"\" width=\"826\" height=\"459\" srcset=\"http:\/\/sindiquimicabr.com.br\/wp\/wp-content\/uploads\/2021\/12\/STF.jpg 826w, http:\/\/sindiquimicabr.com.br\/wp\/wp-content\/uploads\/2021\/12\/STF-300x167.jpg 300w, http:\/\/sindiquimicabr.com.br\/wp\/wp-content\/uploads\/2021\/12\/STF-768x427.jpg 768w\" sizes=\"(max-width: 826px) 100vw, 826px\" \/><\/a><\/p>\n<p><span class=\"news_capital_letter\">B<\/span>RAS\u00cdLIA, DF (FOLHAPRESS) &#8211; A Segunda Turma do STF (Supremo Tribunal Federal) decidiu nesta ter\u00e7a-feira (30) manter o foro especial concedido ao senador Fl\u00e1vio Bolsonaro (PL-RJ) pela 3\u00aa C\u00e2mara Criminal do Tribunal de Justi\u00e7a do Rio de Janeiro.<\/p>\n<p>Assim, a corte avalizou, por 3 votos a 1, a decis\u00e3o de junho do ano passado de retirar a investiga\u00e7\u00e3o das m\u00e3os do juiz de primeira inst\u00e2ncia Fl\u00e1vio Itabaiana, que vinha dando decis\u00f5es duras contra o parlamentar.<\/p>\n<p>O magistrado, agora definitivamente afastado do processo, foi o respons\u00e1vel por ordens de quebra de sigilo e pela pris\u00e3o de Fabr\u00edcio Queiroz, acusado de ser o operador do esquema da &#8220;rachadinha&#8221; no gabinete de Fl\u00e1vio quando ele era deputado estadual.<\/p>\n<p>Pelo mesmo placar, o colegiado tamb\u00e9m atendeu a um pedido da defesa para anular quatro relat\u00f3rios de intelig\u00eancia financeira elaborados pelo Coaf (Conselho de Controle de Atividades Financeiras) que apontavam movimenta\u00e7\u00f5es at\u00edpicas em contas banc\u00e1rias de Fl\u00e1vio e seus funcion\u00e1rios.<\/p>\n<p>Esses documentos eram considerados fundamentais por investigadores do caso, assim como dados levantados em quebras de sigilo que foram anuladas pelo STJ (Superior Tribunal de Justi\u00e7a). Dessa forma, somadas as decis\u00f5es do STJ e do Supremo, as investiga\u00e7\u00f5es contra o filho do presidente praticamente ter\u00e3o de ser retomadas do in\u00edcio.<\/p>\n<p>Votaram nesse sentido os ministros Gilmar Mendes, Ricardo Lewandowski e Kassio Nunes Marques, enquanto Edson Fachin apresentou diverg\u00eancia.<\/p>\n<p>O Supremo se debru\u00e7ou sobre o tema nesta ter\u00e7a, 16 meses depois de o MP-RJ (Minist\u00e9rio P\u00fablico do Rio de Janeiro) ter apresentado recurso contra a decis\u00e3o do TJ-RJ. Nesse per\u00edodo, Fl\u00e1vio acumulou diversas vit\u00f3rias no STJ (Superior Tribunal de Justi\u00e7a) que esvaziaram as investiga\u00e7\u00f5es.<\/p>\n<p>Prevaleceu o voto de Gilmar Mendes, relator do caso. Ele defendeu a rejei\u00e7\u00e3o da a\u00e7\u00e3o sob o argumento de que o Supremo n\u00e3o poderia analisar o m\u00e9rito do recurso pelo fato de o MP-RJ ter perdido o prazo para recorrer na via adequada. Isso porque o \u00f3rg\u00e3o apresentou recurso ao pr\u00f3prio TJ-RJ fora do prazo previsto na lei.<\/p>\n<p>&#8220;Ocorreu a perda do prazo para recorrer. Essa situa\u00e7\u00e3o processual sugere que o MP busca um caminho processual considerado ileg\u00edtimo para reformar a decis\u00e3o&#8221;, disse Gilmar.<\/p>\n<p>O ministro tamb\u00e9m afirmou que o TJ-RJ n\u00e3o violou a jurisprud\u00eancia do STF, que restringiu o foro especial a autoridades a crimes cometidos durante o mandato e que tenham rela\u00e7\u00e3o com a fun\u00e7\u00e3o.<\/p>\n<p>O MP-RJ afirmava que, como Fl\u00e1vio n\u00e3o est\u00e1 mais no mandato em que teria cometido os delitos, seu caso deveria permanecer em primeira inst\u00e2ncia.<\/p>\n<p>Gilmar, por\u00e9m, defendeu que o Supremo s\u00f3 definiu a restri\u00e7\u00e3o do foro especial para integrantes do Congresso e que o caso de Fl\u00e1vio n\u00e3o deve ser atingido pela decis\u00e3o da corte porque, na \u00e9poca dos supostos crimes, ele era deputado estadual.<\/p>\n<p>&#8220;O STF debru\u00e7ou-se t\u00e3o somente sobre o alcance da compet\u00eancia do Supremo Tribunal Federal para processar e julgar parlamentares federais&#8221;, disse.<\/p>\n<p>O ministro aproveitou para criticar a decis\u00e3o que limitou o tratamento diferenciado na Justi\u00e7a a pessoas que ocupam mandato eletivo.<\/p>\n<p>&#8220;S\u00e3o justamente pontos cegos desse tipo que corroboram a tese de que a decis\u00e3o trouxe mais desacertos do que acertos. De todo modo, n\u00e3o \u00e9 poss\u00edvel extrair do paradigma indicado um direcionamento que se repute violado pela decis\u00e3o reclamada&#8221;, afirmou.<\/p>\n<p>Segundo o magistrado, &#8220;n\u00e3o h\u00e1 clareza quanto ao alcance do entendimento&#8221; definido pela corte. &#8220;No que concerne \u00e0 problem\u00e1tica do foro por prerrogativa de fun\u00e7\u00e3o no caso dos chamados &#8216;mandatos cruzados&#8217;, houve tamb\u00e9m uma indefini\u00e7\u00e3o quanto \u00e0 abrang\u00eancia do que fora decidido&#8221;, afirmou.<\/p>\n<p>Fachin divergiu do colega e afirmou que o TJ-RJ violou, sim, a ordem do Supremo que restringiu o foro especial de autoridades.<br \/>\n&#8220;Penso, considerada a ratio decidendi, n\u00e3o atender ao regime republicano que as outras cortes possam acolher entendimento diverso, para prorrogar, ad infinitum, o foro por prerrogativa de fun\u00e7\u00e3o&#8221;, disse.<\/p>\n<p>E concluiu: &#8220;Julgo procedente a reclama\u00e7\u00e3o, para cassar a decis\u00e3o reclamada, proferida pela 3\u00aa C\u00e2mara Criminal do Tribunal de Justi\u00e7a do Estado do Rio de Janeiro&#8221;.<\/p>\n<p>A subprocuradora-geral da Rep\u00fablica Maria Caetana Cintra Santos defendeu a manuten\u00e7\u00e3o do foro especial de Fl\u00e1vio Bolsonaro.<\/p>\n<p>&#8220;No caso em apre\u00e7o, o senador era parlamentar e continua sendo. N\u00e3o temos um ex-parlamentar, mas sim algu\u00e9m ainda parlamentar&#8221;, disse.<\/p>\n<p>Ela falou em nome da PGR (Procuradoria-Geral da Rep\u00fablica), que j\u00e1 havia se manifestado a favor do senador. O \u00f3rg\u00e3o \u00e9 chefiado por Augusto Aras, que foi indicado por Bolsonaro ao cargo e costuma se alinhar \u00e0s pautas do governo em temas sens\u00edveis.<\/p>\n<p>Em rela\u00e7\u00e3o ao trabalho do Coaf, os ministros mantiveram v\u00e1lido apenas o primeiro relat\u00f3rio, que tratava de transa\u00e7\u00f5es suspeitas de diversos deputados estaduais do Rio de Janeiro e funcion\u00e1rios do Legislativo local.<\/p>\n<p>Foi este documento que apontou movimenta\u00e7\u00e3o suspeita de R$ 1,2 milh\u00e3o na conta de Fabr\u00edcio Queiroz, acusado de ser o operador do esquema de arrecada\u00e7\u00e3o de sal\u00e1rios dos servidores de Fl\u00e1vio na Assembleia do RJ.<\/p>\n<p>Este relat\u00f3rio n\u00e3o mencionou Fl\u00e1vio Bolsonaro, mas citou o repasse de cheque de R$ 24 mil de Queiroz para Michele Bolsonaro, mulher do presidente Jair Bolsonaro.<\/p>\n<p>Os magistrados entenderam que o primeiro relat\u00f3rio \u00e9 legal e deve ser mantido por ser obriga\u00e7\u00e3o do conselho informar \u00e0s autoridades competentes a identifica\u00e7\u00e3o de movimenta\u00e7\u00f5es at\u00edpicas.<\/p>\n<p>A Segunda Turma, por\u00e9m, anulou os outros levantamentos sob o argumento de que foram solicitados pelo Minist\u00e9rio P\u00fablico antes mesmo de o \u00f3rg\u00e3o de acusa\u00e7\u00e3o formalizar a abertura de investiga\u00e7\u00e3o sobre o caso da &#8220;rachadinha&#8221;.<\/p>\n<p>&#8220;A primeira raz\u00e3o de nulidade est\u00e1 relacionada ao fato de a produ\u00e7\u00e3o de relat\u00f3rios por interc\u00e2mbio ter ocorrido sem que houvesse sido instaurado formalmente em face do paciente qualquer investiga\u00e7\u00e3o preliminar&#8221;, afirmou Gilmar.<\/p>\n<p>Segundo o ministro, ap\u00f3s o primeiro relat\u00f3rio espont\u00e2neo ter apresentado as movimenta\u00e7\u00f5es at\u00edpicas, o MP-RJ passou a investigar Fl\u00e1vio sem que houvesse um procedimento oficial instaurado, &#8220;o que somente ocorreu em 16 de mar\u00e7o de 2019, quase um ano ap\u00f3s o redirecionamento das apura\u00e7\u00f5es contra o paciente&#8221;.<\/p>\n<p>O ministro Kassio Nunes Marques concordou e criticou o fato de um dos relat\u00f3rios ter sido solicitado produzido quando Jair Bolsonaro, pai de Fl\u00e1vio, j\u00e1 tinha lan\u00e7ado sua candidatura \u00e0 Presid\u00eancia da Rep\u00fablica.<\/p>\n<p>O advogado Frederick Wassef n\u00e3o foi autorizado a ingressar nas instala\u00e7\u00f5es do STF na tarde desta ter\u00e7a-feira (30) por n\u00e3o apresentar o comprovante de vacina\u00e7\u00e3o, exigido a todos que frequentam o tribunal, conforme o artigo 4\u00ba da Resolu\u00e7\u00e3o 748\/2021. Informado pela seguran\u00e7a de que poderia participar de forma online da sess\u00e3o de julgamento, o advogado foi receptivo \u00e0s regras.<\/p>\n<p>Em entrevista a jornalistas no Senado, ao lado de Fl\u00e1vio, Wassef criticou duramente o Coaf, que ele descreveu como organiza\u00e7\u00e3o criminosa. Disse que o \u00f3rg\u00e3o extrapolou suas fun\u00e7\u00f5es e que investigou de maneira ilegal o filho do presidente da Rep\u00fablica.<\/p>\n<p>&#8220;O Coaf, no caso do senador Fl\u00e1vio Bolsonaro, agiu de maneira criminosa, encomendada. Hoje est\u00e1 no YouTube a leitura dos votos dos nobres ministros. Os ministros foram claros em afirmar que o Coaf e alguns membros do Minist\u00e9rio P\u00fablico foram usados para fins pol\u00edticos, de persegui\u00e7\u00e3o ao senador, que \u00e9 filho do presidente da Rep\u00fablica&#8221;, afirmou o advogado.<\/p>\n<p>Wassef tamb\u00e9m foi questionado sobre o epis\u00f3dio ocorrido no Supremo, quando ele foi barrado na entrada da corte. Fl\u00e1vio respondeu rapidamente que havia convidado seu advogado para assistir ao julgamento em seu gabinete. Dada a insist\u00eancia dos questionamentos, senador e advogado decidiram encerrar a entrevista.<\/p>\n<p>Fonte: <a href=\"https:\/\/www.noticiasaominuto.com.br\/politica\/1864973\/stf-mantem-foro-especial-de-flavio-bolsonaro-e-anula-provas-no-caso-rachadinha\" target=\"_blank\" rel=\"noopener\">Not\u00edcias ao Minuto<\/a><\/p>\n","protected":false},"excerpt":{"rendered":"<p>A corte avalizou, por 3 votos a 1, a decis\u00e3o de junho do ano passado de retirar a investiga\u00e7\u00e3o das m\u00e3os do juiz de primeira inst\u00e2ncia Fl\u00e1vio Itabaiana BRAS\u00cdLIA, DF (FOLHAPRESS) &#8211; A Segunda Turma do STF (Supremo Tribunal Federal) decidiu nesta ter\u00e7a-feira (30) manter o foro especial concedido ao senador Fl\u00e1vio Bolsonaro (PL-RJ) pela<a class=\"moretag\" href=\"http:\/\/sindiquimicabr.com.br\/index.php\/2021\/12\/01\/stf-mantem-foro-especial-de-flavio-bolsonaro-e-anula-provas-no-caso-rachadinha\/\"> [&#8230;]<\/a><\/p>\n","protected":false},"author":2,"featured_media":12653,"comment_status":"closed","ping_status":"closed","sticky":false,"template":"","format":"standard","meta":[],"categories":[10],"tags":[],"_links":{"self":[{"href":"http:\/\/sindiquimicabr.com.br\/index.php\/wp-json\/wp\/v2\/posts\/12651"}],"collection":[{"href":"http:\/\/sindiquimicabr.com.br\/index.php\/wp-json\/wp\/v2\/posts"}],"about":[{"href":"http:\/\/sindiquimicabr.com.br\/index.php\/wp-json\/wp\/v2\/types\/post"}],"author":[{"embeddable":true,"href":"http:\/\/sindiquimicabr.com.br\/index.php\/wp-json\/wp\/v2\/users\/2"}],"replies":[{"embeddable":true,"href":"http:\/\/sindiquimicabr.com.br\/index.php\/wp-json\/wp\/v2\/comments?post=12651"}],"version-history":[{"count":1,"href":"http:\/\/sindiquimicabr.com.br\/index.php\/wp-json\/wp\/v2\/posts\/12651\/revisions"}],"predecessor-version":[{"id":12654,"href":"http:\/\/sindiquimicabr.com.br\/index.php\/wp-json\/wp\/v2\/posts\/12651\/revisions\/12654"}],"wp:featuredmedia":[{"embeddable":true,"href":"http:\/\/sindiquimicabr.com.br\/index.php\/wp-json\/wp\/v2\/media\/12653"}],"wp:attachment":[{"href":"http:\/\/sindiquimicabr.com.br\/index.php\/wp-json\/wp\/v2\/media?parent=12651"}],"wp:term":[{"taxonomy":"category","embeddable":true,"href":"http:\/\/sindiquimicabr.com.br\/index.php\/wp-json\/wp\/v2\/categories?post=12651"},{"taxonomy":"post_tag","embeddable":true,"href":"http:\/\/sindiquimicabr.com.br\/index.php\/wp-json\/wp\/v2\/tags?post=12651"}],"curies":[{"name":"wp","href":"https:\/\/api.w.org\/{rel}","templated":true}]}}