{"id":12655,"date":"2021-12-01T11:26:03","date_gmt":"2021-12-01T11:26:03","guid":{"rendered":"http:\/\/sindiquimicabr.com.br\/?p=12655"},"modified":"2021-12-01T11:27:13","modified_gmt":"2021-12-01T11:27:13","slug":"taxa-de-desemprego-recua-no-3o-trimestre-de-2021-puxada-pelo-trabalho-informal","status":"publish","type":"post","link":"http:\/\/sindiquimicabr.com.br\/index.php\/2021\/12\/01\/taxa-de-desemprego-recua-no-3o-trimestre-de-2021-puxada-pelo-trabalho-informal\/","title":{"rendered":"Taxa de desemprego recua no 3\u00ba trimestre de 2021 puxada pelo trabalho informal"},"content":{"rendered":"<h4 style=\"text-align: justify;\">Mesmo com queda na desocupa\u00e7\u00e3o, desemprego ainda atinge 13,5 milh\u00f5es de pessoas. Dados s\u00e3o da Pesquisa Nacional por Amostra de Domic\u00edlios Cont\u00ednua (PNAD Cont\u00ednua) do IBGE<\/h4>\n<p style=\"text-align: justify;\"><a href=\"http:\/\/sindiquimicabr.com.br\/wp\/wp-content\/uploads\/2021\/12\/Taxa-de-desemprego.jpg\"><img decoding=\"async\" loading=\"lazy\" class=\"size-full wp-image-12659 alignnone\" src=\"http:\/\/sindiquimicabr.com.br\/wp\/wp-content\/uploads\/2021\/12\/Taxa-de-desemprego.jpg\" alt=\"\" width=\"454\" height=\"288\" srcset=\"http:\/\/sindiquimicabr.com.br\/wp\/wp-content\/uploads\/2021\/12\/Taxa-de-desemprego.jpg 454w, http:\/\/sindiquimicabr.com.br\/wp\/wp-content\/uploads\/2021\/12\/Taxa-de-desemprego-300x190.jpg 300w\" sizes=\"(max-width: 454px) 100vw, 454px\" \/><\/a><\/p>\n<p class=\"texto\" style=\"text-align: justify;\">Dados da Pesquisa Nacional por Amostra de Domic\u00edlios Cont\u00ednua (PNAD Cont\u00ednua), divulgada nesta ter\u00e7a-feira (30\/11) pelo Instituto Instituto Brasileiro de Geografia e Estat\u00edstica (IBGE) mostram que a taxa de desocupa\u00e7\u00e3o no Brasil recuou 1,6% do segundo para o terceiro trimestre este ano, ao atingir a marca de 12,6% nos meses de julho, agosto e setembro.<\/p>\n<p class=\"texto\" style=\"text-align: justify;\">Com isso, o\u00a0contingente de pessoas que buscam emprego no Brasil tamb\u00e9m caiu, mas ainda \u00e9 alto, j\u00e1 que\u00a013,5 milh\u00f5es de pessoas est\u00e3o desempregadas e em busca de um trabalho. Do outro lado, os ocupados chegaram a 93 milh\u00f5es, com crescimento de 4% entre um trimestre e outro, sendo que destes\u00a066,4% estavam empregados, 4,1% eram empregadores, 2,1% s\u00e3o trabalhadores familiares auxiliares e 27,4% pessoas que trabalhavam por conta pr\u00f3pria.<\/p>\n<p class=\"texto\" style=\"text-align: justify;\">\u201cNo terceiro trimestre, houve um processo significativo de crescimento da ocupa\u00e7\u00e3o, permitindo, inclusive, a redu\u00e7\u00e3o da popula\u00e7\u00e3o desocupada, que busca trabalho, como tamb\u00e9m da pr\u00f3pria popula\u00e7\u00e3o que estava fora da for\u00e7a de trabalho e nem buscava emprego\u201d, avaliou a coordenadora de Trabalho e Rendimento do IBGE, Adriana Beringuy.<\/p>\n<p class=\"texto\" style=\"text-align: justify;\">A queda na taxa de desocupa\u00e7\u00e3o vista nacionalmente \u00e9 reflexo da redu\u00e7\u00e3o do desemprego em todo pa\u00eds, j\u00e1 que em todas as regi\u00f5es foi poss\u00edvel observar diminui\u00e7\u00e3o da taxa de desocupa\u00e7\u00e3o.\u00a0As cidades que possuem maiores taxas de desocupa\u00e7\u00e3o s\u00e3o Bahia (18,7%),\u00a0Amap\u00e1 (17,5%) e Rio Grande do Norte (14,5%).<\/p>\n<p class=\"texto\" style=\"text-align: justify;\">Na an\u00e1lise do Minist\u00e9rio da Economia, o aumento da mobilidade e a da vacina\u00e7\u00e3o em massa da popula\u00e7\u00e3o brasileira proporcionam a retomada da atividade econ\u00f4mica. \u201cEssa din\u00e2mica se reflete no recuo da taxa de desocupa\u00e7\u00e3o\u201d, diz a conclus\u00e3o da nota informativa da Secretaria de Pol\u00edtica Econ\u00f4mica (SPE) da pasta.<\/p>\n<p class=\"texto\" style=\"text-align: justify;\">A expectativa da SPE \u00e9 que nos pr\u00f3ximos meses o n\u00edvel de ocupa\u00e7\u00e3o siga subindo, \u201cpuxado principalmente pelo aumento de participa\u00e7\u00e3o do mercado informal, al\u00e9m da tend\u00eancia positiva no mercado de trabalho formal\u201d.<\/p>\n<h3 style=\"text-align: justify;\">Perfil dos trabalhadores<\/h3>\n<p class=\"texto\" style=\"text-align: justify;\">A pesquisa do IBGE destaca que a informalidade responde por 54% do crescimento da ocupa\u00e7\u00e3o. Entre as categorias de emprego que mais cresceram do segundo para o terceiro trimestre deste ano est\u00e3o os empregados do setor privado sem carteira assinada (10,2%).<\/p>\n<p class=\"texto\" style=\"text-align: justify;\">Al\u00e9m disso, houve aumento de 9,2% no n\u00famero de trabalhadores dom\u00e9sticos, que chegou a 5,4 milh\u00f5es de pessoas. Mesmo assim, esse n\u00famero ainda \u00e9 menor se comparado ao per\u00edodo pr\u00e9-pandemia. No primeiro trimestre do ano passado, 6 milh\u00f5es de pessoas eram trabalhadores dom\u00e9sticos.<\/p>\n<p class=\"texto\" style=\"text-align: justify;\">Outra categoria que cresceu e atingiu o maior n\u00famero desde o in\u00edcio da s\u00e9rie hist\u00f3rica da pesquisa foram os trabalhadores por conta pr\u00f3pria, que s\u00e3o 25,5 milh\u00f5es de pessoas. Esse montante inclui os trabalhadores que n\u00e3o t\u00eam CNPJ, que cresceram 1,9% frente ao \u00faltimo trimestre.<\/p>\n<h3 style=\"text-align: justify;\"><strong>Rendimento m\u00e9dio<\/strong><\/h3>\n<p class=\"texto\" style=\"text-align: justify;\">Apesar do crescimento da ocupa\u00e7\u00e3o, o rendimento real habitual do brasileiro caiu 4% frente ao \u00faltimo trimestre e foi de R$2.459. A an\u00e1lise de Beringuy indica que o aumento da ocupa\u00e7\u00e3o foi puxado por postos de trabalho com sal\u00e1rios menores. \u201cH\u00e1 um crescimento em ocupa\u00e7\u00f5es com menores rendimentos e tamb\u00e9m h\u00e1 perda do poder de compra devido ao avan\u00e7o da infla\u00e7\u00e3o\u201d, avaliou a coordenadora.<\/p>\n<p style=\"text-align: justify;\">Fonte: <a href=\"https:\/\/www.correiobraziliense.com.br\/economia\/2021\/11\/4967048-taxa-de-desocupacao-recua-no-3-trimestre-de-2021-puxada-pelo-trabalho-informal.html\" target=\"_blank\" rel=\"noopener\">Correio Braziliense<\/a><\/p>\n","protected":false},"excerpt":{"rendered":"<p>Mesmo com queda na desocupa\u00e7\u00e3o, desemprego ainda atinge 13,5 milh\u00f5es de pessoas. Dados s\u00e3o da Pesquisa Nacional por Amostra de Domic\u00edlios Cont\u00ednua (PNAD Cont\u00ednua) do IBGE Dados da Pesquisa Nacional por Amostra de Domic\u00edlios Cont\u00ednua (PNAD Cont\u00ednua), divulgada nesta ter\u00e7a-feira (30\/11) pelo Instituto Instituto Brasileiro de Geografia e Estat\u00edstica (IBGE) mostram que a taxa de<a class=\"moretag\" href=\"http:\/\/sindiquimicabr.com.br\/index.php\/2021\/12\/01\/taxa-de-desemprego-recua-no-3o-trimestre-de-2021-puxada-pelo-trabalho-informal\/\"> [&#8230;]<\/a><\/p>\n","protected":false},"author":2,"featured_media":12659,"comment_status":"closed","ping_status":"closed","sticky":false,"template":"","format":"standard","meta":[],"categories":[2],"tags":[],"_links":{"self":[{"href":"http:\/\/sindiquimicabr.com.br\/index.php\/wp-json\/wp\/v2\/posts\/12655"}],"collection":[{"href":"http:\/\/sindiquimicabr.com.br\/index.php\/wp-json\/wp\/v2\/posts"}],"about":[{"href":"http:\/\/sindiquimicabr.com.br\/index.php\/wp-json\/wp\/v2\/types\/post"}],"author":[{"embeddable":true,"href":"http:\/\/sindiquimicabr.com.br\/index.php\/wp-json\/wp\/v2\/users\/2"}],"replies":[{"embeddable":true,"href":"http:\/\/sindiquimicabr.com.br\/index.php\/wp-json\/wp\/v2\/comments?post=12655"}],"version-history":[{"count":2,"href":"http:\/\/sindiquimicabr.com.br\/index.php\/wp-json\/wp\/v2\/posts\/12655\/revisions"}],"predecessor-version":[{"id":12661,"href":"http:\/\/sindiquimicabr.com.br\/index.php\/wp-json\/wp\/v2\/posts\/12655\/revisions\/12661"}],"wp:featuredmedia":[{"embeddable":true,"href":"http:\/\/sindiquimicabr.com.br\/index.php\/wp-json\/wp\/v2\/media\/12659"}],"wp:attachment":[{"href":"http:\/\/sindiquimicabr.com.br\/index.php\/wp-json\/wp\/v2\/media?parent=12655"}],"wp:term":[{"taxonomy":"category","embeddable":true,"href":"http:\/\/sindiquimicabr.com.br\/index.php\/wp-json\/wp\/v2\/categories?post=12655"},{"taxonomy":"post_tag","embeddable":true,"href":"http:\/\/sindiquimicabr.com.br\/index.php\/wp-json\/wp\/v2\/tags?post=12655"}],"curies":[{"name":"wp","href":"https:\/\/api.w.org\/{rel}","templated":true}]}}