{"id":12684,"date":"2021-12-02T12:10:08","date_gmt":"2021-12-02T12:10:08","guid":{"rendered":"http:\/\/sindiquimicabr.com.br\/?p=12684"},"modified":"2021-12-02T12:10:33","modified_gmt":"2021-12-02T12:10:33","slug":"terceiro-caso-da-variante-omicron-e-identificado-no-brasil","status":"publish","type":"post","link":"http:\/\/sindiquimicabr.com.br\/index.php\/2021\/12\/02\/terceiro-caso-da-variante-omicron-e-identificado-no-brasil\/","title":{"rendered":"Terceiro caso da variante \u00f4micron \u00e9 identificado no Brasil"},"content":{"rendered":"<h4 style=\"text-align: justify;\">Assim como os dois primeiros, caso foi identificado em S\u00e3o Paulo e \u00e9 de paciente proveniente da Eti\u00f3pia que desembarcou no Brasil no \u00faltimo final de semana<\/h4>\n<p style=\"text-align: justify;\"><a href=\"http:\/\/sindiquimicabr.com.br\/wp\/wp-content\/uploads\/2021\/12\/terceiro-caso.jpg\"><img decoding=\"async\" loading=\"lazy\" class=\"size-full wp-image-12686 alignnone\" src=\"http:\/\/sindiquimicabr.com.br\/wp\/wp-content\/uploads\/2021\/12\/terceiro-caso.jpg\" alt=\"\" width=\"454\" height=\"300\" srcset=\"http:\/\/sindiquimicabr.com.br\/wp\/wp-content\/uploads\/2021\/12\/terceiro-caso.jpg 454w, http:\/\/sindiquimicabr.com.br\/wp\/wp-content\/uploads\/2021\/12\/terceiro-caso-300x198.jpg 300w\" sizes=\"(max-width: 454px) 100vw, 454px\" \/><\/a><\/p>\n<p class=\"texto\" style=\"text-align: justify;\">O Instituto Adolfo Lutz e a Secretaria de Sa\u00fade de S\u00e3o Paulo confirmaram nesta quarta-feira (1\u00ba\/12) o terceiro caso da <a href=\"https:\/\/www.correiobraziliense.com.br\/cidades-df\/2021\/11\/4967088-df-investiga-possivel-caso-da-variante-omicron-em-homem-que-veio-da-africa-do-sul.html\" target=\"_blank\" rel=\"noopener noreferrer\">variante \u00f4micron<\/a> no Brasil. O paciente, que tem 29 anos, \u00e9 proveniente da Eti\u00f3pia e desembarcou no Brasil no \u00faltimo s\u00e1bado (27\/11).<\/p>\n<p class=\"texto\" style=\"text-align: justify;\">Segundo a secretaria, o passageiro n\u00e3o apresentava sintomas ao desembarcar no\u00a0pa\u00eds e foi testado ainda no aeroporto. O homem de 29 anos \u00e9\u00a0vacinado com as duas doses do imunizante da Pfizer e segue em isolamento, sem sintomas, desde o teste positivo.<\/p>\n<p class=\"texto\" style=\"text-align: justify;\">O sequenciamento gen\u00e9tico foi feito pelo Instituto Adolfo Lutz, que, na ter\u00e7a-feira (30), <a href=\"https:\/\/www.correiobraziliense.com.br\/brasil\/2021\/11\/4967151-instituto-adolfo-lutz-confirma-dois-casos-da-variante-omicron-no-brasil.html\" target=\"_blank\" rel=\"noopener noreferrer\">confirmou outros dois casos da variante<\/a>. Os dois primeiros casos da \u00f4micron no Brasil s\u00e3o referentes a um homem de 41 anos e uma mulher de 37 anos, que vieram da \u00c1frica do Sul.<\/p>\n<p class=\"texto\" style=\"text-align: justify;\">Ambos desembarcaram no Brasil em 23 de novembro e fizeram exames antes de embarcar novamente ao pa\u00eds africano, em 25 de novembro, quando apresentavam sintomas leves. O retorno foi impedido j\u00e1 que o resultado do teste RT-PCR, feito coletado no laborat\u00f3rio do Einstein instalado no Aeroporto Internacional de Guarulhos, deu positivo.<\/p>\n<p class=\"texto\" style=\"text-align: justify;\">Nesta quarta, a vigil\u00e2ncia municipal de S\u00e3o Paulo indicou que ambos os passageiros tamb\u00e9m estavam vacinados contra a covid-19, j\u00e1 que receberam o imunizante da Janssen na \u00c1frica do Sul. Ou seja, todos os casos da \u00f4micron identificados no Brasil s\u00e3o de pessoas que est\u00e3o vacinadas, mas isso n\u00e3o significa necessariamente que as vacinas n\u00e3o possuem efic\u00e1cia contra a nova cepa.<\/p>\n<p style=\"text-align: justify;\">Fonte: <a href=\"https:\/\/www.correiobraziliense.com.br\/brasil\/2021\/12\/4967296-terceiro-caso-da-variante-omicron-e-identificado-no-brasil.html\" target=\"_blank\" rel=\"noopener\">Correio Braziliense<\/a><\/p>\n","protected":false},"excerpt":{"rendered":"<p>Assim como os dois primeiros, caso foi identificado em S\u00e3o Paulo e \u00e9 de paciente proveniente da Eti\u00f3pia que desembarcou no Brasil no \u00faltimo final de semana O Instituto Adolfo Lutz e a Secretaria de Sa\u00fade de S\u00e3o Paulo confirmaram nesta quarta-feira (1\u00ba\/12) o terceiro caso da variante \u00f4micron no Brasil. O paciente, que tem<a class=\"moretag\" href=\"http:\/\/sindiquimicabr.com.br\/index.php\/2021\/12\/02\/terceiro-caso-da-variante-omicron-e-identificado-no-brasil\/\"> [&#8230;]<\/a><\/p>\n","protected":false},"author":2,"featured_media":12686,"comment_status":"closed","ping_status":"closed","sticky":false,"template":"","format":"standard","meta":[],"categories":[2],"tags":[],"_links":{"self":[{"href":"http:\/\/sindiquimicabr.com.br\/index.php\/wp-json\/wp\/v2\/posts\/12684"}],"collection":[{"href":"http:\/\/sindiquimicabr.com.br\/index.php\/wp-json\/wp\/v2\/posts"}],"about":[{"href":"http:\/\/sindiquimicabr.com.br\/index.php\/wp-json\/wp\/v2\/types\/post"}],"author":[{"embeddable":true,"href":"http:\/\/sindiquimicabr.com.br\/index.php\/wp-json\/wp\/v2\/users\/2"}],"replies":[{"embeddable":true,"href":"http:\/\/sindiquimicabr.com.br\/index.php\/wp-json\/wp\/v2\/comments?post=12684"}],"version-history":[{"count":2,"href":"http:\/\/sindiquimicabr.com.br\/index.php\/wp-json\/wp\/v2\/posts\/12684\/revisions"}],"predecessor-version":[{"id":12688,"href":"http:\/\/sindiquimicabr.com.br\/index.php\/wp-json\/wp\/v2\/posts\/12684\/revisions\/12688"}],"wp:featuredmedia":[{"embeddable":true,"href":"http:\/\/sindiquimicabr.com.br\/index.php\/wp-json\/wp\/v2\/media\/12686"}],"wp:attachment":[{"href":"http:\/\/sindiquimicabr.com.br\/index.php\/wp-json\/wp\/v2\/media?parent=12684"}],"wp:term":[{"taxonomy":"category","embeddable":true,"href":"http:\/\/sindiquimicabr.com.br\/index.php\/wp-json\/wp\/v2\/categories?post=12684"},{"taxonomy":"post_tag","embeddable":true,"href":"http:\/\/sindiquimicabr.com.br\/index.php\/wp-json\/wp\/v2\/tags?post=12684"}],"curies":[{"name":"wp","href":"https:\/\/api.w.org\/{rel}","templated":true}]}}