{"id":12696,"date":"2021-12-03T11:28:00","date_gmt":"2021-12-03T11:28:00","guid":{"rendered":"http:\/\/sindiquimicabr.com.br\/?p=12696"},"modified":"2021-12-03T11:49:52","modified_gmt":"2021-12-03T11:49:52","slug":"publicado-decreto-que-regulamenta-o-auxilio-gas","status":"publish","type":"post","link":"http:\/\/sindiquimicabr.com.br\/index.php\/2021\/12\/03\/publicado-decreto-que-regulamenta-o-auxilio-gas\/","title":{"rendered":"Publicado decreto que regulamenta o Aux\u00edlio G\u00e1s"},"content":{"rendered":"<h4 class=\"news-subheadline\">O Aux\u00edlio G\u00e1s \u00e9 destinado a aliviar o efeito do pre\u00e7o do g\u00e1s\u00a0 de cozinha, g\u00e1s liquefeito de petr\u00f3leo (GLP), sobre o or\u00e7amento das fam\u00edlias de baixa renda<\/h4>\n<div class=\"news-main-image \"><picture><source srcset=\"https:\/\/media-manager.noticiasaominuto.com.br\/640\/naom_60ba5539ef768.jpg\" media=\"(max-width: 640px)\" \/><source srcset=\"https:\/\/media-manager.noticiasaominuto.com.br\/960\/naom_60ba5539ef768.jpg\" media=\"(max-width: 960px)\" \/><img decoding=\"async\" class=\"img-responsive \" src=\"https:\/\/media-manager.noticiasaominuto.com.br\/1920\/naom_60ba5539ef768.jpg\" alt=\"Publicado decreto que regulamenta o Aux\u00edlio G\u00e1s\" \/> <\/picture><\/div>\n<div class=\"row\">\n<div class=\"col-lg-12 col-md-12 col-sm-6 col-xs-6\"><\/div>\n<\/div>\n<div class=\"row news-main-text-container\">\n<div class=\"col-lg-12 col-md-12 col-sm-12 col-xs-12\">\n<div class=\"news-main-text\">\n<p style=\"text-align: justify;\"><span class=\"news_capital_letter\">O<\/span> decreto que regulamenta a Lei n\u00ba 14.237, de 19 de novembro de 2021, que instituiu o Aux\u00edlio G\u00e1s, foi assinado nessa quinta-feira (2) pelo presidente da Rep\u00fablica, Jair Bolsonaro, e publicado no <em>Di\u00e1rio Oficial da Uni\u00e3o<\/em>, nesta sexta-feira (3).<\/p>\n<p style=\"text-align: justify;\">As fam\u00edlias beneficiadas ter\u00e3o direito, a cada dois meses, a um valor equivalente a 50% da m\u00e9dia do pre\u00e7o nacional de refer\u00eancia do botij\u00e3o de 13 quilos (kg) dos \u00faltimos seis meses. Esse pre\u00e7o de refer\u00eancia ser\u00e1 estabelecido pela Ag\u00eancia Nacional do Petr\u00f3leo, G\u00e1s Natural e Biocombust\u00edveis (ANP).<\/p>\n<p style=\"text-align: justify;\">O Aux\u00edlio G\u00e1s \u00e9 destinado a aliviar o efeito do pre\u00e7o do g\u00e1s\u00a0 de cozinha, g\u00e1s liquefeito de petr\u00f3leo (GLP), sobre o or\u00e7amento das fam\u00edlias de baixa renda. O aux\u00edlio ser\u00e1 concedido \u00e0s fam\u00edlias inscritas no Cadastro \u00danico para Programas Sociais cuja renda familiar mensal per capita for igual ou inferior a meio sal\u00e1rio-m\u00ednimo e \u00e0s fam\u00edlias que tenham entre seus membros quem receba o Benef\u00edcio de Presta\u00e7\u00e3o Continuada (BPC).<\/p>\n<p style=\"text-align: justify;\">De acordo com a lei regulamentada, o aux\u00edlio ser\u00e1 tamb\u00e9m concedido, preferencialmente, \u00e0s fam\u00edlias com mulheres v\u00edtimas de viol\u00eancia dom\u00e9stica que estejam sob o monitoramento de medidas protetivas de urg\u00eancia. O decreto que regulamenta a lei esclarece que a concess\u00e3o preferencial ser\u00e1 realizada a partir do acesso a informa\u00e7\u00f5es constantes de banco de dados mantido pelo Conselho Nacional de Justi\u00e7a.<\/p>\n<p style=\"text-align: justify;\">&#8220;N\u00e3o se pode negar a import\u00e2ncia dessa prioriza\u00e7\u00e3o, visto que muitas vezes tal p\u00fablico passa pelo agravamento de sua condi\u00e7\u00e3o financeira dado o afastamento do agressor do lar e a consequente subtra\u00e7\u00e3o de sua contribui\u00e7\u00e3o na renda da fam\u00edlia. Assim, a previs\u00e3o busca facilitar o acesso de mulheres em situa\u00e7\u00e3o de viol\u00eancia \u00e0 transfer\u00eancia de valores financeiros que contribuir\u00e3o com despesas da fam\u00edlia&#8221;, diz a nota publicada pela Secretaria-Geral da Presid\u00eancia da Rep\u00fablica.<\/p>\n<p style=\"text-align: justify;\">O decreto viabiliza tamb\u00e9m a implanta\u00e7\u00e3o do benef\u00edcio a partir de dezembro de 2021, uma vez que pretende-se diminuir o efeito do pre\u00e7o do g\u00e1s de cozinha sobre o or\u00e7amento das fam\u00edlias de baixa renda, tendo\u00a0 em vista o pa\u00eds passar por um momento de dificuldade econ\u00f4mica, em consequ\u00eancia da pandemia do covid-19.<\/p>\n<\/div>\n<\/div>\n<p>Fonte: <a href=\"https:\/\/www.noticiasaominuto.com.br\/economia\/1865629\/publicado-decreto-que-regulamenta-o-auxilio-gas\">Noticias ao Minuto<\/a><\/p>\n<\/div>\n","protected":false},"excerpt":{"rendered":"<p>O Aux\u00edlio G\u00e1s \u00e9 destinado a aliviar o efeito do pre\u00e7o do g\u00e1s\u00a0 de cozinha, g\u00e1s liquefeito de petr\u00f3leo (GLP), sobre o or\u00e7amento das fam\u00edlias de baixa renda O decreto que regulamenta a Lei n\u00ba 14.237, de 19 de novembro de 2021, que instituiu o Aux\u00edlio G\u00e1s, foi assinado nessa quinta-feira (2) pelo presidente da<a class=\"moretag\" href=\"http:\/\/sindiquimicabr.com.br\/index.php\/2021\/12\/03\/publicado-decreto-que-regulamenta-o-auxilio-gas\/\"> [&#8230;]<\/a><\/p>\n","protected":false},"author":2,"featured_media":12697,"comment_status":"closed","ping_status":"closed","sticky":false,"template":"","format":"standard","meta":[],"categories":[9],"tags":[],"_links":{"self":[{"href":"http:\/\/sindiquimicabr.com.br\/index.php\/wp-json\/wp\/v2\/posts\/12696"}],"collection":[{"href":"http:\/\/sindiquimicabr.com.br\/index.php\/wp-json\/wp\/v2\/posts"}],"about":[{"href":"http:\/\/sindiquimicabr.com.br\/index.php\/wp-json\/wp\/v2\/types\/post"}],"author":[{"embeddable":true,"href":"http:\/\/sindiquimicabr.com.br\/index.php\/wp-json\/wp\/v2\/users\/2"}],"replies":[{"embeddable":true,"href":"http:\/\/sindiquimicabr.com.br\/index.php\/wp-json\/wp\/v2\/comments?post=12696"}],"version-history":[{"count":1,"href":"http:\/\/sindiquimicabr.com.br\/index.php\/wp-json\/wp\/v2\/posts\/12696\/revisions"}],"predecessor-version":[{"id":12698,"href":"http:\/\/sindiquimicabr.com.br\/index.php\/wp-json\/wp\/v2\/posts\/12696\/revisions\/12698"}],"wp:featuredmedia":[{"embeddable":true,"href":"http:\/\/sindiquimicabr.com.br\/index.php\/wp-json\/wp\/v2\/media\/12697"}],"wp:attachment":[{"href":"http:\/\/sindiquimicabr.com.br\/index.php\/wp-json\/wp\/v2\/media?parent=12696"}],"wp:term":[{"taxonomy":"category","embeddable":true,"href":"http:\/\/sindiquimicabr.com.br\/index.php\/wp-json\/wp\/v2\/categories?post=12696"},{"taxonomy":"post_tag","embeddable":true,"href":"http:\/\/sindiquimicabr.com.br\/index.php\/wp-json\/wp\/v2\/tags?post=12696"}],"curies":[{"name":"wp","href":"https:\/\/api.w.org\/{rel}","templated":true}]}}