{"id":12730,"date":"2021-12-06T11:49:55","date_gmt":"2021-12-06T11:49:55","guid":{"rendered":"http:\/\/sindiquimicabr.com.br\/?p=12730"},"modified":"2021-12-06T13:57:15","modified_gmt":"2021-12-06T13:57:15","slug":"brasil-registra-68-mortes-por-covid-em-24-h-e-mais-de-4-000-casos","status":"publish","type":"post","link":"http:\/\/sindiquimicabr.com.br\/index.php\/2021\/12\/06\/brasil-registra-68-mortes-por-covid-em-24-h-e-mais-de-4-000-casos\/","title":{"rendered":"Brasil registra 68 mortes por Covid em 24 h e mais de 4.000 casos"},"content":{"rendered":"<h4 class=\"news-subheadline\" style=\"text-align: justify;\">Pelo segundo dia seguido a m\u00e9dia de \u00f3bitos, que leva em conta os \u00faltimos sete dias, fica abaixo de 200 por dia, chegando a 194<\/h4>\n<p style=\"text-align: justify;\"><a href=\"http:\/\/sindiquimicabr.com.br\/wp\/wp-content\/uploads\/2021\/12\/Brasil-registra-68-mortes-por-Covid-em-24-h-e-mais-de-4.000-casos.jpg\"><img decoding=\"async\" loading=\"lazy\" class=\"alignleft size-full wp-image-12733\" src=\"http:\/\/sindiquimicabr.com.br\/wp\/wp-content\/uploads\/2021\/12\/Brasil-registra-68-mortes-por-Covid-em-24-h-e-mais-de-4.000-casos.jpg\" alt=\"\" width=\"1920\" height=\"1080\" srcset=\"http:\/\/sindiquimicabr.com.br\/wp\/wp-content\/uploads\/2021\/12\/Brasil-registra-68-mortes-por-Covid-em-24-h-e-mais-de-4.000-casos.jpg 1920w, http:\/\/sindiquimicabr.com.br\/wp\/wp-content\/uploads\/2021\/12\/Brasil-registra-68-mortes-por-Covid-em-24-h-e-mais-de-4.000-casos-300x169.jpg 300w, http:\/\/sindiquimicabr.com.br\/wp\/wp-content\/uploads\/2021\/12\/Brasil-registra-68-mortes-por-Covid-em-24-h-e-mais-de-4.000-casos-1024x576.jpg 1024w, http:\/\/sindiquimicabr.com.br\/wp\/wp-content\/uploads\/2021\/12\/Brasil-registra-68-mortes-por-Covid-em-24-h-e-mais-de-4.000-casos-768x432.jpg 768w, http:\/\/sindiquimicabr.com.br\/wp\/wp-content\/uploads\/2021\/12\/Brasil-registra-68-mortes-por-Covid-em-24-h-e-mais-de-4.000-casos-1536x864.jpg 1536w\" sizes=\"(max-width: 1920px) 100vw, 1920px\" \/><\/a><\/p>\n<p style=\"text-align: justify;\">S\u00c3O PAULO, SP (FOLHAPRESS) &#8211; O Brasil registrou 68 mortes por Covid e 4.623 casos da doen\u00e7a, neste domingo (5). Com isso, o pa\u00eds chegou a 615.674 vidas perdidas e a 22.140.599 pessoas infectadas pelo Sars-CoV-2 desde o in\u00edcio da pandemia.<\/p>\n<p style=\"text-align: justify;\">Pelo segundo dia seguido a m\u00e9dia de \u00f3bitos, que leva em conta os \u00faltimos sete dias, fica abaixo de 200 por dia, chegando a 194. A m\u00e9dia de infec\u00e7\u00f5es \u00e9 de 8.837 di\u00e1rias.<\/p>\n<p style=\"text-align: justify;\">Acre, Amap\u00e1, Distrito Federal, Esp\u00edrito Santo, Mato Grosso do Sul, Mato Grosso, Rio Grande do Norte, Rond\u00f4nia, Roraima, Sergipe e Tocantins n\u00e3o registraram mortes ou n\u00e3o divulgaram os dados.<\/p>\n<p style=\"text-align: justify;\">Os dados do pa\u00eds, coletados at\u00e9 20h, s\u00e3o fruto de colabora\u00e7\u00e3o entre Folha, UOL, O Estado de S. Paulo, Extra, O Globo e G1 para reunir e divulgar os n\u00fameros relativos \u00e0 pandemia do novo coronav\u00edrus. As informa\u00e7\u00f5es s\u00e3o recolhidas pelo cons\u00f3rcio de ve\u00edculos de imprensa diariamente com as Secretarias de Sa\u00fade estaduais.<\/p>\n<p style=\"text-align: justify;\">Os dados da vacina\u00e7\u00e3o contra a Covid-19, tamb\u00e9m coletados pelo cons\u00f3rcio, foram atualizados em 15 estados e no Distrito Federal.<\/p>\n<p style=\"text-align: justify;\">O Brasil registrou 41.795 doses de vacinas contra Covid-19, neste domingo, de acordo com dados das secretarias estaduais de Sa\u00fade. Como houve registro negativo de Piau\u00ed e Rond\u00f4nia, foram identificadas -27.419 primeiras doses e 26.097 segundas doses. Al\u00e9m disso, foram registradas -62 doses \u00fanicas e 43.179 doses de refor\u00e7o.<\/p>\n<p style=\"text-align: justify;\">Ao todo, 159.611.326 pessoas receberam pelo menos a primeira dose de uma vacina contra a Covid no Brasil \u2013132.085.468 delas j\u00e1 receberam a segunda dose do imunizante. Somadas as doses \u00fanicas da vacina da Janssen contra a Covid, j\u00e1 s\u00e3o 136.666.885 pessoas com as duas doses ou com uma dose da vacina da Janssen.<\/p>\n<p style=\"text-align: justify;\">Assim, o pa\u00eds j\u00e1 tem 74,82% da popula\u00e7\u00e3o com a 1\u00aa dose e 64,07% dos brasileiros com as duas doses ou com uma dose da vacina da Janssen. Considerando somente a popula\u00e7\u00e3o adulta, os valores s\u00e3o, respectivamente, de 98,47% e 84,31%.<\/p>\n<p style=\"text-align: justify;\">Mesmo quem recebeu as duas doses ou uma dose da vacina da Janssen deve manter cuidados b\u00e1sicos, como uso de m\u00e1scara e distanciamento social, afirmam especialistas<\/p>\n<p style=\"text-align: justify;\">A iniciativa do cons\u00f3rcio de ve\u00edculos de imprensa ocorreu em resposta \u00e0s atitudes do governo Jair Bolsonaro (sem partido), que amea\u00e7ou sonegar dados, atrasou boletins sobre a doen\u00e7a e tirou informa\u00e7\u00f5es do ar, com a interrup\u00e7\u00e3o da divulga\u00e7\u00e3o dos totais de casos e mortes. Al\u00e9m disso, o governo divulgou dados conflitantes.<\/p>\n<p style=\"text-align: justify;\">Fonte: <a href=\"https:\/\/www.noticiasaominuto.com.br\/brasil\/1866263\/brasil-registra-68-mortes-por-covid-em-24-h-e-mais-de-4000-casos\" target=\"_blank\" rel=\"noopener\">Not\u00edcias ao Minuto<\/a><\/p>\n","protected":false},"excerpt":{"rendered":"<p>Pelo segundo dia seguido a m\u00e9dia de \u00f3bitos, que leva em conta os \u00faltimos sete dias, fica abaixo de 200 por dia, chegando a 194 S\u00c3O PAULO, SP (FOLHAPRESS) &#8211; O Brasil registrou 68 mortes por Covid e 4.623 casos da doen\u00e7a, neste domingo (5). Com isso, o pa\u00eds chegou a 615.674 vidas perdidas e<a class=\"moretag\" href=\"http:\/\/sindiquimicabr.com.br\/index.php\/2021\/12\/06\/brasil-registra-68-mortes-por-covid-em-24-h-e-mais-de-4-000-casos\/\"> [&#8230;]<\/a><\/p>\n","protected":false},"author":2,"featured_media":12733,"comment_status":"closed","ping_status":"closed","sticky":false,"template":"","format":"standard","meta":[],"categories":[9],"tags":[],"_links":{"self":[{"href":"http:\/\/sindiquimicabr.com.br\/index.php\/wp-json\/wp\/v2\/posts\/12730"}],"collection":[{"href":"http:\/\/sindiquimicabr.com.br\/index.php\/wp-json\/wp\/v2\/posts"}],"about":[{"href":"http:\/\/sindiquimicabr.com.br\/index.php\/wp-json\/wp\/v2\/types\/post"}],"author":[{"embeddable":true,"href":"http:\/\/sindiquimicabr.com.br\/index.php\/wp-json\/wp\/v2\/users\/2"}],"replies":[{"embeddable":true,"href":"http:\/\/sindiquimicabr.com.br\/index.php\/wp-json\/wp\/v2\/comments?post=12730"}],"version-history":[{"count":3,"href":"http:\/\/sindiquimicabr.com.br\/index.php\/wp-json\/wp\/v2\/posts\/12730\/revisions"}],"predecessor-version":[{"id":12739,"href":"http:\/\/sindiquimicabr.com.br\/index.php\/wp-json\/wp\/v2\/posts\/12730\/revisions\/12739"}],"wp:featuredmedia":[{"embeddable":true,"href":"http:\/\/sindiquimicabr.com.br\/index.php\/wp-json\/wp\/v2\/media\/12733"}],"wp:attachment":[{"href":"http:\/\/sindiquimicabr.com.br\/index.php\/wp-json\/wp\/v2\/media?parent=12730"}],"wp:term":[{"taxonomy":"category","embeddable":true,"href":"http:\/\/sindiquimicabr.com.br\/index.php\/wp-json\/wp\/v2\/categories?post=12730"},{"taxonomy":"post_tag","embeddable":true,"href":"http:\/\/sindiquimicabr.com.br\/index.php\/wp-json\/wp\/v2\/tags?post=12730"}],"curies":[{"name":"wp","href":"https:\/\/api.w.org\/{rel}","templated":true}]}}