{"id":1276,"date":"2016-05-24T13:53:35","date_gmt":"2016-05-24T13:53:35","guid":{"rendered":"http:\/\/sindiquimicabr.com.br\/?p=1276"},"modified":"2016-06-02T14:27:13","modified_gmt":"2016-06-02T14:27:13","slug":"para-especialistas-desemprego-so-deve-cair-no-2o-semestre-de-2017","status":"publish","type":"post","link":"http:\/\/sindiquimicabr.com.br\/index.php\/2016\/05\/24\/para-especialistas-desemprego-so-deve-cair-no-2o-semestre-de-2017\/","title":{"rendered":"Para especialistas, desemprego s\u00f3 deve cair no 2\u00ba semestre de 2017"},"content":{"rendered":"<h4 class=\"headline\">Em reuni\u00f5es com centrais sindicais no in\u00edcio desta semana, Meirelles mostrou uma previs\u00e3o at\u00e9 mais pessimista<\/h4>\n<p><a href=\"http:\/\/sindiquimicabr.com.br\/wp\/wp-content\/uploads\/2016\/05\/desemprego-s\u00f3-deve-cair-no-2\u00ba-semestre-de-2017.jpg\"><img decoding=\"async\" loading=\"lazy\" class=\"alignnone size-full wp-image-1277\" src=\"http:\/\/sindiquimicabr.com.br\/wp\/wp-content\/uploads\/2016\/05\/desemprego-s\u00f3-deve-cair-no-2\u00ba-semestre-de-2017.jpg\" alt=\"desemprego s\u00f3 deve cair no 2\u00ba semestre de 2017\" width=\"1370\" height=\"587\" srcset=\"http:\/\/sindiquimicabr.com.br\/wp\/wp-content\/uploads\/2016\/05\/desemprego-s\u00f3-deve-cair-no-2\u00ba-semestre-de-2017.jpg 1370w, http:\/\/sindiquimicabr.com.br\/wp\/wp-content\/uploads\/2016\/05\/desemprego-s\u00f3-deve-cair-no-2\u00ba-semestre-de-2017-300x129.jpg 300w, http:\/\/sindiquimicabr.com.br\/wp\/wp-content\/uploads\/2016\/05\/desemprego-s\u00f3-deve-cair-no-2\u00ba-semestre-de-2017-768x329.jpg 768w, http:\/\/sindiquimicabr.com.br\/wp\/wp-content\/uploads\/2016\/05\/desemprego-s\u00f3-deve-cair-no-2\u00ba-semestre-de-2017-1024x439.jpg 1024w\" sizes=\"(max-width: 1370px) 100vw, 1370px\" \/><\/a><\/p>\n<p><span class=\"mainText\">Ainda que medidas do governo Temer possam evitar que a taxa de desemprego atinja 14% em 2016, conforme sugeriu o ministro da Fazenda, Henrique Meirelles, especialistas avaliam que, mesmo com um in\u00edcio da recupera\u00e7\u00e3o da economia este ano, o n\u00edvel de desocupa\u00e7\u00e3o s\u00f3 deve come\u00e7ar a cair no segundo semestre de 2017. A taxa &#8211; que chegou a 10,9% no primeiro trimestre e j\u00e1 \u00e9 a maior observada pela Pesquisa Nacional por Amostra de Domic\u00edlios (Pnad) Cont\u00ednua &#8211; deve ultrapassar 12,0% em 2016 e pode chegar ao pico de 13,9% em 2017, de acordo com analistas consultados pelo Broadcast, servi\u00e7o em tempo real da Ag\u00eancia Estado.<\/span><\/p>\n<p>Para os especialistas, a demora na rea\u00e7\u00e3o do mercado de trabalho se deve a uma premissa econ\u00f4mica: a atividade deve avan\u00e7ar em um primeiro momento, para s\u00f3 depois haver uma gera\u00e7\u00e3o de emprego mais sustent\u00e1vel. Segundo eles, este atraso ocorre porque, para as empresas, o custo de contratar ou demitir \u00e9 alto. Os empres\u00e1rios preferem, portanto, estar seguros quanto aos rumos da economia para abrir ou fechar postos de trabalho.<\/p>\n<p>&#8220;Quando a atividade econ\u00f4mica come\u00e7ar a melhorar, as empresas v\u00e3o preferir fazer hora extra com seus funcion\u00e1rios atuais e, quando n\u00e3o houver mais condi\u00e7\u00e3o de atender \u00e0 demanda, ter\u00e3o de contratar&#8221;, explica o economista Luiz Fernando Castelli, da consultoria GO Associados. Segundo suas estimativas, o ano de 2016 terminar\u00e1 com uma taxa de desocupa\u00e7\u00e3o a 12%, chegando a 12,5% no segundo semestre do ano que vem e come\u00e7ando a cair a partir da\u00ed.<\/p>\n<p>Em reuni\u00f5es com centrais sindicais no in\u00edcio desta semana, Meirelles mostrou uma previs\u00e3o at\u00e9 mais pessimista. Para ele, caso a confian\u00e7a dos agentes econ\u00f4micos n\u00e3o seja restaurada, a desocupa\u00e7\u00e3o do Pa\u00eds pode chegar a 14% ainda este ano. Depois, em entrevista, o ministro garantiu que o governo vai tomar medidas necess\u00e1rias para evitar que a taxa chegue a este n\u00edvel.<\/p>\n<p>O presidente em exerc\u00edcio Michel Temer havia afirmado em seu primeiro discurso, na \u00faltima quinta-feira, que a redu\u00e7\u00e3o do desemprego \u00e9 seu maior objetivo. Para isso, o governo aposta no Programa de Parcerias de Investimentos (PPI), que deve ser lan\u00e7ado nos pr\u00f3ximos dias. O projeto tem como meta destravar as concess\u00f5es, privatiza\u00e7\u00f5es e parcerias p\u00fablico-privadas de infraestrutura como forma de criar empregos e gerar renda.<\/p>\n<p>O ex-ministro Moreira Franco (PMDB-RJ), que \u00e9 o secret\u00e1rio-executivo do PPI, defendeu que os investimentos nesta \u00e1rea t\u00eam potencial de gerar tr\u00eas vezes mais vagas do que os realizados no setor produtivo, embora n\u00e3o tenha explicitado ainda quantos empregos o programa pode gerar.<\/p>\n<p>M\u00e1rcio Salvato, professor e coordenador do curso de economia do Ibmec\/MG, acredita na possibilidade na cria\u00e7\u00e3o de postos de trabalho por meio do PPI, mas pondera que os reflexos s\u00f3 devem ser vistos na taxa de desemprego no longo prazo. &#8220;O desemprego n\u00e3o vai cair imediatamente. Na verdade, \u00e9 o contr\u00e1rio. Muitas pessoas que estavam fora da PEA (Popula\u00e7\u00e3o Economicamente Ativa) devem voltar a procurar emprego porque sentem que h\u00e1 mais vagas, o que deve refletir no aumento das taxas por um per\u00edodo&#8221;, explica. Para Salvato, o desemprego medido pela Pnad Cont\u00ednua deve chegar ao pico de 13,0% em outubro deste ano e girar neste n\u00edvel por alguns meses.<\/p>\n<p>O economista Thiago Curado, da 4E Consultoria, tamb\u00e9m alerta para o aumento da PEA por causa da chegada de mais pessoas ao mercado de trabalho. &#8220;A PEA est\u00e1 crescendo em ritmo mais r\u00e1pido do que a economia \u00e9 capaz de incorporar&#8221;, afirma. A 4E espera que a taxa de desemprego suba para 13,1% em dezembro de 2016, chegando ao pico de 13,9% em setembro do ano que vem.<\/p>\n<p>Fonte: <a href=\"https:\/\/www.noticiasaominuto.com.br\/economia\/228252\/para-especialistas-desemprego-so-deve-cair-no-2-semestre-de-2017\" target=\"_blank\">Not\u00edcias ao Minuto<\/a><\/p>\n","protected":false},"excerpt":{"rendered":"<p>Em reuni\u00f5es com centrais sindicais no in\u00edcio desta semana, Meirelles mostrou uma previs\u00e3o at\u00e9 mais pessimista Ainda que medidas do governo Temer possam evitar que a taxa de desemprego atinja 14% em 2016, conforme sugeriu o ministro da Fazenda, Henrique Meirelles, especialistas avaliam que, mesmo com um in\u00edcio da recupera\u00e7\u00e3o da economia este ano, o<a class=\"moretag\" href=\"http:\/\/sindiquimicabr.com.br\/index.php\/2016\/05\/24\/para-especialistas-desemprego-so-deve-cair-no-2o-semestre-de-2017\/\"> [&#8230;]<\/a><\/p>\n","protected":false},"author":2,"featured_media":1277,"comment_status":"closed","ping_status":"closed","sticky":false,"template":"","format":"standard","meta":[],"categories":[10],"tags":[],"_links":{"self":[{"href":"http:\/\/sindiquimicabr.com.br\/index.php\/wp-json\/wp\/v2\/posts\/1276"}],"collection":[{"href":"http:\/\/sindiquimicabr.com.br\/index.php\/wp-json\/wp\/v2\/posts"}],"about":[{"href":"http:\/\/sindiquimicabr.com.br\/index.php\/wp-json\/wp\/v2\/types\/post"}],"author":[{"embeddable":true,"href":"http:\/\/sindiquimicabr.com.br\/index.php\/wp-json\/wp\/v2\/users\/2"}],"replies":[{"embeddable":true,"href":"http:\/\/sindiquimicabr.com.br\/index.php\/wp-json\/wp\/v2\/comments?post=1276"}],"version-history":[{"count":1,"href":"http:\/\/sindiquimicabr.com.br\/index.php\/wp-json\/wp\/v2\/posts\/1276\/revisions"}],"predecessor-version":[{"id":1278,"href":"http:\/\/sindiquimicabr.com.br\/index.php\/wp-json\/wp\/v2\/posts\/1276\/revisions\/1278"}],"wp:featuredmedia":[{"embeddable":true,"href":"http:\/\/sindiquimicabr.com.br\/index.php\/wp-json\/wp\/v2\/media\/1277"}],"wp:attachment":[{"href":"http:\/\/sindiquimicabr.com.br\/index.php\/wp-json\/wp\/v2\/media?parent=1276"}],"wp:term":[{"taxonomy":"category","embeddable":true,"href":"http:\/\/sindiquimicabr.com.br\/index.php\/wp-json\/wp\/v2\/categories?post=1276"},{"taxonomy":"post_tag","embeddable":true,"href":"http:\/\/sindiquimicabr.com.br\/index.php\/wp-json\/wp\/v2\/tags?post=1276"}],"curies":[{"name":"wp","href":"https:\/\/api.w.org\/{rel}","templated":true}]}}