{"id":12780,"date":"2021-12-09T11:14:43","date_gmt":"2021-12-09T11:14:43","guid":{"rendered":"http:\/\/sindiquimicabr.com.br\/?p=12780"},"modified":"2021-12-09T13:05:06","modified_gmt":"2021-12-09T13:05:06","slug":"covid-19-anvisa-aprova-medidas-sanitarias-para-navios-de-carga","status":"publish","type":"post","link":"http:\/\/sindiquimicabr.com.br\/index.php\/2021\/12\/09\/covid-19-anvisa-aprova-medidas-sanitarias-para-navios-de-carga\/","title":{"rendered":"Covid-19: Anvisa aprova medidas sanit\u00e1rias para navios de carga"},"content":{"rendered":"<h4 class=\"news-subheadline\">Por meio de nota, a Anvisa informou que&nbsp;o objetivo \u00e9 refor\u00e7ar a\u00e7\u00f5es de enfrentamento \u00e0 covid-19 no pa\u00eds, sobretudo diante da circula\u00e7\u00e3o da variante \u00d4micron<\/h4>\n<div class=\"news-main-image \"><picture><source srcset=\"https:\/\/media-manager.noticiasaominuto.com.br\/640\/naom_5ecfaa327cd3a.jpg\" media=\"(max-width: 640px)\"><source srcset=\"https:\/\/media-manager.noticiasaominuto.com.br\/960\/naom_5ecfaa327cd3a.jpg\" media=\"(max-width: 960px)\"><img decoding=\"async\" class=\"img-responsive \" src=\"https:\/\/media-manager.noticiasaominuto.com.br\/1920\/naom_5ecfaa327cd3a.jpg\" alt=\"Covid-19: Anvisa aprova medidas sanit\u00e1rias para navios de carga\"> <\/picture><\/div>\n<div class=\"row\">\n<div class=\"col-lg-12 col-md-12 col-sm-6 col-xs-6\"><\/div>\n<\/div>\n<div class=\"row news-info-container no-margin\">\n<div class=\"col-lg-6 col-md-6 col-sm-6 hidden-xs no-padding\">\n<div class=\"news-social\"><\/div>\n<\/div>\n<\/div>\n<div class=\"row news-main-text-container\">\n<div class=\"col-lg-12 col-md-12 col-sm-12 col-xs-12\">\n<div class=\"news-main-text\">\n<p style=\"text-align: justify;\"><span class=\"news_capital_letter\">A<\/span> diretoria colegiada da Ag\u00eancia Nacional de Vigil\u00e2ncia Sanit\u00e1ria (Anvisa) aprovou nesta&nbsp;<span id=\"OBJ_PREFIX_DWT140_com_zimbra_date\" role=\"link\">quarta<\/span>-feira (8), por unanimidade, uma proposta que trata de medidas sanit\u00e1rias para a opera\u00e7\u00e3o e para o embarque e desembarque de plataformas e de embarca\u00e7\u00f5es de carga em portos brasileiros.<\/p>\n<p style=\"text-align: justify;\">Por meio de nota, a Anvisa informou que&nbsp;o objetivo \u00e9 refor\u00e7ar a\u00e7\u00f5es de enfrentamento \u00e0 covid-19 no pa\u00eds, sobretudo diante da circula\u00e7\u00e3o da variante \u00d4micron, com aten\u00e7\u00e3o especial ao embarque e desembarque de tripulantes nos portos brasileiros.<\/p>\n<p style=\"text-align: justify;\">De acordo com o texto aprovado, antes de&nbsp;dar acesso a embarca\u00e7\u00f5es e plataformas, os respons\u00e1veis legais dever\u00e3o exigir de tripulantes, fornecedores e profissionais da comunidade portu\u00e1ria o cumprimento de v\u00e1rios requisitos sanit\u00e1rios, incluindo a apresenta\u00e7\u00e3o de comprovante de vacina\u00e7\u00e3o completa contra a covid-19.<\/p>\n<p style=\"text-align: justify;\">Para o relator da mat\u00e9ria, diretor Alex Machado Campos, a ag\u00eancia considerou a imuniza\u00e7\u00e3o \u201cprinc\u00edpio balizador das medidas sanit\u00e1rias para a opera\u00e7\u00e3o e para o embarque e desembarque de plataformas situadas em \u00e1guas jurisdicionais brasileiras e de embarca\u00e7\u00f5es de carga\u201d.<\/p>\n<p style=\"text-align: justify;\">Tamb\u00e9m dever\u00e1 ser exigida a comprova\u00e7\u00e3o da realiza\u00e7\u00e3o de teste laboratorial do tipo RT-PCR ou RT-LAMP (testes moleculares usados para diagn\u00f3stico) com resultado negativo, realizado 72 horas antes do momento do embarque. Poder\u00e1 ser aceito&nbsp;resultado n\u00e3o reagente por teste r\u00e1pido de ant\u00edgeno (IgG e&nbsp;IgM) feito com 24 horas de anteced\u00eancia da viagem.<\/p>\n<p style=\"text-align: justify;\">Al\u00e9m disso, a norma prev\u00ea a realiza\u00e7\u00e3o de triagem pr\u00e9-embarque para identifica\u00e7\u00e3o de sintomas da doen\u00e7a.<\/p>\n<p style=\"text-align: justify;\">A proposta trata ainda de medidas preventivas \u00e0 covid-19 j\u00e1 amplamente divulgadas, como a higieniza\u00e7\u00e3o das m\u00e3os, o distanciamento social e o uso de m\u00e1scaras faciais. Tamb\u00e9m h\u00e1 itens relacionados a protocolos de limpeza, desinfec\u00e7\u00e3o e de gerenciamento de res\u00edduos s\u00f3lidos nas embarca\u00e7\u00f5es.<\/p>\n<p style=\"text-align: justify;\">O texto prev\u00ea o estabelecimento de planos de conting\u00eancia e a notifica\u00e7\u00e3o de casos suspeitos e&nbsp;con\ufb01rmados&nbsp;da doen\u00e7a \u00e0 Anvisa. De acordo com a norma, ap\u00f3s a identifica\u00e7\u00e3o de um caso nas embarca\u00e7\u00f5es, todos a bordo ser\u00e3o considerados contatos do caso confirmado e passar\u00e3o a ser monitorados.<\/p>\n<p style=\"text-align: justify;\">O anexo da proposta da Anvisa traz op\u00e7\u00f5es envolvendo mudan\u00e7a da tripula\u00e7\u00e3o, quarentena em trabalho ou quarentena da embarca\u00e7\u00e3o para gerenciar embarca\u00e7\u00f5es com um ou mais casos de covid-19.<\/p>\n<p style=\"text-align: justify;\">Os itens ser\u00e3o de escolha facultada ao respons\u00e1vel legal pela embarca\u00e7\u00e3o, que deve levar em considera\u00e7\u00e3o a localiza\u00e7\u00e3o do porto, o itiner\u00e1rio, a disponibilidade de tripula\u00e7\u00e3o alternativa e a capacidade operacional e de log\u00edstica necess\u00e1rias. A op\u00e7\u00e3o escolhida deve ser previamente aprovada pela unidade da ag\u00eancia respons\u00e1vel pelo porto.<\/p>\n<\/div>\n<\/div>\n<p>Fonte:<a href=\"https:\/\/www.noticiasaominuto.com.br\/ultima-hora\/1867197\/covid-19-anvisa-aprova-medidas-sanitarias-para-navios-de-carga\"> Noticias ao Minuto<\/a><\/p>\n<\/div>\n","protected":false},"excerpt":{"rendered":"<p>Por meio de nota, a Anvisa informou que&nbsp;o objetivo \u00e9 refor\u00e7ar a\u00e7\u00f5es de enfrentamento \u00e0 covid-19 no pa\u00eds, sobretudo diante da circula\u00e7\u00e3o da variante \u00d4micron A diretoria colegiada da Ag\u00eancia Nacional de Vigil\u00e2ncia Sanit\u00e1ria (Anvisa) aprovou nesta&nbsp;quarta-feira (8), por unanimidade, uma proposta que trata de medidas sanit\u00e1rias para a opera\u00e7\u00e3o e para o embarque e<a class=\"moretag\" href=\"http:\/\/sindiquimicabr.com.br\/index.php\/2021\/12\/09\/covid-19-anvisa-aprova-medidas-sanitarias-para-navios-de-carga\/\"> [&#8230;]<\/a><\/p>\n","protected":false},"author":2,"featured_media":12799,"comment_status":"closed","ping_status":"closed","sticky":false,"template":"","format":"standard","meta":[],"categories":[9],"tags":[],"_links":{"self":[{"href":"http:\/\/sindiquimicabr.com.br\/index.php\/wp-json\/wp\/v2\/posts\/12780"}],"collection":[{"href":"http:\/\/sindiquimicabr.com.br\/index.php\/wp-json\/wp\/v2\/posts"}],"about":[{"href":"http:\/\/sindiquimicabr.com.br\/index.php\/wp-json\/wp\/v2\/types\/post"}],"author":[{"embeddable":true,"href":"http:\/\/sindiquimicabr.com.br\/index.php\/wp-json\/wp\/v2\/users\/2"}],"replies":[{"embeddable":true,"href":"http:\/\/sindiquimicabr.com.br\/index.php\/wp-json\/wp\/v2\/comments?post=12780"}],"version-history":[{"count":2,"href":"http:\/\/sindiquimicabr.com.br\/index.php\/wp-json\/wp\/v2\/posts\/12780\/revisions"}],"predecessor-version":[{"id":12800,"href":"http:\/\/sindiquimicabr.com.br\/index.php\/wp-json\/wp\/v2\/posts\/12780\/revisions\/12800"}],"wp:featuredmedia":[{"embeddable":true,"href":"http:\/\/sindiquimicabr.com.br\/index.php\/wp-json\/wp\/v2\/media\/12799"}],"wp:attachment":[{"href":"http:\/\/sindiquimicabr.com.br\/index.php\/wp-json\/wp\/v2\/media?parent=12780"}],"wp:term":[{"taxonomy":"category","embeddable":true,"href":"http:\/\/sindiquimicabr.com.br\/index.php\/wp-json\/wp\/v2\/categories?post=12780"},{"taxonomy":"post_tag","embeddable":true,"href":"http:\/\/sindiquimicabr.com.br\/index.php\/wp-json\/wp\/v2\/tags?post=12780"}],"curies":[{"name":"wp","href":"https:\/\/api.w.org\/{rel}","templated":true}]}}