{"id":12785,"date":"2021-12-09T11:20:16","date_gmt":"2021-12-09T11:20:16","guid":{"rendered":"http:\/\/sindiquimicabr.com.br\/?p=12785"},"modified":"2021-12-09T11:23:44","modified_gmt":"2021-12-09T11:23:44","slug":"o-sintoma-nada-comum-da-omicron-nas-criancas-de-que-quase-ninguem-fala","status":"publish","type":"post","link":"http:\/\/sindiquimicabr.com.br\/index.php\/2021\/12\/09\/o-sintoma-nada-comum-da-omicron-nas-criancas-de-que-quase-ninguem-fala\/","title":{"rendered":"O sintoma nada comum da \u00d4micron nas crian\u00e7as de que (quase) ningu\u00e9m fala"},"content":{"rendered":"<h4 class=\"news-subheadline\">M\u00e9dico brit\u00e2nico diz que 15% das crian\u00e7as vistas por ele apresentavam manchas e que os casos est\u00e3o duplicando rapidamente.<\/h4>\n<div class=\"news-main-image \"><picture><source srcset=\"https:\/\/media-manager.noticiasaominuto.com.br\/640\/naom_61a9ccc0ac9bf.jpg\" media=\"(max-width: 640px)\" \/><source srcset=\"https:\/\/media-manager.noticiasaominuto.com.br\/960\/naom_61a9ccc0ac9bf.jpg\" media=\"(max-width: 960px)\" \/><img decoding=\"async\" class=\"img-responsive \" src=\"https:\/\/media-manager.noticiasaominuto.com.br\/1920\/naom_61a9ccc0ac9bf.jpg\" alt=\"O sintoma nada comum da \u00d4micron nas crian\u00e7as de que (quase) ningu\u00e9m fala\" \/> <\/picture><\/div>\n<div class=\"row news-main-text-container\">\n<div class=\"col-lg-12 col-md-12 col-sm-12 col-xs-12\">\n<div class=\"news-main-text\">\n<p style=\"text-align: justify;\"><span class=\"news_capital_letter\">A<\/span>lgumas crian\u00e7as est\u00e3o desenvolvendo erup\u00e7\u00f5es cut\u00e2neas quando s\u00e3o infectadas pela nova estirpe do v\u00edrus SARS-CoV-2, designada \u00d4micron, avisa o m\u00e9dico brit\u00e2nico David Llyod, em declara\u00e7\u00f5es \u00e0 Sky News.<\/p>\n<p style=\"text-align: justify;\">Llyod diz que 15% das crian\u00e7as vistos por ele apresentavam manchas e que os casos est\u00e3o duplicando rapidamente. De acordo com o perito, as crian\u00e7as tamb\u00e9m apresentavam fadiga, dores de cabe\u00e7a e perda de apetite, \u00e0 semelhan\u00e7a do que se verifica em adultos.<\/p>\n<p style=\"text-align: justify;\">Na semana passada, recorde-se que Angelique Coetzee, a m\u00e9dica sul-africana que detectou pela primeira vez relatou que os efeitos da variante B1.1.529 eram mais leves. Segundo Coetzee, os sintomas iniciais de quem contrai uma infec\u00e7\u00e3o relacionada s\u00e3o diferentes dos associados \u00e0 variante Delta, identificada pela primeira vez na \u00cdndia. Os doentes queixam-se de fadiga extrema, dores de cabe\u00e7a e sentem a garganta arranhada.<\/p>\n<p style=\"text-align: justify;\">A variante \u00d4micron, classificada como &#8220;preocupante&#8221; pela Organiza\u00e7\u00e3o Mundial da Sa\u00fade, foi detectada na \u00c1frica Austral, mas desde que as autoridades sanit\u00e1rias sul-africanas deram o alerta, em 24 de novembro, foram notificadas infec\u00e7\u00f5es em 57 pa\u00edses de todos os continentes, incluindo Brasil. Esta variante apresenta 32 muta\u00e7\u00f5es (ou seja, o dobro das da variante Delta) na prote\u00edna spike, que se liga \u00e0 prote\u00edna ACE2 na superf\u00edcie das c\u00e9lulas.<\/p>\n<\/div>\n<\/div>\n<p>Fonte: <a href=\"https:\/\/www.noticiasaominuto.com.br\/lifestyle\/1867265\/o-sintoma-nada-comum-da-micron-nas-crianas-de-que-quase-ningum-fala\">Noticias ao Minuto<\/a><\/p>\n<\/div>\n","protected":false},"excerpt":{"rendered":"<p>M\u00e9dico brit\u00e2nico diz que 15% das crian\u00e7as vistas por ele apresentavam manchas e que os casos est\u00e3o duplicando rapidamente. Algumas crian\u00e7as est\u00e3o desenvolvendo erup\u00e7\u00f5es cut\u00e2neas quando s\u00e3o infectadas pela nova estirpe do v\u00edrus SARS-CoV-2, designada \u00d4micron, avisa o m\u00e9dico brit\u00e2nico David Llyod, em declara\u00e7\u00f5es \u00e0 Sky News. Llyod diz que 15% das crian\u00e7as vistos por<a class=\"moretag\" href=\"http:\/\/sindiquimicabr.com.br\/index.php\/2021\/12\/09\/o-sintoma-nada-comum-da-omicron-nas-criancas-de-que-quase-ninguem-fala\/\"> [&#8230;]<\/a><\/p>\n","protected":false},"author":2,"featured_media":12793,"comment_status":"closed","ping_status":"closed","sticky":false,"template":"","format":"standard","meta":[],"categories":[9],"tags":[],"_links":{"self":[{"href":"http:\/\/sindiquimicabr.com.br\/index.php\/wp-json\/wp\/v2\/posts\/12785"}],"collection":[{"href":"http:\/\/sindiquimicabr.com.br\/index.php\/wp-json\/wp\/v2\/posts"}],"about":[{"href":"http:\/\/sindiquimicabr.com.br\/index.php\/wp-json\/wp\/v2\/types\/post"}],"author":[{"embeddable":true,"href":"http:\/\/sindiquimicabr.com.br\/index.php\/wp-json\/wp\/v2\/users\/2"}],"replies":[{"embeddable":true,"href":"http:\/\/sindiquimicabr.com.br\/index.php\/wp-json\/wp\/v2\/comments?post=12785"}],"version-history":[{"count":2,"href":"http:\/\/sindiquimicabr.com.br\/index.php\/wp-json\/wp\/v2\/posts\/12785\/revisions"}],"predecessor-version":[{"id":12792,"href":"http:\/\/sindiquimicabr.com.br\/index.php\/wp-json\/wp\/v2\/posts\/12785\/revisions\/12792"}],"wp:featuredmedia":[{"embeddable":true,"href":"http:\/\/sindiquimicabr.com.br\/index.php\/wp-json\/wp\/v2\/media\/12793"}],"wp:attachment":[{"href":"http:\/\/sindiquimicabr.com.br\/index.php\/wp-json\/wp\/v2\/media?parent=12785"}],"wp:term":[{"taxonomy":"category","embeddable":true,"href":"http:\/\/sindiquimicabr.com.br\/index.php\/wp-json\/wp\/v2\/categories?post=12785"},{"taxonomy":"post_tag","embeddable":true,"href":"http:\/\/sindiquimicabr.com.br\/index.php\/wp-json\/wp\/v2\/tags?post=12785"}],"curies":[{"name":"wp","href":"https:\/\/api.w.org\/{rel}","templated":true}]}}